{"id":27750,"date":"2024-11-27T07:22:00","date_gmt":"2024-11-27T06:22:00","guid":{"rendered":"https:\/\/www.ladiagonale.net\/?p=27750"},"modified":"2024-11-27T13:13:19","modified_gmt":"2024-11-27T12:13:19","slug":"la-plus-haute-ambition","status":"publish","type":"post","link":"https:\/\/www.ladiagonale.net\/index.php\/2024\/11\/27\/la-plus-haute-ambition\/","title":{"rendered":"La plus haute ambition"},"content":{"rendered":"\n\n\n<p><strong>Ce mercredi, l\u2019AS Monaco re\u00e7oit Benfica pour la 5<sup>e<\/sup> journ\u00e9e de Ligue des champions. Une rencontre qui pourrait d\u2019une part lui permettre d\u2019ent\u00e9riner une qualification pour les barrages, mais qui pourrait surtout lui donner des ailes.<\/strong><\/p>\n\n\n\n<p>Avec Monaco, la prudence est de mise. On ne parlera pas des r\u00eaves de titre en Ligue 1, quelque peu refroidis \u00e0 l\u2019occasion d\u2019une mauvaise passe entre octobre et novembre avec quatre points pris qui l\u2019ont d\u00e9croch\u00e9 du PSG. On pourra en revanche parler de ce top 24 qui se profile en Ligue des champions et qui permettra d\u2019assurer un avenir europ\u00e9en avec un passage par les barrages. Actuellement, l\u2019ASM poss\u00e8de 99,7% de chances d\u2019y parvenir gr\u00e2ce \u00e0 ses 10 points en banque et une invincibilit\u00e9 dont peu d\u2019\u00e9quipes peuvent se targuer. Le contrat est donc quasiment rempli, mais malgr\u00e9 tout, les porte-voix du club de la Principaut\u00e9 continuent de s\u2019exprimer avec une certaine pond\u00e9ration.&nbsp;\u00ab&nbsp;<em>Nous sommes dans une bonne position mais nous pouvons r\u00e9ussir un grand pas (vers la qualification) en cas de victoire<\/em>&nbsp;\u00bb, a donc d\u00e9clar\u00e9 Adi H\u00fctter.<\/p>\n\n\n\n<p>L\u2019Autrichien a voulu laisser la pression de l\u2019autre c\u00f4t\u00e9 du vestiaire, plut\u00f4t du c\u00f4t\u00e9 de celui portugais et de son prochain adversaire, mais alors que le niveau va commencer \u00e0 s\u2019\u00e9lever s\u00e9rieusement, Monaco peut aller chasser plus haut, c\u2019est-\u00e0-dire un top 8. Apr\u00e8s des premi\u00e8res journ\u00e9es parfois balbutiantes, certaines grosses cylindr\u00e9es commencent \u00e0 trouver leur rythme de croisi\u00e8re et il ne faut pas croire que l\u2019ASM va pouvoir atteindre ce seuil ais\u00e9ment. Et d&rsquo;ailleurs, peut-\u00eatre n&rsquo;y arrivera-t-elle pas, mais \u00e0 mi-parcours, elle se doit d\u2019en avoir l\u2019ambition, alors qu&rsquo;on per\u00e7oit encore chez elle une ambivalence, celle de la grenouille qui ne veut pas se faire plus grosse que le b\u0153uf. Une victoire face \u00e0 Benfica pourrait lui permettre d&rsquo;accomplir une partie de ce chemin et avec encore trois matches restants, face \u00e0 des \u00e9quipes qui sont autant de concurrents directs \u00e0 ce top 8.<\/p>\n\n\n\n<p>C\u2019est aussi cette prudence qui a pouss\u00e9 Adi H\u00fctter \u00e0 ne pas vouloir confirmer la pr\u00e9sence ou non de Folarin Balogun dans le groupe. Celui-ci sera annonc\u00e9 dans la journ\u00e9e, histoire de se laisser un maximum de temps pour prendre une d\u00e9cision, et l\u2019attaquant am\u00e9ricain pourrait faire son retour comme il pourrait rester encore quelques jours \u00e0 l\u2019\u00e9cart pour se r\u00e9habituer \u00e0 la dimension physique de son sport. \u00c0 vrai dire, pas grand-chose ne se mettrait en travers d\u2019un retour, puisqu\u2019il avait d\u00e9j\u00e0 re\u00e7u le \u00ab&nbsp;feu vert&nbsp;\u00bb du staff m\u00e9dical pour Brest, mais son entra\u00eeneur semble, lui, encore r\u00e9ticent \u00e0 l\u2019utiliser un mois et demi apr\u00e8s sa luxation de l\u2019\u00e9paule gauche, \u00e0 Rennes. Il en aurait pourtant bien besoin. Breel Embolo continue de s&rsquo;enfoncer match apr\u00e8s match et George Ilenikhena ne semble pas encore afficher toutes les garanties, \u00e0 seulement 18 ans. M\u00eame si Monaco peut s&rsquo;appuyer sur ses milieux ou ses d\u00e9fenseurs pour marquer, il n&rsquo;est pas certain qu&rsquo;il ait le luxe de pouvoir se passer de lui plus longtemps.<\/p>\n","protected":false},"excerpt":{"rendered":"<p>Ce mercredi, l\u2019AS Monaco re\u00e7oit Benfica pour la 5e journ\u00e9e de Ligue des champions. Une rencontre qui pourrait d\u2019une part lui permettre d\u2019ent\u00e9riner une qualification pour les barrages, mais qui pourrait surtout lui donner des ailes. Avec Monaco, la prudence est de mise. On ne parlera pas des r\u00eaves de titre en Ligue 1, quelque [&#8230;]\n","protected":false},"author":2,"featured_media":27751,"comment_status":"open","ping_status":"open","sticky":false,"template":"","format":"standard","meta":[],"categories":[5,6],"tags":[86,287,948],"yoast_head":"<!-- This site is optimized with the Yoast SEO plugin v19.8 - https:\/\/yoast.com\/wordpress\/plugins\/seo\/ -->\n<title>La plus haute ambition - La Diagonale<\/title>\n<meta name=\"robots\" content=\"index, follow, max-snippet:-1, max-image-preview:large, max-video-preview:-1\" \/>\n<link rel=\"canonical\" href=\"https:\/\/www.ladiagonale.net\/index.php\/2024\/11\/27\/la-plus-haute-ambition\/\" \/>\n<meta property=\"og:locale\" content=\"fr_FR\" \/>\n<meta property=\"og:type\" content=\"article\" \/>\n<meta property=\"og:title\" content=\"La plus haute ambition - La Diagonale\" \/>\n<meta property=\"og:description\" content=\"Ce mercredi, l\u2019AS Monaco re\u00e7oit Benfica pour la 5e journ\u00e9e de Ligue des champions. Une rencontre qui pourrait d\u2019une part lui permettre d\u2019ent\u00e9riner une qualification pour les barrages, mais qui pourrait surtout lui donner des ailes. Avec Monaco, la prudence est de mise. On ne parlera pas des r\u00eaves de titre en Ligue 1, quelque [...]\" \/>\n<meta property=\"og:url\" content=\"https:\/\/www.ladiagonale.net\/index.php\/2024\/11\/27\/la-plus-haute-ambition\/\" \/>\n<meta property=\"og:site_name\" content=\"La Diagonale\" \/>\n<meta property=\"article:published_time\" content=\"2024-11-27T06:22:00+00:00\" \/>\n<meta property=\"article:modified_time\" content=\"2024-11-27T12:13:19+00:00\" \/>\n<meta property=\"og:image\" content=\"https:\/\/www.ladiagonale.net\/wp-content\/uploads\/2024\/11\/Balogun-barc\u0327a.png\" \/>\n\t<meta property=\"og:image:width\" content=\"1160\" \/>\n\t<meta property=\"og:image:height\" content=\"650\" \/>\n\t<meta property=\"og:image:type\" content=\"image\/png\" \/>\n<meta name=\"author\" content=\"Damien Dellerba\" \/>\n<meta name=\"twitter:card\" content=\"summary_large_image\" \/>\n<meta name=\"twitter:image\" content=\"https:\/\/www.ladiagonale.net\/wp-content\/uploads\/2024\/11\/Balogun-barc\u0327a.png\" \/>\n<meta name=\"twitter:label1\" content=\"\u00c9crit par\" \/>\n\t<meta name=\"twitter:data1\" content=\"Damien Dellerba\" \/>\n\t<meta name=\"twitter:label2\" content=\"Dur\u00e9e de lecture estim\u00e9e\" \/>\n\t<meta name=\"twitter:data2\" content=\"3 minutes\" \/>\n<script type=\"application\/ld+json\" class=\"yoast-schema-graph\">{\"@context\":\"https:\/\/schema.org\",\"@graph\":[{\"@type\":\"WebPage\",\"@id\":\"https:\/\/www.ladiagonale.net\/index.php\/2024\/11\/27\/la-plus-haute-ambition\/\",\"url\":\"https:\/\/www.ladiagonale.net\/index.php\/2024\/11\/27\/la-plus-haute-ambition\/\",\"name\":\"La plus haute ambition - La Diagonale\",\"isPartOf\":{\"@id\":\"https:\/\/www.ladiagonale.net\/#website\"},\"datePublished\":\"2024-11-27T06:22:00+00:00\",\"dateModified\":\"2024-11-27T12:13:19+00:00\",\"author\":{\"@id\":\"https:\/\/www.ladiagonale.net\/#\/schema\/person\/79ff1e7b0853ed01b2aa26e64ad300bf\"},\"breadcrumb\":{\"@id\":\"https:\/\/www.ladiagonale.net\/index.php\/2024\/11\/27\/la-plus-haute-ambition\/#breadcrumb\"},\"inLanguage\":\"fr-FR\",\"potentialAction\":[{\"@type\":\"ReadAction\",\"target\":[\"https:\/\/www.ladiagonale.net\/index.php\/2024\/11\/27\/la-plus-haute-ambition\/\"]}]},{\"@type\":\"BreadcrumbList\",\"@id\":\"https:\/\/www.ladiagonale.net\/index.php\/2024\/11\/27\/la-plus-haute-ambition\/#breadcrumb\",\"itemListElement\":[{\"@type\":\"ListItem\",\"position\":1,\"name\":\"Accueil\",\"item\":\"https:\/\/www.ladiagonale.net\/\"},{\"@type\":\"ListItem\",\"position\":2,\"name\":\"La plus haute ambition\"}]},{\"@type\":\"WebSite\",\"@id\":\"https:\/\/www.ladiagonale.net\/#website\",\"url\":\"https:\/\/www.ladiagonale.net\/\",\"name\":\"La Diagonale\",\"description\":\"Le site des supporters de l&#039;AS Monaco FC\",\"potentialAction\":[{\"@type\":\"SearchAction\",\"target\":{\"@type\":\"EntryPoint\",\"urlTemplate\":\"https:\/\/www.ladiagonale.net\/?s={search_term_string}\"},\"query-input\":\"required name=search_term_string\"}],\"inLanguage\":\"fr-FR\"},{\"@type\":\"Person\",\"@id\":\"https:\/\/www.ladiagonale.net\/#\/schema\/person\/79ff1e7b0853ed01b2aa26e64ad300bf\",\"name\":\"Damien Dellerba\",\"image\":{\"@type\":\"ImageObject\",\"inLanguage\":\"fr-FR\",\"@id\":\"https:\/\/www.ladiagonale.net\/#\/schema\/person\/image\/\",\"url\":\"https:\/\/secure.gravatar.com\/avatar\/c7850e06d3ff63cdbaee88b7fc16e2f0?s=96&d=mm&r=g\",\"contentUrl\":\"https:\/\/secure.gravatar.com\/avatar\/c7850e06d3ff63cdbaee88b7fc16e2f0?s=96&d=mm&r=g\",\"caption\":\"Damien Dellerba\"},\"url\":\"https:\/\/www.ladiagonale.net\/index.php\/author\/damien\/\"}]}<\/script>\n<!-- \/ Yoast SEO plugin. -->","yoast_head_json":{"title":"La plus haute ambition - La Diagonale","robots":{"index":"index","follow":"follow","max-snippet":"max-snippet:-1","max-image-preview":"max-image-preview:large","max-video-preview":"max-video-preview:-1"},"canonical":"https:\/\/www.ladiagonale.net\/index.php\/2024\/11\/27\/la-plus-haute-ambition\/","og_locale":"fr_FR","og_type":"article","og_title":"La plus haute ambition - La Diagonale","og_description":"Ce mercredi, l\u2019AS Monaco re\u00e7oit Benfica pour la 5e journ\u00e9e de Ligue des champions. Une rencontre qui pourrait d\u2019une part lui permettre d\u2019ent\u00e9riner une qualification pour les barrages, mais qui pourrait surtout lui donner des ailes. Avec Monaco, la prudence est de mise. On ne parlera pas des r\u00eaves de titre en Ligue 1, quelque [...]","og_url":"https:\/\/www.ladiagonale.net\/index.php\/2024\/11\/27\/la-plus-haute-ambition\/","og_site_name":"La Diagonale","article_published_time":"2024-11-27T06:22:00+00:00","article_modified_time":"2024-11-27T12:13:19+00:00","og_image":[{"width":1160,"height":650,"url":"https:\/\/www.ladiagonale.net\/wp-content\/uploads\/2024\/11\/Balogun-barc\u0327a.png","type":"image\/png"}],"author":"Damien Dellerba","twitter_card":"summary_large_image","twitter_image":"https:\/\/www.ladiagonale.net\/wp-content\/uploads\/2024\/11\/Balogun-barc\u0327a.png","twitter_misc":{"\u00c9crit par":"Damien Dellerba","Dur\u00e9e de lecture estim\u00e9e":"3 minutes"},"schema":{"@context":"https:\/\/schema.org","@graph":[{"@type":"WebPage","@id":"https:\/\/www.ladiagonale.net\/index.php\/2024\/11\/27\/la-plus-haute-ambition\/","url":"https:\/\/www.ladiagonale.net\/index.php\/2024\/11\/27\/la-plus-haute-ambition\/","name":"La plus haute ambition - La Diagonale","isPartOf":{"@id":"https:\/\/www.ladiagonale.net\/#website"},"datePublished":"2024-11-27T06:22:00+00:00","dateModified":"2024-11-27T12:13:19+00:00","author":{"@id":"https:\/\/www.ladiagonale.net\/#\/schema\/person\/79ff1e7b0853ed01b2aa26e64ad300bf"},"breadcrumb":{"@id":"https:\/\/www.ladiagonale.net\/index.php\/2024\/11\/27\/la-plus-haute-ambition\/#breadcrumb"},"inLanguage":"fr-FR","potentialAction":[{"@type":"ReadAction","target":["https:\/\/www.ladiagonale.net\/index.php\/2024\/11\/27\/la-plus-haute-ambition\/"]}]},{"@type":"BreadcrumbList","@id":"https:\/\/www.ladiagonale.net\/index.php\/2024\/11\/27\/la-plus-haute-ambition\/#breadcrumb","itemListElement":[{"@type":"ListItem","position":1,"name":"Accueil","item":"https:\/\/www.ladiagonale.net\/"},{"@type":"ListItem","position":2,"name":"La plus haute ambition"}]},{"@type":"WebSite","@id":"https:\/\/www.ladiagonale.net\/#website","url":"https:\/\/www.ladiagonale.net\/","name":"La Diagonale","description":"Le site des supporters de l&#039;AS Monaco FC","potentialAction":[{"@type":"SearchAction","target":{"@type":"EntryPoint","urlTemplate":"https:\/\/www.ladiagonale.net\/?s={search_term_string}"},"query-input":"required name=search_term_string"}],"inLanguage":"fr-FR"},{"@type":"Person","@id":"https:\/\/www.ladiagonale.net\/#\/schema\/person\/79ff1e7b0853ed01b2aa26e64ad300bf","name":"Damien Dellerba","image":{"@type":"ImageObject","inLanguage":"fr-FR","@id":"https:\/\/www.ladiagonale.net\/#\/schema\/person\/image\/","url":"https:\/\/secure.gravatar.com\/avatar\/c7850e06d3ff63cdbaee88b7fc16e2f0?s=96&d=mm&r=g","contentUrl":"https:\/\/secure.gravatar.com\/avatar\/c7850e06d3ff63cdbaee88b7fc16e2f0?s=96&d=mm&r=g","caption":"Damien Dellerba"},"url":"https:\/\/www.ladiagonale.net\/index.php\/author\/damien\/"}]}},"_links":{"self":[{"href":"https:\/\/www.ladiagonale.net\/index.php\/wp-json\/wp\/v2\/posts\/27750"}],"collection":[{"href":"https:\/\/www.ladiagonale.net\/index.php\/wp-json\/wp\/v2\/posts"}],"about":[{"href":"https:\/\/www.ladiagonale.net\/index.php\/wp-json\/wp\/v2\/types\/post"}],"author":[{"embeddable":true,"href":"https:\/\/www.ladiagonale.net\/index.php\/wp-json\/wp\/v2\/users\/2"}],"replies":[{"embeddable":true,"href":"https:\/\/www.ladiagonale.net\/index.php\/wp-json\/wp\/v2\/comments?post=27750"}],"version-history":[{"count":2,"href":"https:\/\/www.ladiagonale.net\/index.php\/wp-json\/wp\/v2\/posts\/27750\/revisions"}],"predecessor-version":[{"id":27753,"href":"https:\/\/www.ladiagonale.net\/index.php\/wp-json\/wp\/v2\/posts\/27750\/revisions\/27753"}],"wp:featuredmedia":[{"embeddable":true,"href":"https:\/\/www.ladiagonale.net\/index.php\/wp-json\/wp\/v2\/media\/27751"}],"wp:attachment":[{"href":"https:\/\/www.ladiagonale.net\/index.php\/wp-json\/wp\/v2\/media?parent=27750"}],"wp:term":[{"taxonomy":"category","embeddable":true,"href":"https:\/\/www.ladiagonale.net\/index.php\/wp-json\/wp\/v2\/categories?post=27750"},{"taxonomy":"post_tag","embeddable":true,"href":"https:\/\/www.ladiagonale.net\/index.php\/wp-json\/wp\/v2\/tags?post=27750"}],"curies":[{"name":"wp","href":"https:\/\/api.w.org\/{rel}","templated":true}]}}