{"id":27770,"date":"2024-11-27T23:07:31","date_gmt":"2024-11-27T22:07:31","guid":{"rendered":"https:\/\/www.ladiagonale.net\/?p=27770"},"modified":"2024-11-27T23:08:05","modified_gmt":"2024-11-27T22:08:05","slug":"monaco-battu-par-benfica-2-3","status":"publish","type":"post","link":"https:\/\/www.ladiagonale.net\/index.php\/2024\/11\/27\/monaco-battu-par-benfica-2-3\/","title":{"rendered":"Monaco battu par Benfica (2-3)"},"content":{"rendered":"\n\n\n<p>L\u2019AS Monaco a conc\u00e9d\u00e9 sa premi\u00e8re d\u00e9faite en Ligue des champions ce mercredi. Les Rouge et Blanc ont \u00e9t\u00e9 battus par Benfica sur leur pelouse (2-3), au terme d\u2019un match qu\u2019ils ont termin\u00e9 \u00e0 10 apr\u00e8s l\u2019exclusion de Wilfried Singo. Les buts d\u2019Eliesse Ben Seghir (13e) et de Soungoutou Magassa (67e) n\u2019auront pas suffi car les Mon\u00e9gasques auront craqu\u00e9 en fin de rencontre, encaissant deux buts en quatre minutes (84e, 88e).<\/p>\n\n\n\n<p>S\u2019ils ont manqu\u00e9 de ma\u00eetrise dans les moments cruciaux de la rencontre, les Mon\u00e9gasques pourront aussi se sentir l\u00e9s\u00e9s avec un arbitrage d\u00e9faillant qui a fait les affaires de la formation lisbo\u00e8te. Malgr\u00e9 la d\u00e9faite, Monaco parvient tout de m\u00eame \u00e0 conserver sa place dans le top 8. Pour leur prochain match, ils se rendront au stade V\u00e9lodrome pour d\u00e9fier l\u2019OM, dimanche.<\/p>\n","protected":false},"excerpt":{"rendered":"<p>L\u2019AS Monaco a conc\u00e9d\u00e9 sa premi\u00e8re d\u00e9faite en Ligue des champions ce mercredi. Les Rouge et Blanc ont \u00e9t\u00e9 battus par Benfica sur leur pelouse (2-3), au terme d\u2019un match qu\u2019ils ont termin\u00e9 \u00e0 10 apr\u00e8s l\u2019exclusion de Wilfried Singo. Les buts d\u2019Eliesse Ben Seghir (13e) et de Soungoutou Magassa (67e) n\u2019auront pas suffi car [&#8230;]\n","protected":false},"author":2,"featured_media":27771,"comment_status":"open","ping_status":"open","sticky":false,"template":"","format":"standard","meta":[],"categories":[5,6],"tags":[86,287,948],"yoast_head":"<!-- This site is optimized with the Yoast SEO plugin v19.8 - https:\/\/yoast.com\/wordpress\/plugins\/seo\/ -->\n<title>Monaco battu par Benfica (2-3) - La Diagonale<\/title>\n<meta name=\"robots\" content=\"index, follow, max-snippet:-1, max-image-preview:large, max-video-preview:-1\" \/>\n<link rel=\"canonical\" href=\"https:\/\/www.ladiagonale.net\/index.php\/2024\/11\/27\/monaco-battu-par-benfica-2-3\/\" \/>\n<meta property=\"og:locale\" content=\"fr_FR\" \/>\n<meta property=\"og:type\" content=\"article\" \/>\n<meta property=\"og:title\" content=\"Monaco battu par Benfica (2-3) - La Diagonale\" \/>\n<meta property=\"og:description\" content=\"L\u2019AS Monaco a conc\u00e9d\u00e9 sa premi\u00e8re d\u00e9faite en Ligue des champions ce mercredi. Les Rouge et Blanc ont \u00e9t\u00e9 battus par Benfica sur leur pelouse (2-3), au terme d\u2019un match qu\u2019ils ont termin\u00e9 \u00e0 10 apr\u00e8s l\u2019exclusion de Wilfried Singo. Les buts d\u2019Eliesse Ben Seghir (13e) et de Soungoutou Magassa (67e) n\u2019auront pas suffi car [...]\" \/>\n<meta property=\"og:url\" content=\"https:\/\/www.ladiagonale.net\/index.php\/2024\/11\/27\/monaco-battu-par-benfica-2-3\/\" \/>\n<meta property=\"og:site_name\" content=\"La Diagonale\" \/>\n<meta property=\"article:published_time\" content=\"2024-11-27T22:07:31+00:00\" \/>\n<meta property=\"article:modified_time\" content=\"2024-11-27T22:08:05+00:00\" \/>\n<meta property=\"og:image\" content=\"https:\/\/www.ladiagonale.net\/wp-content\/uploads\/2024\/11\/Kehrer-benfica.png\" \/>\n\t<meta property=\"og:image:width\" content=\"1160\" \/>\n\t<meta property=\"og:image:height\" content=\"650\" \/>\n\t<meta property=\"og:image:type\" content=\"image\/png\" \/>\n<meta name=\"author\" content=\"Damien Dellerba\" \/>\n<meta name=\"twitter:card\" content=\"summary_large_image\" \/>\n<meta name=\"twitter:image\" content=\"https:\/\/www.ladiagonale.net\/wp-content\/uploads\/2024\/11\/Kehrer-benfica.png\" \/>\n<meta name=\"twitter:label1\" content=\"\u00c9crit par\" \/>\n\t<meta name=\"twitter:data1\" content=\"Damien Dellerba\" \/>\n\t<meta name=\"twitter:label2\" content=\"Dur\u00e9e de lecture estim\u00e9e\" \/>\n\t<meta name=\"twitter:data2\" content=\"1 minute\" \/>\n<script type=\"application\/ld+json\" class=\"yoast-schema-graph\">{\"@context\":\"https:\/\/schema.org\",\"@graph\":[{\"@type\":\"WebPage\",\"@id\":\"https:\/\/www.ladiagonale.net\/index.php\/2024\/11\/27\/monaco-battu-par-benfica-2-3\/\",\"url\":\"https:\/\/www.ladiagonale.net\/index.php\/2024\/11\/27\/monaco-battu-par-benfica-2-3\/\",\"name\":\"Monaco battu par Benfica (2-3) - La Diagonale\",\"isPartOf\":{\"@id\":\"https:\/\/www.ladiagonale.net\/#website\"},\"datePublished\":\"2024-11-27T22:07:31+00:00\",\"dateModified\":\"2024-11-27T22:08:05+00:00\",\"author\":{\"@id\":\"https:\/\/www.ladiagonale.net\/#\/schema\/person\/79ff1e7b0853ed01b2aa26e64ad300bf\"},\"breadcrumb\":{\"@id\":\"https:\/\/www.ladiagonale.net\/index.php\/2024\/11\/27\/monaco-battu-par-benfica-2-3\/#breadcrumb\"},\"inLanguage\":\"fr-FR\",\"potentialAction\":[{\"@type\":\"ReadAction\",\"target\":[\"https:\/\/www.ladiagonale.net\/index.php\/2024\/11\/27\/monaco-battu-par-benfica-2-3\/\"]}]},{\"@type\":\"BreadcrumbList\",\"@id\":\"https:\/\/www.ladiagonale.net\/index.php\/2024\/11\/27\/monaco-battu-par-benfica-2-3\/#breadcrumb\",\"itemListElement\":[{\"@type\":\"ListItem\",\"position\":1,\"name\":\"Accueil\",\"item\":\"https:\/\/www.ladiagonale.net\/\"},{\"@type\":\"ListItem\",\"position\":2,\"name\":\"Monaco battu par Benfica (2-3)\"}]},{\"@type\":\"WebSite\",\"@id\":\"https:\/\/www.ladiagonale.net\/#website\",\"url\":\"https:\/\/www.ladiagonale.net\/\",\"name\":\"La Diagonale\",\"description\":\"Le site des supporters de l&#039;AS Monaco FC\",\"potentialAction\":[{\"@type\":\"SearchAction\",\"target\":{\"@type\":\"EntryPoint\",\"urlTemplate\":\"https:\/\/www.ladiagonale.net\/?s={search_term_string}\"},\"query-input\":\"required name=search_term_string\"}],\"inLanguage\":\"fr-FR\"},{\"@type\":\"Person\",\"@id\":\"https:\/\/www.ladiagonale.net\/#\/schema\/person\/79ff1e7b0853ed01b2aa26e64ad300bf\",\"name\":\"Damien Dellerba\",\"image\":{\"@type\":\"ImageObject\",\"inLanguage\":\"fr-FR\",\"@id\":\"https:\/\/www.ladiagonale.net\/#\/schema\/person\/image\/\",\"url\":\"https:\/\/secure.gravatar.com\/avatar\/c7850e06d3ff63cdbaee88b7fc16e2f0?s=96&d=mm&r=g\",\"contentUrl\":\"https:\/\/secure.gravatar.com\/avatar\/c7850e06d3ff63cdbaee88b7fc16e2f0?s=96&d=mm&r=g\",\"caption\":\"Damien Dellerba\"},\"url\":\"https:\/\/www.ladiagonale.net\/index.php\/author\/damien\/\"}]}<\/script>\n<!-- \/ Yoast SEO plugin. -->","yoast_head_json":{"title":"Monaco battu par Benfica (2-3) - La Diagonale","robots":{"index":"index","follow":"follow","max-snippet":"max-snippet:-1","max-image-preview":"max-image-preview:large","max-video-preview":"max-video-preview:-1"},"canonical":"https:\/\/www.ladiagonale.net\/index.php\/2024\/11\/27\/monaco-battu-par-benfica-2-3\/","og_locale":"fr_FR","og_type":"article","og_title":"Monaco battu par Benfica (2-3) - La Diagonale","og_description":"L\u2019AS Monaco a conc\u00e9d\u00e9 sa premi\u00e8re d\u00e9faite en Ligue des champions ce mercredi. Les Rouge et Blanc ont \u00e9t\u00e9 battus par Benfica sur leur pelouse (2-3), au terme d\u2019un match qu\u2019ils ont termin\u00e9 \u00e0 10 apr\u00e8s l\u2019exclusion de Wilfried Singo. Les buts d\u2019Eliesse Ben Seghir (13e) et de Soungoutou Magassa (67e) n\u2019auront pas suffi car [...]","og_url":"https:\/\/www.ladiagonale.net\/index.php\/2024\/11\/27\/monaco-battu-par-benfica-2-3\/","og_site_name":"La Diagonale","article_published_time":"2024-11-27T22:07:31+00:00","article_modified_time":"2024-11-27T22:08:05+00:00","og_image":[{"width":1160,"height":650,"url":"https:\/\/www.ladiagonale.net\/wp-content\/uploads\/2024\/11\/Kehrer-benfica.png","type":"image\/png"}],"author":"Damien Dellerba","twitter_card":"summary_large_image","twitter_image":"https:\/\/www.ladiagonale.net\/wp-content\/uploads\/2024\/11\/Kehrer-benfica.png","twitter_misc":{"\u00c9crit par":"Damien Dellerba","Dur\u00e9e de lecture estim\u00e9e":"1 minute"},"schema":{"@context":"https:\/\/schema.org","@graph":[{"@type":"WebPage","@id":"https:\/\/www.ladiagonale.net\/index.php\/2024\/11\/27\/monaco-battu-par-benfica-2-3\/","url":"https:\/\/www.ladiagonale.net\/index.php\/2024\/11\/27\/monaco-battu-par-benfica-2-3\/","name":"Monaco battu par Benfica (2-3) - La Diagonale","isPartOf":{"@id":"https:\/\/www.ladiagonale.net\/#website"},"datePublished":"2024-11-27T22:07:31+00:00","dateModified":"2024-11-27T22:08:05+00:00","author":{"@id":"https:\/\/www.ladiagonale.net\/#\/schema\/person\/79ff1e7b0853ed01b2aa26e64ad300bf"},"breadcrumb":{"@id":"https:\/\/www.ladiagonale.net\/index.php\/2024\/11\/27\/monaco-battu-par-benfica-2-3\/#breadcrumb"},"inLanguage":"fr-FR","potentialAction":[{"@type":"ReadAction","target":["https:\/\/www.ladiagonale.net\/index.php\/2024\/11\/27\/monaco-battu-par-benfica-2-3\/"]}]},{"@type":"BreadcrumbList","@id":"https:\/\/www.ladiagonale.net\/index.php\/2024\/11\/27\/monaco-battu-par-benfica-2-3\/#breadcrumb","itemListElement":[{"@type":"ListItem","position":1,"name":"Accueil","item":"https:\/\/www.ladiagonale.net\/"},{"@type":"ListItem","position":2,"name":"Monaco battu par Benfica (2-3)"}]},{"@type":"WebSite","@id":"https:\/\/www.ladiagonale.net\/#website","url":"https:\/\/www.ladiagonale.net\/","name":"La Diagonale","description":"Le site des supporters de l&#039;AS Monaco FC","potentialAction":[{"@type":"SearchAction","target":{"@type":"EntryPoint","urlTemplate":"https:\/\/www.ladiagonale.net\/?s={search_term_string}"},"query-input":"required name=search_term_string"}],"inLanguage":"fr-FR"},{"@type":"Person","@id":"https:\/\/www.ladiagonale.net\/#\/schema\/person\/79ff1e7b0853ed01b2aa26e64ad300bf","name":"Damien Dellerba","image":{"@type":"ImageObject","inLanguage":"fr-FR","@id":"https:\/\/www.ladiagonale.net\/#\/schema\/person\/image\/","url":"https:\/\/secure.gravatar.com\/avatar\/c7850e06d3ff63cdbaee88b7fc16e2f0?s=96&d=mm&r=g","contentUrl":"https:\/\/secure.gravatar.com\/avatar\/c7850e06d3ff63cdbaee88b7fc16e2f0?s=96&d=mm&r=g","caption":"Damien Dellerba"},"url":"https:\/\/www.ladiagonale.net\/index.php\/author\/damien\/"}]}},"_links":{"self":[{"href":"https:\/\/www.ladiagonale.net\/index.php\/wp-json\/wp\/v2\/posts\/27770"}],"collection":[{"href":"https:\/\/www.ladiagonale.net\/index.php\/wp-json\/wp\/v2\/posts"}],"about":[{"href":"https:\/\/www.ladiagonale.net\/index.php\/wp-json\/wp\/v2\/types\/post"}],"author":[{"embeddable":true,"href":"https:\/\/www.ladiagonale.net\/index.php\/wp-json\/wp\/v2\/users\/2"}],"replies":[{"embeddable":true,"href":"https:\/\/www.ladiagonale.net\/index.php\/wp-json\/wp\/v2\/comments?post=27770"}],"version-history":[{"count":2,"href":"https:\/\/www.ladiagonale.net\/index.php\/wp-json\/wp\/v2\/posts\/27770\/revisions"}],"predecessor-version":[{"id":27774,"href":"https:\/\/www.ladiagonale.net\/index.php\/wp-json\/wp\/v2\/posts\/27770\/revisions\/27774"}],"wp:featuredmedia":[{"embeddable":true,"href":"https:\/\/www.ladiagonale.net\/index.php\/wp-json\/wp\/v2\/media\/27771"}],"wp:attachment":[{"href":"https:\/\/www.ladiagonale.net\/index.php\/wp-json\/wp\/v2\/media?parent=27770"}],"wp:term":[{"taxonomy":"category","embeddable":true,"href":"https:\/\/www.ladiagonale.net\/index.php\/wp-json\/wp\/v2\/categories?post=27770"},{"taxonomy":"post_tag","embeddable":true,"href":"https:\/\/www.ladiagonale.net\/index.php\/wp-json\/wp\/v2\/tags?post=27770"}],"curies":[{"name":"wp","href":"https:\/\/api.w.org\/{rel}","templated":true}]}}