{"id":27775,"date":"2024-11-27T23:20:49","date_gmt":"2024-11-27T22:20:49","guid":{"rendered":"https:\/\/www.ladiagonale.net\/?p=27775"},"modified":"2024-11-27T23:20:50","modified_gmt":"2024-11-27T22:20:50","slug":"zakaria-trois-points-perdus-assez-betement","status":"publish","type":"post","link":"https:\/\/www.ladiagonale.net\/index.php\/2024\/11\/27\/zakaria-trois-points-perdus-assez-betement\/","title":{"rendered":"Zakaria : \u00ab\u00a0Trois points perdus assez b\u00eatement\u00a0\u00bb"},"content":{"rendered":"\n\n\n<p>Loin des pol\u00e9miques, Denis Zakaria a affich\u00e9 au micro de <em>Canal+<\/em> ses remords sur le sc\u00e9nario du match et sur cette d\u00e9faite subie contre Benfica (3-2) : \u00ab\u00a0<em>Ce sont trois points perdus assez b\u00eatement. Au d\u00e9but, on avait le match en main et on a arr\u00eat\u00e9 de jouer. C\u2019est dommage car c\u2019\u00e9tait trois points prenables.\u00a0<\/em>\u00bb<\/p>\n\n\n\n<p>Le capitaine mon\u00e9gasque a quand m\u00eame reconnu que les choses se sont compliqu\u00e9es en inf\u00e9riorit\u00e9 num\u00e9rique : \u00ab\u00a0<em>\u00c0 dix c\u2019est difficile de d\u00e9fendre. C\u2019\u00e9tait une grande \u00e9quipe en face ils nous l\u2019ont montr\u00e9 avec de deux buts magnifiques. C\u2019est \u00e0 nous de travailler pour perte pr\u00eats pour les prochains matches.\u00a0<\/em>\u00bb<\/p>\n","protected":false},"excerpt":{"rendered":"<p>Loin des pol\u00e9miques, Denis Zakaria a affich\u00e9 au micro de Canal+ ses remords sur le sc\u00e9nario du match et sur cette d\u00e9faite subie contre Benfica (3-2) : \u00ab\u00a0Ce sont trois points perdus assez b\u00eatement. Au d\u00e9but, on avait le match en main et on a arr\u00eat\u00e9 de jouer. C\u2019est dommage car c\u2019\u00e9tait trois points prenables.\u00a0\u00bb [&#8230;]\n","protected":false},"author":2,"featured_media":0,"comment_status":"open","ping_status":"open","sticky":false,"template":"","format":"standard","meta":[],"categories":[6],"tags":[86,631,287,948],"yoast_head":"<!-- This site is optimized with the Yoast SEO plugin v19.8 - https:\/\/yoast.com\/wordpress\/plugins\/seo\/ -->\n<title>Zakaria : \u00ab\u00a0Trois points perdus assez b\u00eatement\u00a0\u00bb - La Diagonale<\/title>\n<meta name=\"robots\" content=\"index, follow, max-snippet:-1, max-image-preview:large, max-video-preview:-1\" \/>\n<link rel=\"canonical\" href=\"https:\/\/www.ladiagonale.net\/index.php\/2024\/11\/27\/zakaria-trois-points-perdus-assez-betement\/\" \/>\n<meta property=\"og:locale\" content=\"fr_FR\" \/>\n<meta property=\"og:type\" content=\"article\" \/>\n<meta property=\"og:title\" content=\"Zakaria : \u00ab\u00a0Trois points perdus assez b\u00eatement\u00a0\u00bb - La Diagonale\" \/>\n<meta property=\"og:description\" content=\"Loin des pol\u00e9miques, Denis Zakaria a affich\u00e9 au micro de Canal+ ses remords sur le sc\u00e9nario du match et sur cette d\u00e9faite subie contre Benfica (3-2) : \u00ab\u00a0Ce sont trois points perdus assez b\u00eatement. Au d\u00e9but, on avait le match en main et on a arr\u00eat\u00e9 de jouer. C\u2019est dommage car c\u2019\u00e9tait trois points prenables.\u00a0\u00bb [...]\" \/>\n<meta property=\"og:url\" content=\"https:\/\/www.ladiagonale.net\/index.php\/2024\/11\/27\/zakaria-trois-points-perdus-assez-betement\/\" \/>\n<meta property=\"og:site_name\" content=\"La Diagonale\" \/>\n<meta property=\"article:published_time\" content=\"2024-11-27T22:20:49+00:00\" \/>\n<meta property=\"article:modified_time\" content=\"2024-11-27T22:20:50+00:00\" \/>\n<meta property=\"og:image\" content=\"https:\/\/www.ladiagonale.net\/wp-content\/uploads\/2024\/11\/Zakarialens.png\" \/>\n\t<meta property=\"og:image:width\" content=\"1160\" \/>\n\t<meta property=\"og:image:height\" content=\"650\" \/>\n\t<meta property=\"og:image:type\" content=\"image\/png\" \/>\n<meta name=\"author\" content=\"Damien Dellerba\" \/>\n<meta name=\"twitter:card\" content=\"summary_large_image\" \/>\n<meta name=\"twitter:image\" content=\"https:\/\/www.ladiagonale.net\/wp-content\/uploads\/2024\/11\/Zakarialens.png\" \/>\n<meta name=\"twitter:label1\" content=\"\u00c9crit par\" \/>\n\t<meta name=\"twitter:data1\" content=\"Damien Dellerba\" \/>\n\t<meta name=\"twitter:label2\" content=\"Dur\u00e9e de lecture estim\u00e9e\" \/>\n\t<meta name=\"twitter:data2\" content=\"1 minute\" \/>\n<script type=\"application\/ld+json\" class=\"yoast-schema-graph\">{\"@context\":\"https:\/\/schema.org\",\"@graph\":[{\"@type\":\"WebPage\",\"@id\":\"https:\/\/www.ladiagonale.net\/index.php\/2024\/11\/27\/zakaria-trois-points-perdus-assez-betement\/\",\"url\":\"https:\/\/www.ladiagonale.net\/index.php\/2024\/11\/27\/zakaria-trois-points-perdus-assez-betement\/\",\"name\":\"Zakaria : \u00ab\u00a0Trois points perdus assez b\u00eatement\u00a0\u00bb - La Diagonale\",\"isPartOf\":{\"@id\":\"https:\/\/www.ladiagonale.net\/#website\"},\"datePublished\":\"2024-11-27T22:20:49+00:00\",\"dateModified\":\"2024-11-27T22:20:50+00:00\",\"author\":{\"@id\":\"https:\/\/www.ladiagonale.net\/#\/schema\/person\/79ff1e7b0853ed01b2aa26e64ad300bf\"},\"breadcrumb\":{\"@id\":\"https:\/\/www.ladiagonale.net\/index.php\/2024\/11\/27\/zakaria-trois-points-perdus-assez-betement\/#breadcrumb\"},\"inLanguage\":\"fr-FR\",\"potentialAction\":[{\"@type\":\"ReadAction\",\"target\":[\"https:\/\/www.ladiagonale.net\/index.php\/2024\/11\/27\/zakaria-trois-points-perdus-assez-betement\/\"]}]},{\"@type\":\"BreadcrumbList\",\"@id\":\"https:\/\/www.ladiagonale.net\/index.php\/2024\/11\/27\/zakaria-trois-points-perdus-assez-betement\/#breadcrumb\",\"itemListElement\":[{\"@type\":\"ListItem\",\"position\":1,\"name\":\"Accueil\",\"item\":\"https:\/\/www.ladiagonale.net\/\"},{\"@type\":\"ListItem\",\"position\":2,\"name\":\"Zakaria : \u00ab\u00a0Trois points perdus assez b\u00eatement\u00a0\u00bb\"}]},{\"@type\":\"WebSite\",\"@id\":\"https:\/\/www.ladiagonale.net\/#website\",\"url\":\"https:\/\/www.ladiagonale.net\/\",\"name\":\"La Diagonale\",\"description\":\"Le site des supporters de l&#039;AS Monaco FC\",\"potentialAction\":[{\"@type\":\"SearchAction\",\"target\":{\"@type\":\"EntryPoint\",\"urlTemplate\":\"https:\/\/www.ladiagonale.net\/?s={search_term_string}\"},\"query-input\":\"required name=search_term_string\"}],\"inLanguage\":\"fr-FR\"},{\"@type\":\"Person\",\"@id\":\"https:\/\/www.ladiagonale.net\/#\/schema\/person\/79ff1e7b0853ed01b2aa26e64ad300bf\",\"name\":\"Damien Dellerba\",\"image\":{\"@type\":\"ImageObject\",\"inLanguage\":\"fr-FR\",\"@id\":\"https:\/\/www.ladiagonale.net\/#\/schema\/person\/image\/\",\"url\":\"https:\/\/secure.gravatar.com\/avatar\/c7850e06d3ff63cdbaee88b7fc16e2f0?s=96&d=mm&r=g\",\"contentUrl\":\"https:\/\/secure.gravatar.com\/avatar\/c7850e06d3ff63cdbaee88b7fc16e2f0?s=96&d=mm&r=g\",\"caption\":\"Damien Dellerba\"},\"url\":\"https:\/\/www.ladiagonale.net\/index.php\/author\/damien\/\"}]}<\/script>\n<!-- \/ Yoast SEO plugin. -->","yoast_head_json":{"title":"Zakaria : \u00ab\u00a0Trois points perdus assez b\u00eatement\u00a0\u00bb - La Diagonale","robots":{"index":"index","follow":"follow","max-snippet":"max-snippet:-1","max-image-preview":"max-image-preview:large","max-video-preview":"max-video-preview:-1"},"canonical":"https:\/\/www.ladiagonale.net\/index.php\/2024\/11\/27\/zakaria-trois-points-perdus-assez-betement\/","og_locale":"fr_FR","og_type":"article","og_title":"Zakaria : \u00ab\u00a0Trois points perdus assez b\u00eatement\u00a0\u00bb - La Diagonale","og_description":"Loin des pol\u00e9miques, Denis Zakaria a affich\u00e9 au micro de Canal+ ses remords sur le sc\u00e9nario du match et sur cette d\u00e9faite subie contre Benfica (3-2) : \u00ab\u00a0Ce sont trois points perdus assez b\u00eatement. Au d\u00e9but, on avait le match en main et on a arr\u00eat\u00e9 de jouer. C\u2019est dommage car c\u2019\u00e9tait trois points prenables.\u00a0\u00bb [...]","og_url":"https:\/\/www.ladiagonale.net\/index.php\/2024\/11\/27\/zakaria-trois-points-perdus-assez-betement\/","og_site_name":"La Diagonale","article_published_time":"2024-11-27T22:20:49+00:00","article_modified_time":"2024-11-27T22:20:50+00:00","og_image":[{"width":1160,"height":650,"url":"https:\/\/www.ladiagonale.net\/wp-content\/uploads\/2024\/11\/Zakarialens.png","type":"image\/png"}],"author":"Damien Dellerba","twitter_card":"summary_large_image","twitter_image":"https:\/\/www.ladiagonale.net\/wp-content\/uploads\/2024\/11\/Zakarialens.png","twitter_misc":{"\u00c9crit par":"Damien Dellerba","Dur\u00e9e de lecture estim\u00e9e":"1 minute"},"schema":{"@context":"https:\/\/schema.org","@graph":[{"@type":"WebPage","@id":"https:\/\/www.ladiagonale.net\/index.php\/2024\/11\/27\/zakaria-trois-points-perdus-assez-betement\/","url":"https:\/\/www.ladiagonale.net\/index.php\/2024\/11\/27\/zakaria-trois-points-perdus-assez-betement\/","name":"Zakaria : \u00ab\u00a0Trois points perdus assez b\u00eatement\u00a0\u00bb - La Diagonale","isPartOf":{"@id":"https:\/\/www.ladiagonale.net\/#website"},"datePublished":"2024-11-27T22:20:49+00:00","dateModified":"2024-11-27T22:20:50+00:00","author":{"@id":"https:\/\/www.ladiagonale.net\/#\/schema\/person\/79ff1e7b0853ed01b2aa26e64ad300bf"},"breadcrumb":{"@id":"https:\/\/www.ladiagonale.net\/index.php\/2024\/11\/27\/zakaria-trois-points-perdus-assez-betement\/#breadcrumb"},"inLanguage":"fr-FR","potentialAction":[{"@type":"ReadAction","target":["https:\/\/www.ladiagonale.net\/index.php\/2024\/11\/27\/zakaria-trois-points-perdus-assez-betement\/"]}]},{"@type":"BreadcrumbList","@id":"https:\/\/www.ladiagonale.net\/index.php\/2024\/11\/27\/zakaria-trois-points-perdus-assez-betement\/#breadcrumb","itemListElement":[{"@type":"ListItem","position":1,"name":"Accueil","item":"https:\/\/www.ladiagonale.net\/"},{"@type":"ListItem","position":2,"name":"Zakaria : \u00ab\u00a0Trois points perdus assez b\u00eatement\u00a0\u00bb"}]},{"@type":"WebSite","@id":"https:\/\/www.ladiagonale.net\/#website","url":"https:\/\/www.ladiagonale.net\/","name":"La Diagonale","description":"Le site des supporters de l&#039;AS Monaco FC","potentialAction":[{"@type":"SearchAction","target":{"@type":"EntryPoint","urlTemplate":"https:\/\/www.ladiagonale.net\/?s={search_term_string}"},"query-input":"required name=search_term_string"}],"inLanguage":"fr-FR"},{"@type":"Person","@id":"https:\/\/www.ladiagonale.net\/#\/schema\/person\/79ff1e7b0853ed01b2aa26e64ad300bf","name":"Damien Dellerba","image":{"@type":"ImageObject","inLanguage":"fr-FR","@id":"https:\/\/www.ladiagonale.net\/#\/schema\/person\/image\/","url":"https:\/\/secure.gravatar.com\/avatar\/c7850e06d3ff63cdbaee88b7fc16e2f0?s=96&d=mm&r=g","contentUrl":"https:\/\/secure.gravatar.com\/avatar\/c7850e06d3ff63cdbaee88b7fc16e2f0?s=96&d=mm&r=g","caption":"Damien Dellerba"},"url":"https:\/\/www.ladiagonale.net\/index.php\/author\/damien\/"}]}},"_links":{"self":[{"href":"https:\/\/www.ladiagonale.net\/index.php\/wp-json\/wp\/v2\/posts\/27775"}],"collection":[{"href":"https:\/\/www.ladiagonale.net\/index.php\/wp-json\/wp\/v2\/posts"}],"about":[{"href":"https:\/\/www.ladiagonale.net\/index.php\/wp-json\/wp\/v2\/types\/post"}],"author":[{"embeddable":true,"href":"https:\/\/www.ladiagonale.net\/index.php\/wp-json\/wp\/v2\/users\/2"}],"replies":[{"embeddable":true,"href":"https:\/\/www.ladiagonale.net\/index.php\/wp-json\/wp\/v2\/comments?post=27775"}],"version-history":[{"count":1,"href":"https:\/\/www.ladiagonale.net\/index.php\/wp-json\/wp\/v2\/posts\/27775\/revisions"}],"predecessor-version":[{"id":27777,"href":"https:\/\/www.ladiagonale.net\/index.php\/wp-json\/wp\/v2\/posts\/27775\/revisions\/27777"}],"wp:attachment":[{"href":"https:\/\/www.ladiagonale.net\/index.php\/wp-json\/wp\/v2\/media?parent=27775"}],"wp:term":[{"taxonomy":"category","embeddable":true,"href":"https:\/\/www.ladiagonale.net\/index.php\/wp-json\/wp\/v2\/categories?post=27775"},{"taxonomy":"post_tag","embeddable":true,"href":"https:\/\/www.ladiagonale.net\/index.php\/wp-json\/wp\/v2\/tags?post=27775"}],"curies":[{"name":"wp","href":"https:\/\/api.w.org\/{rel}","templated":true}]}}