{"id":27789,"date":"2024-11-28T01:29:36","date_gmt":"2024-11-28T00:29:36","guid":{"rendered":"https:\/\/www.ladiagonale.net\/?p=27789"},"modified":"2024-11-28T13:16:04","modified_gmt":"2024-11-28T12:16:04","slug":"hutter-a-son-opinion-sur-larbitrage","status":"publish","type":"post","link":"https:\/\/www.ladiagonale.net\/index.php\/2024\/11\/28\/hutter-a-son-opinion-sur-larbitrage\/","title":{"rendered":"H\u00fctter a \u00ab\u00a0son opinion\u00a0\u00bb sur l\u2019arbitrage"},"content":{"rendered":"\n\n\n<p>Ce Monaco-Benfica, au cours duquel l\u2019ASM s\u2019est inclin\u00e9e, a \u00e9t\u00e9 \u00e9clips\u00e9 par la performance de l\u2019arbitre, qui a caus\u00e9 beaucoup de tort aux Mon\u00e9gasques : \u00ab&nbsp;<em>Je ne veux pas en parler mais j\u2019ai mon opinion<\/em>, a commenc\u00e9 H\u00fctter, avant de d\u00e9velopper. <em>Les cartons jaunes ont \u00e9t\u00e9 donn\u00e9s trop rapidement. Selon moi, l\u2019arbitre aurait d\u00fb peut-\u00eatre davantage communiquer, m\u00eame si nous sommes coupables d\u2019avoir protest\u00e9. J\u2019ai aussi re\u00e7u un carton \u00e0 la fin de la partie. Mais \u00e0 ce moment du match, il aurait d\u00fb faire mieux et ne pas en donner autant.&nbsp;<\/em>\u00bb<\/p>\n\n\n\n<p>Sur la rencontre en elle-m\u00eame et sur le jeu, Adi H\u00fctter s\u2019est \u00e9videmment dit \u00ab&nbsp;<em>d\u00e9\u00e7u<\/em>&nbsp;\u00bb et \u00ab&nbsp;<em>en col\u00e8re<\/em>&nbsp;\u00bb. \u00ab&nbsp;<em>Nous avons commis des erreurs avec le ballon. Nous en sommes coupables,<\/em> a-t-il assen\u00e9<em>. Nous nous sommes ensuite retrouv\u00e9s \u00e0 10 apr\u00e8s l\u2019exclusion de Wilfried (Singo) mais nous avons continu\u00e9 \u00e0 \u00eatre performants. Nous aurions d\u00fb ensuite mieux d\u00e9fendre dans notre surface et nous avons \u00e9t\u00e9 punis sur les deux buts en fin de match o\u00f9 nous n\u2019avons pas bien d\u00e9fendu en \u00e9quipe.<\/em>&nbsp;\u00bb<\/p>\n\n\n\n<p>L\u2019entra\u00eeneur autrichien a tout de m\u00eame appr\u00e9ci\u00e9 la production de son \u00e9quipe en inf\u00e9riorit\u00e9 num\u00e9rique :&nbsp;\u00ab&nbsp;<em>Cela rend ce r\u00e9sultat encore plus frustrant parce que nous menions 2-1. On m\u00e9ritait d\u2019obtenir au moins le point du nul mais Benfica a chang\u00e9 le sc\u00e9nario du match dans les derni\u00e8res minutes. (\u2026) \u00c0 10 contre 11, nous avons r\u00e9ussi une bonne performance et repris les devants par Soungoutou Magassa. Nous sommes enfin d\u00e9\u00e7us de la mani\u00e8re dont nous avons d\u00e9fendu sur les centres. Une d\u00e9faite est toujours dure sur le moment mais nous devons l\u2019accepter car nous sommes toujours en course pour la qualification.<\/em>&nbsp;\u00bb<\/p>\n\n\n\n<p class=\"has-text-align-right has-small-font-size\">Source : <em>AS Monaco<\/em> et <em>RMC Sport<\/em><\/p>\n","protected":false},"excerpt":{"rendered":"<p>Ce Monaco-Benfica, au cours duquel l\u2019ASM s\u2019est inclin\u00e9e, a \u00e9t\u00e9 \u00e9clips\u00e9 par la performance de l\u2019arbitre, qui a caus\u00e9 beaucoup de tort aux Mon\u00e9gasques : \u00ab&nbsp;Je ne veux pas en parler mais j\u2019ai mon opinion, a commenc\u00e9 H\u00fctter, avant de d\u00e9velopper. Les cartons jaunes ont \u00e9t\u00e9 donn\u00e9s trop rapidement. Selon moi, l\u2019arbitre aurait d\u00fb peut-\u00eatre [&#8230;]\n","protected":false},"author":2,"featured_media":0,"comment_status":"open","ping_status":"open","sticky":false,"template":"","format":"standard","meta":[],"categories":[6],"tags":[576,86,287,948],"yoast_head":"<!-- This site is optimized with the Yoast SEO plugin v19.8 - https:\/\/yoast.com\/wordpress\/plugins\/seo\/ -->\n<title>H\u00fctter a \u00ab\u00a0son opinion\u00a0\u00bb sur l\u2019arbitrage - La Diagonale<\/title>\n<meta name=\"robots\" content=\"index, follow, max-snippet:-1, max-image-preview:large, max-video-preview:-1\" \/>\n<link rel=\"canonical\" href=\"https:\/\/www.ladiagonale.net\/index.php\/2024\/11\/28\/hutter-a-son-opinion-sur-larbitrage\/\" \/>\n<meta property=\"og:locale\" content=\"fr_FR\" \/>\n<meta property=\"og:type\" content=\"article\" \/>\n<meta property=\"og:title\" content=\"H\u00fctter a \u00ab\u00a0son opinion\u00a0\u00bb sur l\u2019arbitrage - La Diagonale\" \/>\n<meta property=\"og:description\" content=\"Ce Monaco-Benfica, au cours duquel l\u2019ASM s\u2019est inclin\u00e9e, a \u00e9t\u00e9 \u00e9clips\u00e9 par la performance de l\u2019arbitre, qui a caus\u00e9 beaucoup de tort aux Mon\u00e9gasques : \u00ab&nbsp;Je ne veux pas en parler mais j\u2019ai mon opinion, a commenc\u00e9 H\u00fctter, avant de d\u00e9velopper. Les cartons jaunes ont \u00e9t\u00e9 donn\u00e9s trop rapidement. Selon moi, l\u2019arbitre aurait d\u00fb peut-\u00eatre [...]\" \/>\n<meta property=\"og:url\" content=\"https:\/\/www.ladiagonale.net\/index.php\/2024\/11\/28\/hutter-a-son-opinion-sur-larbitrage\/\" \/>\n<meta property=\"og:site_name\" content=\"La Diagonale\" \/>\n<meta property=\"article:published_time\" content=\"2024-11-28T00:29:36+00:00\" \/>\n<meta property=\"article:modified_time\" content=\"2024-11-28T12:16:04+00:00\" \/>\n<meta property=\"og:image\" content=\"https:\/\/www.ladiagonale.net\/wp-content\/uploads\/2023\/09\/hutter3.png\" \/>\n\t<meta property=\"og:image:width\" content=\"1160\" \/>\n\t<meta property=\"og:image:height\" content=\"650\" \/>\n\t<meta property=\"og:image:type\" content=\"image\/png\" \/>\n<meta name=\"author\" content=\"Damien Dellerba\" \/>\n<meta name=\"twitter:card\" content=\"summary_large_image\" \/>\n<meta name=\"twitter:image\" content=\"https:\/\/www.ladiagonale.net\/wp-content\/uploads\/2023\/09\/hutter3.png\" \/>\n<meta name=\"twitter:label1\" content=\"\u00c9crit par\" \/>\n\t<meta name=\"twitter:data1\" content=\"Damien Dellerba\" \/>\n\t<meta name=\"twitter:label2\" content=\"Dur\u00e9e de lecture estim\u00e9e\" \/>\n\t<meta name=\"twitter:data2\" content=\"2 minutes\" \/>\n<script type=\"application\/ld+json\" class=\"yoast-schema-graph\">{\"@context\":\"https:\/\/schema.org\",\"@graph\":[{\"@type\":\"WebPage\",\"@id\":\"https:\/\/www.ladiagonale.net\/index.php\/2024\/11\/28\/hutter-a-son-opinion-sur-larbitrage\/\",\"url\":\"https:\/\/www.ladiagonale.net\/index.php\/2024\/11\/28\/hutter-a-son-opinion-sur-larbitrage\/\",\"name\":\"H\u00fctter a \u00ab\u00a0son opinion\u00a0\u00bb sur l\u2019arbitrage - La Diagonale\",\"isPartOf\":{\"@id\":\"https:\/\/www.ladiagonale.net\/#website\"},\"datePublished\":\"2024-11-28T00:29:36+00:00\",\"dateModified\":\"2024-11-28T12:16:04+00:00\",\"author\":{\"@id\":\"https:\/\/www.ladiagonale.net\/#\/schema\/person\/79ff1e7b0853ed01b2aa26e64ad300bf\"},\"breadcrumb\":{\"@id\":\"https:\/\/www.ladiagonale.net\/index.php\/2024\/11\/28\/hutter-a-son-opinion-sur-larbitrage\/#breadcrumb\"},\"inLanguage\":\"fr-FR\",\"potentialAction\":[{\"@type\":\"ReadAction\",\"target\":[\"https:\/\/www.ladiagonale.net\/index.php\/2024\/11\/28\/hutter-a-son-opinion-sur-larbitrage\/\"]}]},{\"@type\":\"BreadcrumbList\",\"@id\":\"https:\/\/www.ladiagonale.net\/index.php\/2024\/11\/28\/hutter-a-son-opinion-sur-larbitrage\/#breadcrumb\",\"itemListElement\":[{\"@type\":\"ListItem\",\"position\":1,\"name\":\"Accueil\",\"item\":\"https:\/\/www.ladiagonale.net\/\"},{\"@type\":\"ListItem\",\"position\":2,\"name\":\"H\u00fctter a \u00ab\u00a0son opinion\u00a0\u00bb sur l\u2019arbitrage\"}]},{\"@type\":\"WebSite\",\"@id\":\"https:\/\/www.ladiagonale.net\/#website\",\"url\":\"https:\/\/www.ladiagonale.net\/\",\"name\":\"La Diagonale\",\"description\":\"Le site des supporters de l&#039;AS Monaco FC\",\"potentialAction\":[{\"@type\":\"SearchAction\",\"target\":{\"@type\":\"EntryPoint\",\"urlTemplate\":\"https:\/\/www.ladiagonale.net\/?s={search_term_string}\"},\"query-input\":\"required name=search_term_string\"}],\"inLanguage\":\"fr-FR\"},{\"@type\":\"Person\",\"@id\":\"https:\/\/www.ladiagonale.net\/#\/schema\/person\/79ff1e7b0853ed01b2aa26e64ad300bf\",\"name\":\"Damien Dellerba\",\"image\":{\"@type\":\"ImageObject\",\"inLanguage\":\"fr-FR\",\"@id\":\"https:\/\/www.ladiagonale.net\/#\/schema\/person\/image\/\",\"url\":\"https:\/\/secure.gravatar.com\/avatar\/c7850e06d3ff63cdbaee88b7fc16e2f0?s=96&d=mm&r=g\",\"contentUrl\":\"https:\/\/secure.gravatar.com\/avatar\/c7850e06d3ff63cdbaee88b7fc16e2f0?s=96&d=mm&r=g\",\"caption\":\"Damien Dellerba\"},\"url\":\"https:\/\/www.ladiagonale.net\/index.php\/author\/damien\/\"}]}<\/script>\n<!-- \/ Yoast SEO plugin. -->","yoast_head_json":{"title":"H\u00fctter a \u00ab\u00a0son opinion\u00a0\u00bb sur l\u2019arbitrage - La Diagonale","robots":{"index":"index","follow":"follow","max-snippet":"max-snippet:-1","max-image-preview":"max-image-preview:large","max-video-preview":"max-video-preview:-1"},"canonical":"https:\/\/www.ladiagonale.net\/index.php\/2024\/11\/28\/hutter-a-son-opinion-sur-larbitrage\/","og_locale":"fr_FR","og_type":"article","og_title":"H\u00fctter a \u00ab\u00a0son opinion\u00a0\u00bb sur l\u2019arbitrage - La Diagonale","og_description":"Ce Monaco-Benfica, au cours duquel l\u2019ASM s\u2019est inclin\u00e9e, a \u00e9t\u00e9 \u00e9clips\u00e9 par la performance de l\u2019arbitre, qui a caus\u00e9 beaucoup de tort aux Mon\u00e9gasques : \u00ab&nbsp;Je ne veux pas en parler mais j\u2019ai mon opinion, a commenc\u00e9 H\u00fctter, avant de d\u00e9velopper. Les cartons jaunes ont \u00e9t\u00e9 donn\u00e9s trop rapidement. Selon moi, l\u2019arbitre aurait d\u00fb peut-\u00eatre [...]","og_url":"https:\/\/www.ladiagonale.net\/index.php\/2024\/11\/28\/hutter-a-son-opinion-sur-larbitrage\/","og_site_name":"La Diagonale","article_published_time":"2024-11-28T00:29:36+00:00","article_modified_time":"2024-11-28T12:16:04+00:00","og_image":[{"width":1160,"height":650,"url":"https:\/\/www.ladiagonale.net\/wp-content\/uploads\/2023\/09\/hutter3.png","type":"image\/png"}],"author":"Damien Dellerba","twitter_card":"summary_large_image","twitter_image":"https:\/\/www.ladiagonale.net\/wp-content\/uploads\/2023\/09\/hutter3.png","twitter_misc":{"\u00c9crit par":"Damien Dellerba","Dur\u00e9e de lecture estim\u00e9e":"2 minutes"},"schema":{"@context":"https:\/\/schema.org","@graph":[{"@type":"WebPage","@id":"https:\/\/www.ladiagonale.net\/index.php\/2024\/11\/28\/hutter-a-son-opinion-sur-larbitrage\/","url":"https:\/\/www.ladiagonale.net\/index.php\/2024\/11\/28\/hutter-a-son-opinion-sur-larbitrage\/","name":"H\u00fctter a \u00ab\u00a0son opinion\u00a0\u00bb sur l\u2019arbitrage - La Diagonale","isPartOf":{"@id":"https:\/\/www.ladiagonale.net\/#website"},"datePublished":"2024-11-28T00:29:36+00:00","dateModified":"2024-11-28T12:16:04+00:00","author":{"@id":"https:\/\/www.ladiagonale.net\/#\/schema\/person\/79ff1e7b0853ed01b2aa26e64ad300bf"},"breadcrumb":{"@id":"https:\/\/www.ladiagonale.net\/index.php\/2024\/11\/28\/hutter-a-son-opinion-sur-larbitrage\/#breadcrumb"},"inLanguage":"fr-FR","potentialAction":[{"@type":"ReadAction","target":["https:\/\/www.ladiagonale.net\/index.php\/2024\/11\/28\/hutter-a-son-opinion-sur-larbitrage\/"]}]},{"@type":"BreadcrumbList","@id":"https:\/\/www.ladiagonale.net\/index.php\/2024\/11\/28\/hutter-a-son-opinion-sur-larbitrage\/#breadcrumb","itemListElement":[{"@type":"ListItem","position":1,"name":"Accueil","item":"https:\/\/www.ladiagonale.net\/"},{"@type":"ListItem","position":2,"name":"H\u00fctter a \u00ab\u00a0son opinion\u00a0\u00bb sur l\u2019arbitrage"}]},{"@type":"WebSite","@id":"https:\/\/www.ladiagonale.net\/#website","url":"https:\/\/www.ladiagonale.net\/","name":"La Diagonale","description":"Le site des supporters de l&#039;AS Monaco FC","potentialAction":[{"@type":"SearchAction","target":{"@type":"EntryPoint","urlTemplate":"https:\/\/www.ladiagonale.net\/?s={search_term_string}"},"query-input":"required name=search_term_string"}],"inLanguage":"fr-FR"},{"@type":"Person","@id":"https:\/\/www.ladiagonale.net\/#\/schema\/person\/79ff1e7b0853ed01b2aa26e64ad300bf","name":"Damien Dellerba","image":{"@type":"ImageObject","inLanguage":"fr-FR","@id":"https:\/\/www.ladiagonale.net\/#\/schema\/person\/image\/","url":"https:\/\/secure.gravatar.com\/avatar\/c7850e06d3ff63cdbaee88b7fc16e2f0?s=96&d=mm&r=g","contentUrl":"https:\/\/secure.gravatar.com\/avatar\/c7850e06d3ff63cdbaee88b7fc16e2f0?s=96&d=mm&r=g","caption":"Damien Dellerba"},"url":"https:\/\/www.ladiagonale.net\/index.php\/author\/damien\/"}]}},"_links":{"self":[{"href":"https:\/\/www.ladiagonale.net\/index.php\/wp-json\/wp\/v2\/posts\/27789"}],"collection":[{"href":"https:\/\/www.ladiagonale.net\/index.php\/wp-json\/wp\/v2\/posts"}],"about":[{"href":"https:\/\/www.ladiagonale.net\/index.php\/wp-json\/wp\/v2\/types\/post"}],"author":[{"embeddable":true,"href":"https:\/\/www.ladiagonale.net\/index.php\/wp-json\/wp\/v2\/users\/2"}],"replies":[{"embeddable":true,"href":"https:\/\/www.ladiagonale.net\/index.php\/wp-json\/wp\/v2\/comments?post=27789"}],"version-history":[{"count":4,"href":"https:\/\/www.ladiagonale.net\/index.php\/wp-json\/wp\/v2\/posts\/27789\/revisions"}],"predecessor-version":[{"id":27807,"href":"https:\/\/www.ladiagonale.net\/index.php\/wp-json\/wp\/v2\/posts\/27789\/revisions\/27807"}],"wp:attachment":[{"href":"https:\/\/www.ladiagonale.net\/index.php\/wp-json\/wp\/v2\/media?parent=27789"}],"wp:term":[{"taxonomy":"category","embeddable":true,"href":"https:\/\/www.ladiagonale.net\/index.php\/wp-json\/wp\/v2\/categories?post=27789"},{"taxonomy":"post_tag","embeddable":true,"href":"https:\/\/www.ladiagonale.net\/index.php\/wp-json\/wp\/v2\/tags?post=27789"}],"curies":[{"name":"wp","href":"https:\/\/api.w.org\/{rel}","templated":true}]}}