{"id":27821,"date":"2024-11-28T17:36:40","date_gmt":"2024-11-28T16:36:40","guid":{"rendered":"https:\/\/www.ladiagonale.net\/?p=27821"},"modified":"2024-11-28T17:49:43","modified_gmt":"2024-11-28T16:49:43","slug":"en-colere-monaco-va-ecrire-a-luefa-pour-se-plaindre-de-larbitrage","status":"publish","type":"post","link":"https:\/\/www.ladiagonale.net\/index.php\/2024\/11\/28\/en-colere-monaco-va-ecrire-a-luefa-pour-se-plaindre-de-larbitrage\/","title":{"rendered":"En col\u00e8re, Monaco va \u00e9crire \u00e0 l\u2019UEFA pour se plaindre de l\u2019arbitrage"},"content":{"rendered":"\n<p>Apr\u00e8s la prestation chaotique et l\u2019attitude d\u00e9sagr\u00e9able de l\u2019arbitre Rade Obrenovic lors de Monaco-Benfica, le club de la Principaut\u00e9 ne souhaite pas en rester l\u00e0. D\u2019apr\u00e8s <em>L\u2019\u00c9quipe<\/em>, l\u2019ASM et ses dirigeants, passablement \u00e9nerv\u00e9s par la prestation du Slov\u00e8ne de 34 ans, vont envoyer un courrier \u00e0 l\u2019UEFA pour \u00e9pancher leur col\u00e8re et leur frustration. Obrenovic a pris des d\u00e9cisions contestables pendant la partie, comme l\u2019absence de deuxi\u00e8me jaune pour le benfiquiste Carreras ou un rouge s\u00e9v\u00e8re pour Singo, des choses qui peuvent arriver au cours d\u2019une rencontre. <\/p>\n\n\n\n<p>Ce que les Mon\u00e9gasques ne dig\u00e8rent pas, en revanche, c\u2019est l\u2019attitude incorrecte de celui-ci \u00e0 leur \u00e9gard. Parmi les images marquantes de la soir\u00e9e, le geste de la main pour intimer \u00e0 Thilo Kehrer de se taire apr\u00e8s que ce dernier soit venu protester contre ses d\u00e9cisions. En zone mixte, Denis Zakaria, a confi\u00e9 son d\u00e9sarroi face \u00e0 l\u2019attitude \u00ab <em>arrogante<\/em> \u00bb de l\u2019homme en noir : \u00ab&nbsp;<em>Normalement je suis cens\u00e9 pouvoir parler avec l\u2019arbitre, mais il n\u2019a pas voulu et m\u2019a mis directement un jaune. C\u2019est dommage d\u2019avoir une telle attitude, car il tournait le dos d\u00e8s que je voulais dialoguer.<\/em>&nbsp;\u00bb <\/p>\n\n\n\n<blockquote class=\"twitter-tweet\"><p lang=\"fr\" dir=\"ltr\">La classe ! \ud83d\udc4f <a href=\"https:\/\/t.co\/4uFRLnwr7a\">pic.twitter.com\/4uFRLnwr7a<\/a><\/p>\u2014 Lig&rsquo;ASM \ud83c\uddf2\ud83c\udde8 (@LigASM_) <a href=\"https:\/\/twitter.com\/LigASM_\/status\/1861896839831662645?ref_src=twsrc%5Etfw\">November 27, 2024<\/a><\/blockquote> <script async=\"\" src=\"https:\/\/platform.twitter.com\/widgets.js\" charset=\"utf-8\"><\/script>\n\n\n\n<p>Adi H\u00fctter a \u00e9t\u00e9 lui aussi victime d\u2019Obrenovic. Apr\u00e8s le coup de sifflet final, l&rsquo;entra\u00eeneur de l&rsquo;AS Monaco a re\u00e7u un carton jaune pour \u00eatre all\u00e9 lui dire le fond de sa pens\u00e9e. Malgr\u00e9 une main tendue par l&rsquo;Autrichien, le Slov\u00e8ne ne l&rsquo;a pas saisie, pr\u00e9f\u00e9rant d&rsquo;abord lui distribuer une biscotte. Ce n&rsquo;est qu&rsquo;apr\u00e8s un \u00e9change entre les deux hommes qu&rsquo;il a accept\u00e9 de lui serrer la main. <\/p>\n\n\n\n<blockquote class=\"twitter-tweet\"><p lang=\"fr\" dir=\"ltr\">\u00c0 la fin du match Adi H\u00fctter est all\u00e9 se plaindre aupr\u00e8s de l\u2019arbitre face \u00e0 sa (pi\u00e8tre) prestation de ce soir. Il a r\u00e9colt\u00e9 lui aussi un carton jaune. Lamentable. <a href=\"https:\/\/twitter.com\/hashtag\/ASMSLB?src=hash&amp;ref_src=twsrc%5Etfw\">#ASMSLB<\/a> <a href=\"https:\/\/t.co\/acCAOvnrdJ\">pic.twitter.com\/acCAOvnrdJ<\/a><\/p>\u2014 Sacha Jouanne (@Sacha_Jouanne) <a href=\"https:\/\/twitter.com\/Sacha_Jouanne\/status\/1861893043646869537?ref_src=twsrc%5Etfw\">November 27, 2024<\/a><\/blockquote> <script async=\"\" src=\"https:\/\/platform.twitter.com\/widgets.js\" charset=\"utf-8\"><\/script>\n","protected":false},"excerpt":{"rendered":"<p>Apr\u00e8s la prestation chaotique et l\u2019attitude d\u00e9sagr\u00e9able de l\u2019arbitre Rade Obrenovic lors de Monaco-Benfica, le club de la Principaut\u00e9 ne souhaite pas en rester l\u00e0. D\u2019apr\u00e8s L\u2019\u00c9quipe, l\u2019ASM et ses dirigeants, passablement \u00e9nerv\u00e9s par la prestation du Slov\u00e8ne de 34 ans, vont envoyer un courrier \u00e0 l\u2019UEFA pour \u00e9pancher leur col\u00e8re et leur frustration. Obrenovic [&#8230;]\n","protected":false},"author":2,"featured_media":0,"comment_status":"open","ping_status":"open","sticky":false,"template":"","format":"standard","meta":[],"categories":[4,6],"tags":[156,86,287,948,947,434],"yoast_head":"<!-- This site is optimized with the Yoast SEO plugin v19.8 - https:\/\/yoast.com\/wordpress\/plugins\/seo\/ -->\n<title>En col\u00e8re, Monaco va \u00e9crire \u00e0 l\u2019UEFA pour se plaindre de l\u2019arbitrage - La Diagonale<\/title>\n<meta name=\"robots\" content=\"index, follow, max-snippet:-1, max-image-preview:large, max-video-preview:-1\" \/>\n<link rel=\"canonical\" href=\"https:\/\/www.ladiagonale.net\/index.php\/2024\/11\/28\/en-colere-monaco-va-ecrire-a-luefa-pour-se-plaindre-de-larbitrage\/\" \/>\n<meta property=\"og:locale\" content=\"fr_FR\" \/>\n<meta property=\"og:type\" content=\"article\" \/>\n<meta property=\"og:title\" content=\"En col\u00e8re, Monaco va \u00e9crire \u00e0 l\u2019UEFA pour se plaindre de l\u2019arbitrage - La Diagonale\" \/>\n<meta property=\"og:description\" content=\"Apr\u00e8s la prestation chaotique et l\u2019attitude d\u00e9sagr\u00e9able de l\u2019arbitre Rade Obrenovic lors de Monaco-Benfica, le club de la Principaut\u00e9 ne souhaite pas en rester l\u00e0. D\u2019apr\u00e8s L\u2019\u00c9quipe, l\u2019ASM et ses dirigeants, passablement \u00e9nerv\u00e9s par la prestation du Slov\u00e8ne de 34 ans, vont envoyer un courrier \u00e0 l\u2019UEFA pour \u00e9pancher leur col\u00e8re et leur frustration. Obrenovic [...]\" \/>\n<meta property=\"og:url\" content=\"https:\/\/www.ladiagonale.net\/index.php\/2024\/11\/28\/en-colere-monaco-va-ecrire-a-luefa-pour-se-plaindre-de-larbitrage\/\" \/>\n<meta property=\"og:site_name\" content=\"La Diagonale\" \/>\n<meta property=\"article:published_time\" content=\"2024-11-28T16:36:40+00:00\" \/>\n<meta property=\"article:modified_time\" content=\"2024-11-28T16:49:43+00:00\" \/>\n<meta property=\"og:image\" content=\"https:\/\/www.ladiagonale.net\/wp-content\/uploads\/2024\/11\/Obrenovic-1.png\" \/>\n\t<meta property=\"og:image:width\" content=\"1160\" \/>\n\t<meta property=\"og:image:height\" content=\"650\" \/>\n\t<meta property=\"og:image:type\" content=\"image\/png\" \/>\n<meta name=\"author\" content=\"Damien Dellerba\" \/>\n<meta name=\"twitter:card\" content=\"summary_large_image\" \/>\n<meta name=\"twitter:image\" content=\"https:\/\/www.ladiagonale.net\/wp-content\/uploads\/2024\/11\/Obrenovic-1.png\" \/>\n<meta name=\"twitter:label1\" content=\"\u00c9crit par\" \/>\n\t<meta name=\"twitter:data1\" content=\"Damien Dellerba\" \/>\n\t<meta name=\"twitter:label2\" content=\"Dur\u00e9e de lecture estim\u00e9e\" \/>\n\t<meta name=\"twitter:data2\" content=\"2 minutes\" \/>\n<script type=\"application\/ld+json\" class=\"yoast-schema-graph\">{\"@context\":\"https:\/\/schema.org\",\"@graph\":[{\"@type\":\"WebPage\",\"@id\":\"https:\/\/www.ladiagonale.net\/index.php\/2024\/11\/28\/en-colere-monaco-va-ecrire-a-luefa-pour-se-plaindre-de-larbitrage\/\",\"url\":\"https:\/\/www.ladiagonale.net\/index.php\/2024\/11\/28\/en-colere-monaco-va-ecrire-a-luefa-pour-se-plaindre-de-larbitrage\/\",\"name\":\"En col\u00e8re, Monaco va \u00e9crire \u00e0 l\u2019UEFA pour se plaindre de l\u2019arbitrage - La Diagonale\",\"isPartOf\":{\"@id\":\"https:\/\/www.ladiagonale.net\/#website\"},\"datePublished\":\"2024-11-28T16:36:40+00:00\",\"dateModified\":\"2024-11-28T16:49:43+00:00\",\"author\":{\"@id\":\"https:\/\/www.ladiagonale.net\/#\/schema\/person\/79ff1e7b0853ed01b2aa26e64ad300bf\"},\"breadcrumb\":{\"@id\":\"https:\/\/www.ladiagonale.net\/index.php\/2024\/11\/28\/en-colere-monaco-va-ecrire-a-luefa-pour-se-plaindre-de-larbitrage\/#breadcrumb\"},\"inLanguage\":\"fr-FR\",\"potentialAction\":[{\"@type\":\"ReadAction\",\"target\":[\"https:\/\/www.ladiagonale.net\/index.php\/2024\/11\/28\/en-colere-monaco-va-ecrire-a-luefa-pour-se-plaindre-de-larbitrage\/\"]}]},{\"@type\":\"BreadcrumbList\",\"@id\":\"https:\/\/www.ladiagonale.net\/index.php\/2024\/11\/28\/en-colere-monaco-va-ecrire-a-luefa-pour-se-plaindre-de-larbitrage\/#breadcrumb\",\"itemListElement\":[{\"@type\":\"ListItem\",\"position\":1,\"name\":\"Accueil\",\"item\":\"https:\/\/www.ladiagonale.net\/\"},{\"@type\":\"ListItem\",\"position\":2,\"name\":\"En col\u00e8re, Monaco va \u00e9crire \u00e0 l\u2019UEFA pour se plaindre de l\u2019arbitrage\"}]},{\"@type\":\"WebSite\",\"@id\":\"https:\/\/www.ladiagonale.net\/#website\",\"url\":\"https:\/\/www.ladiagonale.net\/\",\"name\":\"La Diagonale\",\"description\":\"Le site des supporters de l&#039;AS Monaco FC\",\"potentialAction\":[{\"@type\":\"SearchAction\",\"target\":{\"@type\":\"EntryPoint\",\"urlTemplate\":\"https:\/\/www.ladiagonale.net\/?s={search_term_string}\"},\"query-input\":\"required name=search_term_string\"}],\"inLanguage\":\"fr-FR\"},{\"@type\":\"Person\",\"@id\":\"https:\/\/www.ladiagonale.net\/#\/schema\/person\/79ff1e7b0853ed01b2aa26e64ad300bf\",\"name\":\"Damien Dellerba\",\"image\":{\"@type\":\"ImageObject\",\"inLanguage\":\"fr-FR\",\"@id\":\"https:\/\/www.ladiagonale.net\/#\/schema\/person\/image\/\",\"url\":\"https:\/\/secure.gravatar.com\/avatar\/c7850e06d3ff63cdbaee88b7fc16e2f0?s=96&d=mm&r=g\",\"contentUrl\":\"https:\/\/secure.gravatar.com\/avatar\/c7850e06d3ff63cdbaee88b7fc16e2f0?s=96&d=mm&r=g\",\"caption\":\"Damien Dellerba\"},\"url\":\"https:\/\/www.ladiagonale.net\/index.php\/author\/damien\/\"}]}<\/script>\n<!-- \/ Yoast SEO plugin. -->","yoast_head_json":{"title":"En col\u00e8re, Monaco va \u00e9crire \u00e0 l\u2019UEFA pour se plaindre de l\u2019arbitrage - La Diagonale","robots":{"index":"index","follow":"follow","max-snippet":"max-snippet:-1","max-image-preview":"max-image-preview:large","max-video-preview":"max-video-preview:-1"},"canonical":"https:\/\/www.ladiagonale.net\/index.php\/2024\/11\/28\/en-colere-monaco-va-ecrire-a-luefa-pour-se-plaindre-de-larbitrage\/","og_locale":"fr_FR","og_type":"article","og_title":"En col\u00e8re, Monaco va \u00e9crire \u00e0 l\u2019UEFA pour se plaindre de l\u2019arbitrage - La Diagonale","og_description":"Apr\u00e8s la prestation chaotique et l\u2019attitude d\u00e9sagr\u00e9able de l\u2019arbitre Rade Obrenovic lors de Monaco-Benfica, le club de la Principaut\u00e9 ne souhaite pas en rester l\u00e0. D\u2019apr\u00e8s L\u2019\u00c9quipe, l\u2019ASM et ses dirigeants, passablement \u00e9nerv\u00e9s par la prestation du Slov\u00e8ne de 34 ans, vont envoyer un courrier \u00e0 l\u2019UEFA pour \u00e9pancher leur col\u00e8re et leur frustration. Obrenovic [...]","og_url":"https:\/\/www.ladiagonale.net\/index.php\/2024\/11\/28\/en-colere-monaco-va-ecrire-a-luefa-pour-se-plaindre-de-larbitrage\/","og_site_name":"La Diagonale","article_published_time":"2024-11-28T16:36:40+00:00","article_modified_time":"2024-11-28T16:49:43+00:00","og_image":[{"width":1160,"height":650,"url":"https:\/\/www.ladiagonale.net\/wp-content\/uploads\/2024\/11\/Obrenovic-1.png","type":"image\/png"}],"author":"Damien Dellerba","twitter_card":"summary_large_image","twitter_image":"https:\/\/www.ladiagonale.net\/wp-content\/uploads\/2024\/11\/Obrenovic-1.png","twitter_misc":{"\u00c9crit par":"Damien Dellerba","Dur\u00e9e de lecture estim\u00e9e":"2 minutes"},"schema":{"@context":"https:\/\/schema.org","@graph":[{"@type":"WebPage","@id":"https:\/\/www.ladiagonale.net\/index.php\/2024\/11\/28\/en-colere-monaco-va-ecrire-a-luefa-pour-se-plaindre-de-larbitrage\/","url":"https:\/\/www.ladiagonale.net\/index.php\/2024\/11\/28\/en-colere-monaco-va-ecrire-a-luefa-pour-se-plaindre-de-larbitrage\/","name":"En col\u00e8re, Monaco va \u00e9crire \u00e0 l\u2019UEFA pour se plaindre de l\u2019arbitrage - La Diagonale","isPartOf":{"@id":"https:\/\/www.ladiagonale.net\/#website"},"datePublished":"2024-11-28T16:36:40+00:00","dateModified":"2024-11-28T16:49:43+00:00","author":{"@id":"https:\/\/www.ladiagonale.net\/#\/schema\/person\/79ff1e7b0853ed01b2aa26e64ad300bf"},"breadcrumb":{"@id":"https:\/\/www.ladiagonale.net\/index.php\/2024\/11\/28\/en-colere-monaco-va-ecrire-a-luefa-pour-se-plaindre-de-larbitrage\/#breadcrumb"},"inLanguage":"fr-FR","potentialAction":[{"@type":"ReadAction","target":["https:\/\/www.ladiagonale.net\/index.php\/2024\/11\/28\/en-colere-monaco-va-ecrire-a-luefa-pour-se-plaindre-de-larbitrage\/"]}]},{"@type":"BreadcrumbList","@id":"https:\/\/www.ladiagonale.net\/index.php\/2024\/11\/28\/en-colere-monaco-va-ecrire-a-luefa-pour-se-plaindre-de-larbitrage\/#breadcrumb","itemListElement":[{"@type":"ListItem","position":1,"name":"Accueil","item":"https:\/\/www.ladiagonale.net\/"},{"@type":"ListItem","position":2,"name":"En col\u00e8re, Monaco va \u00e9crire \u00e0 l\u2019UEFA pour se plaindre de l\u2019arbitrage"}]},{"@type":"WebSite","@id":"https:\/\/www.ladiagonale.net\/#website","url":"https:\/\/www.ladiagonale.net\/","name":"La Diagonale","description":"Le site des supporters de l&#039;AS Monaco FC","potentialAction":[{"@type":"SearchAction","target":{"@type":"EntryPoint","urlTemplate":"https:\/\/www.ladiagonale.net\/?s={search_term_string}"},"query-input":"required name=search_term_string"}],"inLanguage":"fr-FR"},{"@type":"Person","@id":"https:\/\/www.ladiagonale.net\/#\/schema\/person\/79ff1e7b0853ed01b2aa26e64ad300bf","name":"Damien Dellerba","image":{"@type":"ImageObject","inLanguage":"fr-FR","@id":"https:\/\/www.ladiagonale.net\/#\/schema\/person\/image\/","url":"https:\/\/secure.gravatar.com\/avatar\/c7850e06d3ff63cdbaee88b7fc16e2f0?s=96&d=mm&r=g","contentUrl":"https:\/\/secure.gravatar.com\/avatar\/c7850e06d3ff63cdbaee88b7fc16e2f0?s=96&d=mm&r=g","caption":"Damien Dellerba"},"url":"https:\/\/www.ladiagonale.net\/index.php\/author\/damien\/"}]}},"_links":{"self":[{"href":"https:\/\/www.ladiagonale.net\/index.php\/wp-json\/wp\/v2\/posts\/27821"}],"collection":[{"href":"https:\/\/www.ladiagonale.net\/index.php\/wp-json\/wp\/v2\/posts"}],"about":[{"href":"https:\/\/www.ladiagonale.net\/index.php\/wp-json\/wp\/v2\/types\/post"}],"author":[{"embeddable":true,"href":"https:\/\/www.ladiagonale.net\/index.php\/wp-json\/wp\/v2\/users\/2"}],"replies":[{"embeddable":true,"href":"https:\/\/www.ladiagonale.net\/index.php\/wp-json\/wp\/v2\/comments?post=27821"}],"version-history":[{"count":3,"href":"https:\/\/www.ladiagonale.net\/index.php\/wp-json\/wp\/v2\/posts\/27821\/revisions"}],"predecessor-version":[{"id":27825,"href":"https:\/\/www.ladiagonale.net\/index.php\/wp-json\/wp\/v2\/posts\/27821\/revisions\/27825"}],"wp:attachment":[{"href":"https:\/\/www.ladiagonale.net\/index.php\/wp-json\/wp\/v2\/media?parent=27821"}],"wp:term":[{"taxonomy":"category","embeddable":true,"href":"https:\/\/www.ladiagonale.net\/index.php\/wp-json\/wp\/v2\/categories?post=27821"},{"taxonomy":"post_tag","embeddable":true,"href":"https:\/\/www.ladiagonale.net\/index.php\/wp-json\/wp\/v2\/tags?post=27821"}],"curies":[{"name":"wp","href":"https:\/\/api.w.org\/{rel}","templated":true}]}}