{"id":27832,"date":"2024-11-29T18:18:17","date_gmt":"2024-11-29T17:18:17","guid":{"rendered":"https:\/\/www.ladiagonale.net\/?p=27832"},"modified":"2024-11-29T18:18:18","modified_gmt":"2024-11-29T17:18:18","slug":"hutter-en-phase-avec-le-club-sur-la-question-de-larbitrage","status":"publish","type":"post","link":"https:\/\/www.ladiagonale.net\/index.php\/2024\/11\/29\/hutter-en-phase-avec-le-club-sur-la-question-de-larbitrage\/","title":{"rendered":"H\u00fctter \u00ab\u00a0en phase\u00a0\u00bb avec le club sur la question de l\u2019arbitrage"},"content":{"rendered":"\n\n\n<p>On a beaucoup plus parl\u00e9 d\u2019arbitrage que de football apr\u00e8s la rencontre de mercredi entre Monaco et Benfica, et celle qui s\u2019annonce contre Marseille a \u00e9t\u00e9 l\u2019occasion d\u2019en remettre une couche. Si l\u2019ASM <a href=\"https:\/\/www.ladiagonale.net\/index.php\/2024\/11\/28\/en-colere-monaco-va-ecrire-a-luefa-pour-se-plaindre-de-larbitrage\/\" target=\"_blank\" rel=\"noreferrer noopener\">a \u00e9crit \u00e0 l\u2019UEFA pour se plaindre<\/a> de l\u2019arbitre de mercredi, elle a aussi diffus\u00e9 le message qu\u2019elle ne <a href=\"https:\/\/www.ladiagonale.net\/index.php\/2024\/11\/28\/monaco-inquiet-a-lidee-davoir-pignard-au-var-pour-le-match-contre-marseille\/\" target=\"_blank\" rel=\"noreferrer noopener\">go\u00fbtait gu\u00e8re \u00e0 la nomination<\/a> de J\u00e9r\u00e9mie Pignard \u00e0 l\u2019assistance vid\u00e9o. En conf\u00e9rence de presse, Adi H\u00fctter a indiqu\u00e9 \u00eatre \u00ab\u00a0<em>absolument en phase avec ce qu\u2019a fait le club<\/em>\u00a0\u00bb m\u00eame s\u2019il a reconnu qu\u2019il n\u2019avait pas le pouvoir d\u2019influer sur autre chose que sur son \u00e9quipe.<\/p>\n\n\n\n<p>\u00ab\u00a0<em>On n\u2019a pas d\u2019influence sur ceux qui nous arbitrent<\/em>, a d\u00e9clar\u00e9 l\u2019Autrichien avant d\u2019ajouter que Cl\u00e9ment Turpin, qui officiera dimanche soir au V\u00e9lodrome comme arbitre central, \u00e9tait une r\u00e9f\u00e9rence de l\u2019arbitrage au plus haut niveau. <em>On ne peut pas d\u00e9cider de celui que nous aurons dimanche, mais M. Turpin est l\u2019un des plus r\u00e9put\u00e9s et exp\u00e9riment\u00e9s d\u2019Europe. Dans tous les cas, je ne crois pas que nous devons apporter de l\u2019importance \u00e0 cela, mais plut\u00f4t nous concentrer sur ce que nous pouvons ma\u00eetriser.\u00a0<\/em>\u00bb<\/p>\n\n\n\n<p>Pour autant, H\u00fctter n\u2019est pas inquiet sur l\u2019arbitrage mais il veut que son \u00e9quipe soit capable de rester concentr\u00e9 sur le match : \u00ab\u00a0<em>Je suis responsable de mon \u00e9quipe et de mettre une tr\u00e8s bonne \u00e9quipe sur le terrain. C\u2019est un grand choc contre un rival. Je ne pense pas \u00e0 autre chose. Mon r\u00f4le c\u2019est qu\u2019on ait le bon \u00e9tat esprit pour contr\u00f4ler nos \u00e9motions. On peut avoir une autre opinion sur certaines situations mais j\u2019ai dit \u00e0 mes joueurs de rester concentr\u00e9s parce qu\u2019on peut vite prendre un jaune. On doit \u00eatre vigilants avec nos \u00e9motions.<\/em>\u00a0\u00bb<\/p>\n\n\n\n<p>Mercredi, le coach mon\u00e9gasque a re\u00e7u un carton jaune apr\u00e8s le coup de sifflet final : \u00ab\u00a0<em>\u00c0 la fin du match contre Benfica, j\u2019ai dit \u00e0 l\u2019arbitre :<\/em> \u00ab\u00a0Qu\u2019est-ce que tu fais?\u00a0\u00bb. <em>Il m\u2019a mis un jaune directement. C\u2019est trop. Zakaria est capitaine et la r\u00e8gle l\u2019autorise \u00e0 discuter avec les arbitres. Cette saison, il a pris un jaune deux fois apr\u00e8s avoir \u00e9chang\u00e9 avec eux. Je ne comprends pas.<\/em> \u00bb Une s\u00e9quence qui met en lumi\u00e8re l\u2019absence de dialogue avec l\u2019arbitre Rade Obrenovic&#8230; sauf avec certains : \u00ab <em>Je ne veux pas trop critiquer ou me plaindre, mais quelques joueurs de Benfica sont venus autour de l\u2019arbitre et aucun n\u2019a pris de carton. Nous, oui. C\u2019\u00e9tait un peu \u00e9trange. Il n\u2019a pas arbitr\u00e9 de la m\u00eame mani\u00e8re des deux c\u00f4t\u00e9s.<\/em>\u00a0\u00bb<\/p>\n\n\n\n<p class=\"has-text-align-right has-small-font-size\">Source : <em>Nice-Matin<\/em><\/p>\n","protected":false},"excerpt":{"rendered":"<p>On a beaucoup plus parl\u00e9 d\u2019arbitrage que de football apr\u00e8s la rencontre de mercredi entre Monaco et Benfica, et celle qui s\u2019annonce contre Marseille a \u00e9t\u00e9 l\u2019occasion d\u2019en remettre une couche. Si l\u2019ASM a \u00e9crit \u00e0 l\u2019UEFA pour se plaindre de l\u2019arbitre de mercredi, elle a aussi diffus\u00e9 le message qu\u2019elle ne go\u00fbtait gu\u00e8re \u00e0 [&#8230;]\n","protected":false},"author":2,"featured_media":0,"comment_status":"open","ping_status":"open","sticky":false,"template":"","format":"standard","meta":[],"categories":[6],"tags":[576,156,86,677,94,287,374,948,947],"yoast_head":"<!-- This site is optimized with the Yoast SEO plugin v19.8 - https:\/\/yoast.com\/wordpress\/plugins\/seo\/ -->\n<title>H\u00fctter \u00ab\u00a0en phase\u00a0\u00bb avec le club sur la question de l\u2019arbitrage - La Diagonale<\/title>\n<meta name=\"robots\" content=\"index, follow, max-snippet:-1, max-image-preview:large, max-video-preview:-1\" \/>\n<link rel=\"canonical\" href=\"https:\/\/www.ladiagonale.net\/index.php\/2024\/11\/29\/hutter-en-phase-avec-le-club-sur-la-question-de-larbitrage\/\" \/>\n<meta property=\"og:locale\" content=\"fr_FR\" \/>\n<meta property=\"og:type\" content=\"article\" \/>\n<meta property=\"og:title\" content=\"H\u00fctter \u00ab\u00a0en phase\u00a0\u00bb avec le club sur la question de l\u2019arbitrage - La Diagonale\" \/>\n<meta property=\"og:description\" content=\"On a beaucoup plus parl\u00e9 d\u2019arbitrage que de football apr\u00e8s la rencontre de mercredi entre Monaco et Benfica, et celle qui s\u2019annonce contre Marseille a \u00e9t\u00e9 l\u2019occasion d\u2019en remettre une couche. Si l\u2019ASM a \u00e9crit \u00e0 l\u2019UEFA pour se plaindre de l\u2019arbitre de mercredi, elle a aussi diffus\u00e9 le message qu\u2019elle ne go\u00fbtait gu\u00e8re \u00e0 [...]\" \/>\n<meta property=\"og:url\" content=\"https:\/\/www.ladiagonale.net\/index.php\/2024\/11\/29\/hutter-en-phase-avec-le-club-sur-la-question-de-larbitrage\/\" \/>\n<meta property=\"og:site_name\" content=\"La Diagonale\" \/>\n<meta property=\"article:published_time\" content=\"2024-11-29T17:18:17+00:00\" \/>\n<meta property=\"article:modified_time\" content=\"2024-11-29T17:18:18+00:00\" \/>\n<meta property=\"og:image\" content=\"https:\/\/www.ladiagonale.net\/wp-content\/uploads\/2024\/07\/Hu\u0308tter-training.png\" \/>\n\t<meta property=\"og:image:width\" content=\"1160\" \/>\n\t<meta property=\"og:image:height\" content=\"650\" \/>\n\t<meta property=\"og:image:type\" content=\"image\/png\" \/>\n<meta name=\"author\" content=\"Damien Dellerba\" \/>\n<meta name=\"twitter:card\" content=\"summary_large_image\" \/>\n<meta name=\"twitter:image\" content=\"https:\/\/www.ladiagonale.net\/wp-content\/uploads\/2024\/07\/Hu\u0308tter-training.png\" \/>\n<meta name=\"twitter:label1\" content=\"\u00c9crit par\" \/>\n\t<meta name=\"twitter:data1\" content=\"Damien Dellerba\" \/>\n\t<meta name=\"twitter:label2\" content=\"Dur\u00e9e de lecture estim\u00e9e\" \/>\n\t<meta name=\"twitter:data2\" content=\"3 minutes\" \/>\n<script type=\"application\/ld+json\" class=\"yoast-schema-graph\">{\"@context\":\"https:\/\/schema.org\",\"@graph\":[{\"@type\":\"WebPage\",\"@id\":\"https:\/\/www.ladiagonale.net\/index.php\/2024\/11\/29\/hutter-en-phase-avec-le-club-sur-la-question-de-larbitrage\/\",\"url\":\"https:\/\/www.ladiagonale.net\/index.php\/2024\/11\/29\/hutter-en-phase-avec-le-club-sur-la-question-de-larbitrage\/\",\"name\":\"H\u00fctter \u00ab\u00a0en phase\u00a0\u00bb avec le club sur la question de l\u2019arbitrage - La Diagonale\",\"isPartOf\":{\"@id\":\"https:\/\/www.ladiagonale.net\/#website\"},\"datePublished\":\"2024-11-29T17:18:17+00:00\",\"dateModified\":\"2024-11-29T17:18:18+00:00\",\"author\":{\"@id\":\"https:\/\/www.ladiagonale.net\/#\/schema\/person\/79ff1e7b0853ed01b2aa26e64ad300bf\"},\"breadcrumb\":{\"@id\":\"https:\/\/www.ladiagonale.net\/index.php\/2024\/11\/29\/hutter-en-phase-avec-le-club-sur-la-question-de-larbitrage\/#breadcrumb\"},\"inLanguage\":\"fr-FR\",\"potentialAction\":[{\"@type\":\"ReadAction\",\"target\":[\"https:\/\/www.ladiagonale.net\/index.php\/2024\/11\/29\/hutter-en-phase-avec-le-club-sur-la-question-de-larbitrage\/\"]}]},{\"@type\":\"BreadcrumbList\",\"@id\":\"https:\/\/www.ladiagonale.net\/index.php\/2024\/11\/29\/hutter-en-phase-avec-le-club-sur-la-question-de-larbitrage\/#breadcrumb\",\"itemListElement\":[{\"@type\":\"ListItem\",\"position\":1,\"name\":\"Accueil\",\"item\":\"https:\/\/www.ladiagonale.net\/\"},{\"@type\":\"ListItem\",\"position\":2,\"name\":\"H\u00fctter \u00ab\u00a0en phase\u00a0\u00bb avec le club sur la question de l\u2019arbitrage\"}]},{\"@type\":\"WebSite\",\"@id\":\"https:\/\/www.ladiagonale.net\/#website\",\"url\":\"https:\/\/www.ladiagonale.net\/\",\"name\":\"La Diagonale\",\"description\":\"Le site des supporters de l&#039;AS Monaco FC\",\"potentialAction\":[{\"@type\":\"SearchAction\",\"target\":{\"@type\":\"EntryPoint\",\"urlTemplate\":\"https:\/\/www.ladiagonale.net\/?s={search_term_string}\"},\"query-input\":\"required name=search_term_string\"}],\"inLanguage\":\"fr-FR\"},{\"@type\":\"Person\",\"@id\":\"https:\/\/www.ladiagonale.net\/#\/schema\/person\/79ff1e7b0853ed01b2aa26e64ad300bf\",\"name\":\"Damien Dellerba\",\"image\":{\"@type\":\"ImageObject\",\"inLanguage\":\"fr-FR\",\"@id\":\"https:\/\/www.ladiagonale.net\/#\/schema\/person\/image\/\",\"url\":\"https:\/\/secure.gravatar.com\/avatar\/c7850e06d3ff63cdbaee88b7fc16e2f0?s=96&d=mm&r=g\",\"contentUrl\":\"https:\/\/secure.gravatar.com\/avatar\/c7850e06d3ff63cdbaee88b7fc16e2f0?s=96&d=mm&r=g\",\"caption\":\"Damien Dellerba\"},\"url\":\"https:\/\/www.ladiagonale.net\/index.php\/author\/damien\/\"}]}<\/script>\n<!-- \/ Yoast SEO plugin. -->","yoast_head_json":{"title":"H\u00fctter \u00ab\u00a0en phase\u00a0\u00bb avec le club sur la question de l\u2019arbitrage - La Diagonale","robots":{"index":"index","follow":"follow","max-snippet":"max-snippet:-1","max-image-preview":"max-image-preview:large","max-video-preview":"max-video-preview:-1"},"canonical":"https:\/\/www.ladiagonale.net\/index.php\/2024\/11\/29\/hutter-en-phase-avec-le-club-sur-la-question-de-larbitrage\/","og_locale":"fr_FR","og_type":"article","og_title":"H\u00fctter \u00ab\u00a0en phase\u00a0\u00bb avec le club sur la question de l\u2019arbitrage - La Diagonale","og_description":"On a beaucoup plus parl\u00e9 d\u2019arbitrage que de football apr\u00e8s la rencontre de mercredi entre Monaco et Benfica, et celle qui s\u2019annonce contre Marseille a \u00e9t\u00e9 l\u2019occasion d\u2019en remettre une couche. Si l\u2019ASM a \u00e9crit \u00e0 l\u2019UEFA pour se plaindre de l\u2019arbitre de mercredi, elle a aussi diffus\u00e9 le message qu\u2019elle ne go\u00fbtait gu\u00e8re \u00e0 [...]","og_url":"https:\/\/www.ladiagonale.net\/index.php\/2024\/11\/29\/hutter-en-phase-avec-le-club-sur-la-question-de-larbitrage\/","og_site_name":"La Diagonale","article_published_time":"2024-11-29T17:18:17+00:00","article_modified_time":"2024-11-29T17:18:18+00:00","og_image":[{"width":1160,"height":650,"url":"https:\/\/www.ladiagonale.net\/wp-content\/uploads\/2024\/07\/Hu\u0308tter-training.png","type":"image\/png"}],"author":"Damien Dellerba","twitter_card":"summary_large_image","twitter_image":"https:\/\/www.ladiagonale.net\/wp-content\/uploads\/2024\/07\/Hu\u0308tter-training.png","twitter_misc":{"\u00c9crit par":"Damien Dellerba","Dur\u00e9e de lecture estim\u00e9e":"3 minutes"},"schema":{"@context":"https:\/\/schema.org","@graph":[{"@type":"WebPage","@id":"https:\/\/www.ladiagonale.net\/index.php\/2024\/11\/29\/hutter-en-phase-avec-le-club-sur-la-question-de-larbitrage\/","url":"https:\/\/www.ladiagonale.net\/index.php\/2024\/11\/29\/hutter-en-phase-avec-le-club-sur-la-question-de-larbitrage\/","name":"H\u00fctter \u00ab\u00a0en phase\u00a0\u00bb avec le club sur la question de l\u2019arbitrage - La Diagonale","isPartOf":{"@id":"https:\/\/www.ladiagonale.net\/#website"},"datePublished":"2024-11-29T17:18:17+00:00","dateModified":"2024-11-29T17:18:18+00:00","author":{"@id":"https:\/\/www.ladiagonale.net\/#\/schema\/person\/79ff1e7b0853ed01b2aa26e64ad300bf"},"breadcrumb":{"@id":"https:\/\/www.ladiagonale.net\/index.php\/2024\/11\/29\/hutter-en-phase-avec-le-club-sur-la-question-de-larbitrage\/#breadcrumb"},"inLanguage":"fr-FR","potentialAction":[{"@type":"ReadAction","target":["https:\/\/www.ladiagonale.net\/index.php\/2024\/11\/29\/hutter-en-phase-avec-le-club-sur-la-question-de-larbitrage\/"]}]},{"@type":"BreadcrumbList","@id":"https:\/\/www.ladiagonale.net\/index.php\/2024\/11\/29\/hutter-en-phase-avec-le-club-sur-la-question-de-larbitrage\/#breadcrumb","itemListElement":[{"@type":"ListItem","position":1,"name":"Accueil","item":"https:\/\/www.ladiagonale.net\/"},{"@type":"ListItem","position":2,"name":"H\u00fctter \u00ab\u00a0en phase\u00a0\u00bb avec le club sur la question de l\u2019arbitrage"}]},{"@type":"WebSite","@id":"https:\/\/www.ladiagonale.net\/#website","url":"https:\/\/www.ladiagonale.net\/","name":"La Diagonale","description":"Le site des supporters de l&#039;AS Monaco FC","potentialAction":[{"@type":"SearchAction","target":{"@type":"EntryPoint","urlTemplate":"https:\/\/www.ladiagonale.net\/?s={search_term_string}"},"query-input":"required name=search_term_string"}],"inLanguage":"fr-FR"},{"@type":"Person","@id":"https:\/\/www.ladiagonale.net\/#\/schema\/person\/79ff1e7b0853ed01b2aa26e64ad300bf","name":"Damien Dellerba","image":{"@type":"ImageObject","inLanguage":"fr-FR","@id":"https:\/\/www.ladiagonale.net\/#\/schema\/person\/image\/","url":"https:\/\/secure.gravatar.com\/avatar\/c7850e06d3ff63cdbaee88b7fc16e2f0?s=96&d=mm&r=g","contentUrl":"https:\/\/secure.gravatar.com\/avatar\/c7850e06d3ff63cdbaee88b7fc16e2f0?s=96&d=mm&r=g","caption":"Damien Dellerba"},"url":"https:\/\/www.ladiagonale.net\/index.php\/author\/damien\/"}]}},"_links":{"self":[{"href":"https:\/\/www.ladiagonale.net\/index.php\/wp-json\/wp\/v2\/posts\/27832"}],"collection":[{"href":"https:\/\/www.ladiagonale.net\/index.php\/wp-json\/wp\/v2\/posts"}],"about":[{"href":"https:\/\/www.ladiagonale.net\/index.php\/wp-json\/wp\/v2\/types\/post"}],"author":[{"embeddable":true,"href":"https:\/\/www.ladiagonale.net\/index.php\/wp-json\/wp\/v2\/users\/2"}],"replies":[{"embeddable":true,"href":"https:\/\/www.ladiagonale.net\/index.php\/wp-json\/wp\/v2\/comments?post=27832"}],"version-history":[{"count":1,"href":"https:\/\/www.ladiagonale.net\/index.php\/wp-json\/wp\/v2\/posts\/27832\/revisions"}],"predecessor-version":[{"id":27833,"href":"https:\/\/www.ladiagonale.net\/index.php\/wp-json\/wp\/v2\/posts\/27832\/revisions\/27833"}],"wp:attachment":[{"href":"https:\/\/www.ladiagonale.net\/index.php\/wp-json\/wp\/v2\/media?parent=27832"}],"wp:term":[{"taxonomy":"category","embeddable":true,"href":"https:\/\/www.ladiagonale.net\/index.php\/wp-json\/wp\/v2\/categories?post=27832"},{"taxonomy":"post_tag","embeddable":true,"href":"https:\/\/www.ladiagonale.net\/index.php\/wp-json\/wp\/v2\/tags?post=27832"}],"curies":[{"name":"wp","href":"https:\/\/api.w.org\/{rel}","templated":true}]}}