{"id":27910,"date":"2024-12-03T02:11:11","date_gmt":"2024-12-03T01:11:11","guid":{"rendered":"https:\/\/www.ladiagonale.net\/?p=27910"},"modified":"2024-12-03T02:28:16","modified_gmt":"2024-12-03T01:28:16","slug":"un-desaccord-entre-monaco-et-le-psg-sur-lhoraire-du-trophee-des-champions","status":"publish","type":"post","link":"https:\/\/www.ladiagonale.net\/index.php\/2024\/12\/03\/un-desaccord-entre-monaco-et-le-psg-sur-lhoraire-du-trophee-des-champions\/","title":{"rendered":"Un d\u00e9saccord entre Monaco et le PSG sur l\u2019horaire du Troph\u00e9e des champions ?"},"content":{"rendered":"\n\n\n<p>Si la LFP a ent\u00e9rin\u00e9 la reprogrammation du Troph\u00e9e des champions entre Monaco et le PSG au 5 janvier, d\u00e9pla\u00e7ant au passage la rencontre de la 16<sup>e<\/sup> journ\u00e9e de Ligue 1 entre les deux protagonistes au 18 d\u00e9cembre, l\u2019horaire du match n\u2019est pas encore fix\u00e9. En cause, un d\u00e9saccord entre les deux clubs, croit savoir <em>RMC Sport<\/em>, et la Ligue pourrait r\u00e9gler cette question jeudi, \u00e0 l&rsquo;occasion de sa prochaine assembl\u00e9e g\u00e9n\u00e9rale.<\/p>\n\n\n\n<p>La rencontre, qui doit se jouer \u00e0 Doha, au Qatar, pourrait d\u00e9buter \u00e0 18 heures, mais rien n&rsquo;est moins s\u00fbr puisque la suite de la 16<sup>e<\/sup> journ\u00e9e de Ligue 1 aura lieu ce jour-l\u00e0 et la programmation TV a d\u00e9j\u00e0 \u00e9t\u00e9 communiqu\u00e9e. Il faudra \u00e9galement \u00e9viter les conflits de retransmission sans oublier de prendre en compte le d\u00e9calage horaire avec le Qatar. <\/p>\n","protected":false},"excerpt":{"rendered":"<p>Si la LFP a ent\u00e9rin\u00e9 la reprogrammation du Troph\u00e9e des champions entre Monaco et le PSG au 5 janvier, d\u00e9pla\u00e7ant au passage la rencontre de la 16e journ\u00e9e de Ligue 1 entre les deux protagonistes au 18 d\u00e9cembre, l\u2019horaire du match n\u2019est pas encore fix\u00e9. En cause, un d\u00e9saccord entre les deux clubs, croit savoir [&#8230;]\n","protected":false},"author":2,"featured_media":0,"comment_status":"open","ping_status":"open","sticky":false,"template":"","format":"standard","meta":[],"categories":[6],"tags":[86,720,831],"yoast_head":"<!-- This site is optimized with the Yoast SEO plugin v19.8 - https:\/\/yoast.com\/wordpress\/plugins\/seo\/ -->\n<title>Un d\u00e9saccord entre Monaco et le PSG sur l\u2019horaire du Troph\u00e9e des champions ? - La Diagonale<\/title>\n<meta name=\"robots\" content=\"index, follow, max-snippet:-1, max-image-preview:large, max-video-preview:-1\" \/>\n<link rel=\"canonical\" href=\"https:\/\/www.ladiagonale.net\/index.php\/2024\/12\/03\/un-desaccord-entre-monaco-et-le-psg-sur-lhoraire-du-trophee-des-champions\/\" \/>\n<meta property=\"og:locale\" content=\"fr_FR\" \/>\n<meta property=\"og:type\" content=\"article\" \/>\n<meta property=\"og:title\" content=\"Un d\u00e9saccord entre Monaco et le PSG sur l\u2019horaire du Troph\u00e9e des champions ? - La Diagonale\" \/>\n<meta property=\"og:description\" content=\"Si la LFP a ent\u00e9rin\u00e9 la reprogrammation du Troph\u00e9e des champions entre Monaco et le PSG au 5 janvier, d\u00e9pla\u00e7ant au passage la rencontre de la 16e journ\u00e9e de Ligue 1 entre les deux protagonistes au 18 d\u00e9cembre, l\u2019horaire du match n\u2019est pas encore fix\u00e9. En cause, un d\u00e9saccord entre les deux clubs, croit savoir [...]\" \/>\n<meta property=\"og:url\" content=\"https:\/\/www.ladiagonale.net\/index.php\/2024\/12\/03\/un-desaccord-entre-monaco-et-le-psg-sur-lhoraire-du-trophee-des-champions\/\" \/>\n<meta property=\"og:site_name\" content=\"La Diagonale\" \/>\n<meta property=\"article:published_time\" content=\"2024-12-03T01:11:11+00:00\" \/>\n<meta property=\"article:modified_time\" content=\"2024-12-03T01:28:16+00:00\" \/>\n<meta property=\"og:image\" content=\"https:\/\/www.ladiagonale.net\/wp-content\/uploads\/2024\/05\/trophe\u0301edchampions.png\" \/>\n\t<meta property=\"og:image:width\" content=\"1160\" \/>\n\t<meta property=\"og:image:height\" content=\"650\" \/>\n\t<meta property=\"og:image:type\" content=\"image\/png\" \/>\n<meta name=\"author\" content=\"Damien Dellerba\" \/>\n<meta name=\"twitter:card\" content=\"summary_large_image\" \/>\n<meta name=\"twitter:image\" content=\"https:\/\/www.ladiagonale.net\/wp-content\/uploads\/2024\/05\/trophe\u0301edchampions.png\" \/>\n<meta name=\"twitter:label1\" content=\"\u00c9crit par\" \/>\n\t<meta name=\"twitter:data1\" content=\"Damien Dellerba\" \/>\n\t<meta name=\"twitter:label2\" content=\"Dur\u00e9e de lecture estim\u00e9e\" \/>\n\t<meta name=\"twitter:data2\" content=\"1 minute\" \/>\n<script type=\"application\/ld+json\" class=\"yoast-schema-graph\">{\"@context\":\"https:\/\/schema.org\",\"@graph\":[{\"@type\":\"WebPage\",\"@id\":\"https:\/\/www.ladiagonale.net\/index.php\/2024\/12\/03\/un-desaccord-entre-monaco-et-le-psg-sur-lhoraire-du-trophee-des-champions\/\",\"url\":\"https:\/\/www.ladiagonale.net\/index.php\/2024\/12\/03\/un-desaccord-entre-monaco-et-le-psg-sur-lhoraire-du-trophee-des-champions\/\",\"name\":\"Un d\u00e9saccord entre Monaco et le PSG sur l\u2019horaire du Troph\u00e9e des champions ? - La Diagonale\",\"isPartOf\":{\"@id\":\"https:\/\/www.ladiagonale.net\/#website\"},\"datePublished\":\"2024-12-03T01:11:11+00:00\",\"dateModified\":\"2024-12-03T01:28:16+00:00\",\"author\":{\"@id\":\"https:\/\/www.ladiagonale.net\/#\/schema\/person\/79ff1e7b0853ed01b2aa26e64ad300bf\"},\"breadcrumb\":{\"@id\":\"https:\/\/www.ladiagonale.net\/index.php\/2024\/12\/03\/un-desaccord-entre-monaco-et-le-psg-sur-lhoraire-du-trophee-des-champions\/#breadcrumb\"},\"inLanguage\":\"fr-FR\",\"potentialAction\":[{\"@type\":\"ReadAction\",\"target\":[\"https:\/\/www.ladiagonale.net\/index.php\/2024\/12\/03\/un-desaccord-entre-monaco-et-le-psg-sur-lhoraire-du-trophee-des-champions\/\"]}]},{\"@type\":\"BreadcrumbList\",\"@id\":\"https:\/\/www.ladiagonale.net\/index.php\/2024\/12\/03\/un-desaccord-entre-monaco-et-le-psg-sur-lhoraire-du-trophee-des-champions\/#breadcrumb\",\"itemListElement\":[{\"@type\":\"ListItem\",\"position\":1,\"name\":\"Accueil\",\"item\":\"https:\/\/www.ladiagonale.net\/\"},{\"@type\":\"ListItem\",\"position\":2,\"name\":\"Un d\u00e9saccord entre Monaco et le PSG sur l\u2019horaire du Troph\u00e9e des champions ?\"}]},{\"@type\":\"WebSite\",\"@id\":\"https:\/\/www.ladiagonale.net\/#website\",\"url\":\"https:\/\/www.ladiagonale.net\/\",\"name\":\"La Diagonale\",\"description\":\"Le site des supporters de l&#039;AS Monaco FC\",\"potentialAction\":[{\"@type\":\"SearchAction\",\"target\":{\"@type\":\"EntryPoint\",\"urlTemplate\":\"https:\/\/www.ladiagonale.net\/?s={search_term_string}\"},\"query-input\":\"required name=search_term_string\"}],\"inLanguage\":\"fr-FR\"},{\"@type\":\"Person\",\"@id\":\"https:\/\/www.ladiagonale.net\/#\/schema\/person\/79ff1e7b0853ed01b2aa26e64ad300bf\",\"name\":\"Damien Dellerba\",\"image\":{\"@type\":\"ImageObject\",\"inLanguage\":\"fr-FR\",\"@id\":\"https:\/\/www.ladiagonale.net\/#\/schema\/person\/image\/\",\"url\":\"https:\/\/secure.gravatar.com\/avatar\/c7850e06d3ff63cdbaee88b7fc16e2f0?s=96&d=mm&r=g\",\"contentUrl\":\"https:\/\/secure.gravatar.com\/avatar\/c7850e06d3ff63cdbaee88b7fc16e2f0?s=96&d=mm&r=g\",\"caption\":\"Damien Dellerba\"},\"url\":\"https:\/\/www.ladiagonale.net\/index.php\/author\/damien\/\"}]}<\/script>\n<!-- \/ Yoast SEO plugin. -->","yoast_head_json":{"title":"Un d\u00e9saccord entre Monaco et le PSG sur l\u2019horaire du Troph\u00e9e des champions ? - La Diagonale","robots":{"index":"index","follow":"follow","max-snippet":"max-snippet:-1","max-image-preview":"max-image-preview:large","max-video-preview":"max-video-preview:-1"},"canonical":"https:\/\/www.ladiagonale.net\/index.php\/2024\/12\/03\/un-desaccord-entre-monaco-et-le-psg-sur-lhoraire-du-trophee-des-champions\/","og_locale":"fr_FR","og_type":"article","og_title":"Un d\u00e9saccord entre Monaco et le PSG sur l\u2019horaire du Troph\u00e9e des champions ? - La Diagonale","og_description":"Si la LFP a ent\u00e9rin\u00e9 la reprogrammation du Troph\u00e9e des champions entre Monaco et le PSG au 5 janvier, d\u00e9pla\u00e7ant au passage la rencontre de la 16e journ\u00e9e de Ligue 1 entre les deux protagonistes au 18 d\u00e9cembre, l\u2019horaire du match n\u2019est pas encore fix\u00e9. En cause, un d\u00e9saccord entre les deux clubs, croit savoir [...]","og_url":"https:\/\/www.ladiagonale.net\/index.php\/2024\/12\/03\/un-desaccord-entre-monaco-et-le-psg-sur-lhoraire-du-trophee-des-champions\/","og_site_name":"La Diagonale","article_published_time":"2024-12-03T01:11:11+00:00","article_modified_time":"2024-12-03T01:28:16+00:00","og_image":[{"width":1160,"height":650,"url":"https:\/\/www.ladiagonale.net\/wp-content\/uploads\/2024\/05\/trophe\u0301edchampions.png","type":"image\/png"}],"author":"Damien Dellerba","twitter_card":"summary_large_image","twitter_image":"https:\/\/www.ladiagonale.net\/wp-content\/uploads\/2024\/05\/trophe\u0301edchampions.png","twitter_misc":{"\u00c9crit par":"Damien Dellerba","Dur\u00e9e de lecture estim\u00e9e":"1 minute"},"schema":{"@context":"https:\/\/schema.org","@graph":[{"@type":"WebPage","@id":"https:\/\/www.ladiagonale.net\/index.php\/2024\/12\/03\/un-desaccord-entre-monaco-et-le-psg-sur-lhoraire-du-trophee-des-champions\/","url":"https:\/\/www.ladiagonale.net\/index.php\/2024\/12\/03\/un-desaccord-entre-monaco-et-le-psg-sur-lhoraire-du-trophee-des-champions\/","name":"Un d\u00e9saccord entre Monaco et le PSG sur l\u2019horaire du Troph\u00e9e des champions ? - La Diagonale","isPartOf":{"@id":"https:\/\/www.ladiagonale.net\/#website"},"datePublished":"2024-12-03T01:11:11+00:00","dateModified":"2024-12-03T01:28:16+00:00","author":{"@id":"https:\/\/www.ladiagonale.net\/#\/schema\/person\/79ff1e7b0853ed01b2aa26e64ad300bf"},"breadcrumb":{"@id":"https:\/\/www.ladiagonale.net\/index.php\/2024\/12\/03\/un-desaccord-entre-monaco-et-le-psg-sur-lhoraire-du-trophee-des-champions\/#breadcrumb"},"inLanguage":"fr-FR","potentialAction":[{"@type":"ReadAction","target":["https:\/\/www.ladiagonale.net\/index.php\/2024\/12\/03\/un-desaccord-entre-monaco-et-le-psg-sur-lhoraire-du-trophee-des-champions\/"]}]},{"@type":"BreadcrumbList","@id":"https:\/\/www.ladiagonale.net\/index.php\/2024\/12\/03\/un-desaccord-entre-monaco-et-le-psg-sur-lhoraire-du-trophee-des-champions\/#breadcrumb","itemListElement":[{"@type":"ListItem","position":1,"name":"Accueil","item":"https:\/\/www.ladiagonale.net\/"},{"@type":"ListItem","position":2,"name":"Un d\u00e9saccord entre Monaco et le PSG sur l\u2019horaire du Troph\u00e9e des champions ?"}]},{"@type":"WebSite","@id":"https:\/\/www.ladiagonale.net\/#website","url":"https:\/\/www.ladiagonale.net\/","name":"La Diagonale","description":"Le site des supporters de l&#039;AS Monaco FC","potentialAction":[{"@type":"SearchAction","target":{"@type":"EntryPoint","urlTemplate":"https:\/\/www.ladiagonale.net\/?s={search_term_string}"},"query-input":"required name=search_term_string"}],"inLanguage":"fr-FR"},{"@type":"Person","@id":"https:\/\/www.ladiagonale.net\/#\/schema\/person\/79ff1e7b0853ed01b2aa26e64ad300bf","name":"Damien Dellerba","image":{"@type":"ImageObject","inLanguage":"fr-FR","@id":"https:\/\/www.ladiagonale.net\/#\/schema\/person\/image\/","url":"https:\/\/secure.gravatar.com\/avatar\/c7850e06d3ff63cdbaee88b7fc16e2f0?s=96&d=mm&r=g","contentUrl":"https:\/\/secure.gravatar.com\/avatar\/c7850e06d3ff63cdbaee88b7fc16e2f0?s=96&d=mm&r=g","caption":"Damien Dellerba"},"url":"https:\/\/www.ladiagonale.net\/index.php\/author\/damien\/"}]}},"_links":{"self":[{"href":"https:\/\/www.ladiagonale.net\/index.php\/wp-json\/wp\/v2\/posts\/27910"}],"collection":[{"href":"https:\/\/www.ladiagonale.net\/index.php\/wp-json\/wp\/v2\/posts"}],"about":[{"href":"https:\/\/www.ladiagonale.net\/index.php\/wp-json\/wp\/v2\/types\/post"}],"author":[{"embeddable":true,"href":"https:\/\/www.ladiagonale.net\/index.php\/wp-json\/wp\/v2\/users\/2"}],"replies":[{"embeddable":true,"href":"https:\/\/www.ladiagonale.net\/index.php\/wp-json\/wp\/v2\/comments?post=27910"}],"version-history":[{"count":5,"href":"https:\/\/www.ladiagonale.net\/index.php\/wp-json\/wp\/v2\/posts\/27910\/revisions"}],"predecessor-version":[{"id":27916,"href":"https:\/\/www.ladiagonale.net\/index.php\/wp-json\/wp\/v2\/posts\/27910\/revisions\/27916"}],"wp:attachment":[{"href":"https:\/\/www.ladiagonale.net\/index.php\/wp-json\/wp\/v2\/media?parent=27910"}],"wp:term":[{"taxonomy":"category","embeddable":true,"href":"https:\/\/www.ladiagonale.net\/index.php\/wp-json\/wp\/v2\/categories?post=27910"},{"taxonomy":"post_tag","embeddable":true,"href":"https:\/\/www.ladiagonale.net\/index.php\/wp-json\/wp\/v2\/tags?post=27910"}],"curies":[{"name":"wp","href":"https:\/\/api.w.org\/{rel}","templated":true}]}}