{"id":27928,"date":"2024-12-03T12:03:20","date_gmt":"2024-12-03T11:03:20","guid":{"rendered":"https:\/\/www.ladiagonale.net\/?p=27928"},"modified":"2024-12-03T12:33:10","modified_gmt":"2024-12-03T11:33:10","slug":"un-nouveau-maillot-collector-devoile","status":"publish","type":"post","link":"https:\/\/www.ladiagonale.net\/index.php\/2024\/12\/03\/un-nouveau-maillot-collector-devoile\/","title":{"rendered":"Un nouveau maillot collector d\u00e9voil\u00e9"},"content":{"rendered":"\n<p>Au lendemain du tirage au sort des 32<sup>es<\/sup> de finale de la Coupe de France, qui verra Monaco affronter l\u2019Union Saint-Jean, le club de la Principaut\u00e9 a sorti un nouveau maillot collector pour c\u00e9l\u00e9brer son centenaire. Une r\u00e9plique du maillot avec lequel l\u2019ASM avait remport\u00e9 son premier titre, la Coupe de France 1960.<\/p>\n\n\n\n<p>Cette r\u00e9\u00e9dition du maillot se veut fid\u00e8le \u00e0 l\u2019original, avec un col en V blanc et des rayures \u00e9galement dessin\u00e9es sur les manches. Seuls ajouts, les logos du club et de l\u2019\u00e9quipementier Kappa qui a confectionn\u00e9 le maillot. Contrairement au maillot noir du match du centenaire, qui avait \u00e9t\u00e9 port\u00e9 contre Montpellier, il n\u2019a pas \u00e9t\u00e9 pr\u00e9cis\u00e9 si celui-ci serait utilis\u00e9 lors d\u2019un match officiel. Il s\u2019agit d\u2019une \u00e9dition limit\u00e9e en vente \u00e0 85 euros.<\/p>\n\n\n<div class=\"wp-block-image\">\n<figure class=\"aligncenter size-large\"><img loading=\"lazy\" width=\"1024\" height=\"574\" src=\"https:\/\/www.ladiagonale.net\/wp-content\/uploads\/2024\/12\/reveal-maillot1960-1435-1024x574.jpg\" alt=\"\" class=\"wp-image-27931\" srcset=\"https:\/\/www.ladiagonale.net\/wp-content\/uploads\/2024\/12\/reveal-maillot1960-1435-1024x574.jpg 1024w, https:\/\/www.ladiagonale.net\/wp-content\/uploads\/2024\/12\/reveal-maillot1960-1435-300x168.jpg 300w, https:\/\/www.ladiagonale.net\/wp-content\/uploads\/2024\/12\/reveal-maillot1960-1435-768x430.jpg 768w, https:\/\/www.ladiagonale.net\/wp-content\/uploads\/2024\/12\/reveal-maillot1960-1435-128x72.jpg 128w, https:\/\/www.ladiagonale.net\/wp-content\/uploads\/2024\/12\/reveal-maillot1960-1435-32x18.jpg 32w, https:\/\/www.ladiagonale.net\/wp-content\/uploads\/2024\/12\/reveal-maillot1960-1435.jpg 1160w\" sizes=\"(max-width: 1024px) 100vw, 1024px\" \/><figcaption>Cr\u00e9dit : AS Monaco<\/figcaption><\/figure><\/div>\n\n\n<p>Ce n\u2019est pas la premi\u00e8re fois que l\u2019ASM commercialise et r\u00e9emploie ce motif depuis que la diagonale est devenue immuable pour la tenue domicile. En 2010, \u00e0 l&rsquo;occasion de la finale de la Coupe de France, un maillot ray\u00e9 \u00e9tait en vente, limit\u00e9 \u00e0 500 exemplaires num\u00e9rot\u00e9s, puis en 2004, pour f\u00eater les 80 ans du club. Mais c\u2019est surtout lors de la saison 2005-2006 que l\u2019essai avait \u00e9t\u00e9 transform\u00e9 avec Puma, puisqu\u2019un maillot ray\u00e9 avait \u00e9t\u00e9 exclusivement utilis\u00e9 pour la Coupe d\u2019Europe.<\/p>\n","protected":false},"excerpt":{"rendered":"<p>Au lendemain du tirage au sort des 32es de finale de la Coupe de France, qui verra Monaco affronter l\u2019Union Saint-Jean, le club de la Principaut\u00e9 a sorti un nouveau maillot collector pour c\u00e9l\u00e9brer son centenaire. Une r\u00e9plique du maillot avec lequel l\u2019ASM avait remport\u00e9 son premier titre, la Coupe de France 1960. Cette r\u00e9\u00e9dition [&#8230;]\n","protected":false},"author":2,"featured_media":0,"comment_status":"closed","ping_status":"open","sticky":false,"template":"","format":"standard","meta":[],"categories":[4,6],"tags":[86,953,258,260],"yoast_head":"<!-- This site is optimized with the Yoast SEO plugin v19.8 - https:\/\/yoast.com\/wordpress\/plugins\/seo\/ -->\n<title>Un nouveau maillot collector d\u00e9voil\u00e9 - La Diagonale<\/title>\n<meta name=\"robots\" content=\"index, follow, max-snippet:-1, max-image-preview:large, max-video-preview:-1\" \/>\n<link rel=\"canonical\" href=\"https:\/\/www.ladiagonale.net\/index.php\/2024\/12\/03\/un-nouveau-maillot-collector-devoile\/\" \/>\n<meta property=\"og:locale\" content=\"fr_FR\" \/>\n<meta property=\"og:type\" content=\"article\" \/>\n<meta property=\"og:title\" content=\"Un nouveau maillot collector d\u00e9voil\u00e9 - La Diagonale\" \/>\n<meta property=\"og:description\" content=\"Au lendemain du tirage au sort des 32es de finale de la Coupe de France, qui verra Monaco affronter l\u2019Union Saint-Jean, le club de la Principaut\u00e9 a sorti un nouveau maillot collector pour c\u00e9l\u00e9brer son centenaire. Une r\u00e9plique du maillot avec lequel l\u2019ASM avait remport\u00e9 son premier titre, la Coupe de France 1960. Cette r\u00e9\u00e9dition [...]\" \/>\n<meta property=\"og:url\" content=\"https:\/\/www.ladiagonale.net\/index.php\/2024\/12\/03\/un-nouveau-maillot-collector-devoile\/\" \/>\n<meta property=\"og:site_name\" content=\"La Diagonale\" \/>\n<meta property=\"article:published_time\" content=\"2024-12-03T11:03:20+00:00\" \/>\n<meta property=\"article:modified_time\" content=\"2024-12-03T11:33:10+00:00\" \/>\n<meta property=\"og:image\" content=\"https:\/\/www.ladiagonale.net\/wp-content\/uploads\/2024\/12\/maillot-cdf.png\" \/>\n\t<meta property=\"og:image:width\" content=\"1160\" \/>\n\t<meta property=\"og:image:height\" content=\"650\" \/>\n\t<meta property=\"og:image:type\" content=\"image\/png\" \/>\n<meta name=\"author\" content=\"Damien Dellerba\" \/>\n<meta name=\"twitter:card\" content=\"summary_large_image\" \/>\n<meta name=\"twitter:image\" content=\"https:\/\/www.ladiagonale.net\/wp-content\/uploads\/2024\/12\/maillot-cdf.png\" \/>\n<meta name=\"twitter:label1\" content=\"\u00c9crit par\" \/>\n\t<meta name=\"twitter:data1\" content=\"Damien Dellerba\" \/>\n\t<meta name=\"twitter:label2\" content=\"Dur\u00e9e de lecture estim\u00e9e\" \/>\n\t<meta name=\"twitter:data2\" content=\"2 minutes\" \/>\n<script type=\"application\/ld+json\" class=\"yoast-schema-graph\">{\"@context\":\"https:\/\/schema.org\",\"@graph\":[{\"@type\":\"WebPage\",\"@id\":\"https:\/\/www.ladiagonale.net\/index.php\/2024\/12\/03\/un-nouveau-maillot-collector-devoile\/\",\"url\":\"https:\/\/www.ladiagonale.net\/index.php\/2024\/12\/03\/un-nouveau-maillot-collector-devoile\/\",\"name\":\"Un nouveau maillot collector d\u00e9voil\u00e9 - La Diagonale\",\"isPartOf\":{\"@id\":\"https:\/\/www.ladiagonale.net\/#website\"},\"datePublished\":\"2024-12-03T11:03:20+00:00\",\"dateModified\":\"2024-12-03T11:33:10+00:00\",\"author\":{\"@id\":\"https:\/\/www.ladiagonale.net\/#\/schema\/person\/79ff1e7b0853ed01b2aa26e64ad300bf\"},\"breadcrumb\":{\"@id\":\"https:\/\/www.ladiagonale.net\/index.php\/2024\/12\/03\/un-nouveau-maillot-collector-devoile\/#breadcrumb\"},\"inLanguage\":\"fr-FR\",\"potentialAction\":[{\"@type\":\"ReadAction\",\"target\":[\"https:\/\/www.ladiagonale.net\/index.php\/2024\/12\/03\/un-nouveau-maillot-collector-devoile\/\"]}]},{\"@type\":\"BreadcrumbList\",\"@id\":\"https:\/\/www.ladiagonale.net\/index.php\/2024\/12\/03\/un-nouveau-maillot-collector-devoile\/#breadcrumb\",\"itemListElement\":[{\"@type\":\"ListItem\",\"position\":1,\"name\":\"Accueil\",\"item\":\"https:\/\/www.ladiagonale.net\/\"},{\"@type\":\"ListItem\",\"position\":2,\"name\":\"Un nouveau maillot collector d\u00e9voil\u00e9\"}]},{\"@type\":\"WebSite\",\"@id\":\"https:\/\/www.ladiagonale.net\/#website\",\"url\":\"https:\/\/www.ladiagonale.net\/\",\"name\":\"La Diagonale\",\"description\":\"Le site des supporters de l&#039;AS Monaco FC\",\"potentialAction\":[{\"@type\":\"SearchAction\",\"target\":{\"@type\":\"EntryPoint\",\"urlTemplate\":\"https:\/\/www.ladiagonale.net\/?s={search_term_string}\"},\"query-input\":\"required name=search_term_string\"}],\"inLanguage\":\"fr-FR\"},{\"@type\":\"Person\",\"@id\":\"https:\/\/www.ladiagonale.net\/#\/schema\/person\/79ff1e7b0853ed01b2aa26e64ad300bf\",\"name\":\"Damien Dellerba\",\"image\":{\"@type\":\"ImageObject\",\"inLanguage\":\"fr-FR\",\"@id\":\"https:\/\/www.ladiagonale.net\/#\/schema\/person\/image\/\",\"url\":\"https:\/\/secure.gravatar.com\/avatar\/c7850e06d3ff63cdbaee88b7fc16e2f0?s=96&d=mm&r=g\",\"contentUrl\":\"https:\/\/secure.gravatar.com\/avatar\/c7850e06d3ff63cdbaee88b7fc16e2f0?s=96&d=mm&r=g\",\"caption\":\"Damien Dellerba\"},\"url\":\"https:\/\/www.ladiagonale.net\/index.php\/author\/damien\/\"}]}<\/script>\n<!-- \/ Yoast SEO plugin. -->","yoast_head_json":{"title":"Un nouveau maillot collector d\u00e9voil\u00e9 - La Diagonale","robots":{"index":"index","follow":"follow","max-snippet":"max-snippet:-1","max-image-preview":"max-image-preview:large","max-video-preview":"max-video-preview:-1"},"canonical":"https:\/\/www.ladiagonale.net\/index.php\/2024\/12\/03\/un-nouveau-maillot-collector-devoile\/","og_locale":"fr_FR","og_type":"article","og_title":"Un nouveau maillot collector d\u00e9voil\u00e9 - La Diagonale","og_description":"Au lendemain du tirage au sort des 32es de finale de la Coupe de France, qui verra Monaco affronter l\u2019Union Saint-Jean, le club de la Principaut\u00e9 a sorti un nouveau maillot collector pour c\u00e9l\u00e9brer son centenaire. Une r\u00e9plique du maillot avec lequel l\u2019ASM avait remport\u00e9 son premier titre, la Coupe de France 1960. Cette r\u00e9\u00e9dition [...]","og_url":"https:\/\/www.ladiagonale.net\/index.php\/2024\/12\/03\/un-nouveau-maillot-collector-devoile\/","og_site_name":"La Diagonale","article_published_time":"2024-12-03T11:03:20+00:00","article_modified_time":"2024-12-03T11:33:10+00:00","og_image":[{"width":1160,"height":650,"url":"https:\/\/www.ladiagonale.net\/wp-content\/uploads\/2024\/12\/maillot-cdf.png","type":"image\/png"}],"author":"Damien Dellerba","twitter_card":"summary_large_image","twitter_image":"https:\/\/www.ladiagonale.net\/wp-content\/uploads\/2024\/12\/maillot-cdf.png","twitter_misc":{"\u00c9crit par":"Damien Dellerba","Dur\u00e9e de lecture estim\u00e9e":"2 minutes"},"schema":{"@context":"https:\/\/schema.org","@graph":[{"@type":"WebPage","@id":"https:\/\/www.ladiagonale.net\/index.php\/2024\/12\/03\/un-nouveau-maillot-collector-devoile\/","url":"https:\/\/www.ladiagonale.net\/index.php\/2024\/12\/03\/un-nouveau-maillot-collector-devoile\/","name":"Un nouveau maillot collector d\u00e9voil\u00e9 - La Diagonale","isPartOf":{"@id":"https:\/\/www.ladiagonale.net\/#website"},"datePublished":"2024-12-03T11:03:20+00:00","dateModified":"2024-12-03T11:33:10+00:00","author":{"@id":"https:\/\/www.ladiagonale.net\/#\/schema\/person\/79ff1e7b0853ed01b2aa26e64ad300bf"},"breadcrumb":{"@id":"https:\/\/www.ladiagonale.net\/index.php\/2024\/12\/03\/un-nouveau-maillot-collector-devoile\/#breadcrumb"},"inLanguage":"fr-FR","potentialAction":[{"@type":"ReadAction","target":["https:\/\/www.ladiagonale.net\/index.php\/2024\/12\/03\/un-nouveau-maillot-collector-devoile\/"]}]},{"@type":"BreadcrumbList","@id":"https:\/\/www.ladiagonale.net\/index.php\/2024\/12\/03\/un-nouveau-maillot-collector-devoile\/#breadcrumb","itemListElement":[{"@type":"ListItem","position":1,"name":"Accueil","item":"https:\/\/www.ladiagonale.net\/"},{"@type":"ListItem","position":2,"name":"Un nouveau maillot collector d\u00e9voil\u00e9"}]},{"@type":"WebSite","@id":"https:\/\/www.ladiagonale.net\/#website","url":"https:\/\/www.ladiagonale.net\/","name":"La Diagonale","description":"Le site des supporters de l&#039;AS Monaco FC","potentialAction":[{"@type":"SearchAction","target":{"@type":"EntryPoint","urlTemplate":"https:\/\/www.ladiagonale.net\/?s={search_term_string}"},"query-input":"required name=search_term_string"}],"inLanguage":"fr-FR"},{"@type":"Person","@id":"https:\/\/www.ladiagonale.net\/#\/schema\/person\/79ff1e7b0853ed01b2aa26e64ad300bf","name":"Damien Dellerba","image":{"@type":"ImageObject","inLanguage":"fr-FR","@id":"https:\/\/www.ladiagonale.net\/#\/schema\/person\/image\/","url":"https:\/\/secure.gravatar.com\/avatar\/c7850e06d3ff63cdbaee88b7fc16e2f0?s=96&d=mm&r=g","contentUrl":"https:\/\/secure.gravatar.com\/avatar\/c7850e06d3ff63cdbaee88b7fc16e2f0?s=96&d=mm&r=g","caption":"Damien Dellerba"},"url":"https:\/\/www.ladiagonale.net\/index.php\/author\/damien\/"}]}},"_links":{"self":[{"href":"https:\/\/www.ladiagonale.net\/index.php\/wp-json\/wp\/v2\/posts\/27928"}],"collection":[{"href":"https:\/\/www.ladiagonale.net\/index.php\/wp-json\/wp\/v2\/posts"}],"about":[{"href":"https:\/\/www.ladiagonale.net\/index.php\/wp-json\/wp\/v2\/types\/post"}],"author":[{"embeddable":true,"href":"https:\/\/www.ladiagonale.net\/index.php\/wp-json\/wp\/v2\/users\/2"}],"replies":[{"embeddable":true,"href":"https:\/\/www.ladiagonale.net\/index.php\/wp-json\/wp\/v2\/comments?post=27928"}],"version-history":[{"count":3,"href":"https:\/\/www.ladiagonale.net\/index.php\/wp-json\/wp\/v2\/posts\/27928\/revisions"}],"predecessor-version":[{"id":27933,"href":"https:\/\/www.ladiagonale.net\/index.php\/wp-json\/wp\/v2\/posts\/27928\/revisions\/27933"}],"wp:attachment":[{"href":"https:\/\/www.ladiagonale.net\/index.php\/wp-json\/wp\/v2\/media?parent=27928"}],"wp:term":[{"taxonomy":"category","embeddable":true,"href":"https:\/\/www.ladiagonale.net\/index.php\/wp-json\/wp\/v2\/categories?post=27928"},{"taxonomy":"post_tag","embeddable":true,"href":"https:\/\/www.ladiagonale.net\/index.php\/wp-json\/wp\/v2\/tags?post=27928"}],"curies":[{"name":"wp","href":"https:\/\/api.w.org\/{rel}","templated":true}]}}