{"id":27939,"date":"2024-12-03T22:52:04","date_gmt":"2024-12-03T21:52:04","guid":{"rendered":"https:\/\/www.ladiagonale.net\/?p=27939"},"modified":"2024-12-04T00:07:06","modified_gmt":"2024-12-03T23:07:06","slug":"prolongation-attendue-pour-soungoutou-magassa","status":"publish","type":"post","link":"https:\/\/www.ladiagonale.net\/index.php\/2024\/12\/03\/prolongation-attendue-pour-soungoutou-magassa\/","title":{"rendered":"Prolongation attendue pour Magassa"},"content":{"rendered":"\n<p>Auteur de bonnes performances derni\u00e8rement, Soungoutou Magassa devrait prolonger son bail avec l\u2019AS Monaco tr\u00e8s rapidement. Selon <em>Foot Mercato<\/em>, le milieu de terrain de 21 ans se serait entendu avec le club de la Principaut\u00e9 pour \u00e9tendre son contrat jusqu&rsquo;en juin 2029, soit pour deux ans de plus. Une information qui a \u00e9galement \u00e9t\u00e9 confirm\u00e9e par <em>L&rsquo;\u00c9quipe<\/em>.<\/p>\n\n\n\n<p>M\u00e9daill\u00e9 d&rsquo;argent des Jeux Olympiques cet \u00e9t\u00e9, Magassa a pris du galon et s&rsquo;est impos\u00e9 comme le troisi\u00e8me milieu dans la hi\u00e9rarchie, derri\u00e8re Denis Zakaria et Lamine Camara. Le joueur a d&rsquo;ailleurs profit\u00e9 des absences pour encha\u00eener et a r\u00e9ussi \u00e0 \u00e9lever son niveau. Contre Benfica, mercredi dernier, il a m\u00eame sign\u00e9 son premier but sous les couleurs as\u00e9mistes. De quoi susciter des int\u00e9r\u00eats en Angleterre et en Allemagne, d&rsquo;apr\u00e8s <em>L&rsquo;\u00c9quipe<\/em>.<\/p>\n\n\n\n<p>Cette saison, il a pris part \u00e0 13 rencontres dont 7 en tant que titulaire.<\/p>\n\n\n","protected":false},"excerpt":{"rendered":"<p>Auteur de bonnes performances derni\u00e8rement, Soungoutou Magassa devrait prolonger son bail avec l\u2019AS Monaco tr\u00e8s rapidement. Selon Foot Mercato, le milieu de terrain de 21 ans se serait entendu avec le club de la Principaut\u00e9 pour \u00e9tendre son contrat jusqu&rsquo;en juin 2029, soit pour deux ans de plus. Une information qui a \u00e9galement \u00e9t\u00e9 confirm\u00e9e [&#8230;]\n","protected":false},"author":2,"featured_media":0,"comment_status":"open","ping_status":"open","sticky":false,"template":"","format":"standard","meta":[],"categories":[6],"tags":[86,493,186,147],"yoast_head":"<!-- This site is optimized with the Yoast SEO plugin v19.8 - https:\/\/yoast.com\/wordpress\/plugins\/seo\/ -->\n<title>Prolongation attendue pour Magassa - La Diagonale<\/title>\n<meta name=\"robots\" content=\"index, follow, max-snippet:-1, max-image-preview:large, max-video-preview:-1\" \/>\n<link rel=\"canonical\" href=\"https:\/\/www.ladiagonale.net\/index.php\/2024\/12\/03\/prolongation-attendue-pour-soungoutou-magassa\/\" \/>\n<meta property=\"og:locale\" content=\"fr_FR\" \/>\n<meta property=\"og:type\" content=\"article\" \/>\n<meta property=\"og:title\" content=\"Prolongation attendue pour Magassa - La Diagonale\" \/>\n<meta property=\"og:description\" content=\"Auteur de bonnes performances derni\u00e8rement, Soungoutou Magassa devrait prolonger son bail avec l\u2019AS Monaco tr\u00e8s rapidement. Selon Foot Mercato, le milieu de terrain de 21 ans se serait entendu avec le club de la Principaut\u00e9 pour \u00e9tendre son contrat jusqu&rsquo;en juin 2029, soit pour deux ans de plus. Une information qui a \u00e9galement \u00e9t\u00e9 confirm\u00e9e [...]\" \/>\n<meta property=\"og:url\" content=\"https:\/\/www.ladiagonale.net\/index.php\/2024\/12\/03\/prolongation-attendue-pour-soungoutou-magassa\/\" \/>\n<meta property=\"og:site_name\" content=\"La Diagonale\" \/>\n<meta property=\"article:published_time\" content=\"2024-12-03T21:52:04+00:00\" \/>\n<meta property=\"article:modified_time\" content=\"2024-12-03T23:07:06+00:00\" \/>\n<meta property=\"og:image\" content=\"https:\/\/www.ladiagonale.net\/wp-content\/uploads\/2024\/09\/magassa2.png\" \/>\n\t<meta property=\"og:image:width\" content=\"1160\" \/>\n\t<meta property=\"og:image:height\" content=\"650\" \/>\n\t<meta property=\"og:image:type\" content=\"image\/png\" \/>\n<meta name=\"author\" content=\"Damien Dellerba\" \/>\n<meta name=\"twitter:card\" content=\"summary_large_image\" \/>\n<meta name=\"twitter:image\" content=\"https:\/\/www.ladiagonale.net\/wp-content\/uploads\/2024\/09\/magassa2.png\" \/>\n<meta name=\"twitter:label1\" content=\"\u00c9crit par\" \/>\n\t<meta name=\"twitter:data1\" content=\"Damien Dellerba\" \/>\n\t<meta name=\"twitter:label2\" content=\"Dur\u00e9e de lecture estim\u00e9e\" \/>\n\t<meta name=\"twitter:data2\" content=\"1 minute\" \/>\n<script type=\"application\/ld+json\" class=\"yoast-schema-graph\">{\"@context\":\"https:\/\/schema.org\",\"@graph\":[{\"@type\":\"WebPage\",\"@id\":\"https:\/\/www.ladiagonale.net\/index.php\/2024\/12\/03\/prolongation-attendue-pour-soungoutou-magassa\/\",\"url\":\"https:\/\/www.ladiagonale.net\/index.php\/2024\/12\/03\/prolongation-attendue-pour-soungoutou-magassa\/\",\"name\":\"Prolongation attendue pour Magassa - La Diagonale\",\"isPartOf\":{\"@id\":\"https:\/\/www.ladiagonale.net\/#website\"},\"datePublished\":\"2024-12-03T21:52:04+00:00\",\"dateModified\":\"2024-12-03T23:07:06+00:00\",\"author\":{\"@id\":\"https:\/\/www.ladiagonale.net\/#\/schema\/person\/79ff1e7b0853ed01b2aa26e64ad300bf\"},\"breadcrumb\":{\"@id\":\"https:\/\/www.ladiagonale.net\/index.php\/2024\/12\/03\/prolongation-attendue-pour-soungoutou-magassa\/#breadcrumb\"},\"inLanguage\":\"fr-FR\",\"potentialAction\":[{\"@type\":\"ReadAction\",\"target\":[\"https:\/\/www.ladiagonale.net\/index.php\/2024\/12\/03\/prolongation-attendue-pour-soungoutou-magassa\/\"]}]},{\"@type\":\"BreadcrumbList\",\"@id\":\"https:\/\/www.ladiagonale.net\/index.php\/2024\/12\/03\/prolongation-attendue-pour-soungoutou-magassa\/#breadcrumb\",\"itemListElement\":[{\"@type\":\"ListItem\",\"position\":1,\"name\":\"Accueil\",\"item\":\"https:\/\/www.ladiagonale.net\/\"},{\"@type\":\"ListItem\",\"position\":2,\"name\":\"Prolongation attendue pour Magassa\"}]},{\"@type\":\"WebSite\",\"@id\":\"https:\/\/www.ladiagonale.net\/#website\",\"url\":\"https:\/\/www.ladiagonale.net\/\",\"name\":\"La Diagonale\",\"description\":\"Le site des supporters de l&#039;AS Monaco FC\",\"potentialAction\":[{\"@type\":\"SearchAction\",\"target\":{\"@type\":\"EntryPoint\",\"urlTemplate\":\"https:\/\/www.ladiagonale.net\/?s={search_term_string}\"},\"query-input\":\"required name=search_term_string\"}],\"inLanguage\":\"fr-FR\"},{\"@type\":\"Person\",\"@id\":\"https:\/\/www.ladiagonale.net\/#\/schema\/person\/79ff1e7b0853ed01b2aa26e64ad300bf\",\"name\":\"Damien Dellerba\",\"image\":{\"@type\":\"ImageObject\",\"inLanguage\":\"fr-FR\",\"@id\":\"https:\/\/www.ladiagonale.net\/#\/schema\/person\/image\/\",\"url\":\"https:\/\/secure.gravatar.com\/avatar\/c7850e06d3ff63cdbaee88b7fc16e2f0?s=96&d=mm&r=g\",\"contentUrl\":\"https:\/\/secure.gravatar.com\/avatar\/c7850e06d3ff63cdbaee88b7fc16e2f0?s=96&d=mm&r=g\",\"caption\":\"Damien Dellerba\"},\"url\":\"https:\/\/www.ladiagonale.net\/index.php\/author\/damien\/\"}]}<\/script>\n<!-- \/ Yoast SEO plugin. -->","yoast_head_json":{"title":"Prolongation attendue pour Magassa - La Diagonale","robots":{"index":"index","follow":"follow","max-snippet":"max-snippet:-1","max-image-preview":"max-image-preview:large","max-video-preview":"max-video-preview:-1"},"canonical":"https:\/\/www.ladiagonale.net\/index.php\/2024\/12\/03\/prolongation-attendue-pour-soungoutou-magassa\/","og_locale":"fr_FR","og_type":"article","og_title":"Prolongation attendue pour Magassa - La Diagonale","og_description":"Auteur de bonnes performances derni\u00e8rement, Soungoutou Magassa devrait prolonger son bail avec l\u2019AS Monaco tr\u00e8s rapidement. Selon Foot Mercato, le milieu de terrain de 21 ans se serait entendu avec le club de la Principaut\u00e9 pour \u00e9tendre son contrat jusqu&rsquo;en juin 2029, soit pour deux ans de plus. Une information qui a \u00e9galement \u00e9t\u00e9 confirm\u00e9e [...]","og_url":"https:\/\/www.ladiagonale.net\/index.php\/2024\/12\/03\/prolongation-attendue-pour-soungoutou-magassa\/","og_site_name":"La Diagonale","article_published_time":"2024-12-03T21:52:04+00:00","article_modified_time":"2024-12-03T23:07:06+00:00","og_image":[{"width":1160,"height":650,"url":"https:\/\/www.ladiagonale.net\/wp-content\/uploads\/2024\/09\/magassa2.png","type":"image\/png"}],"author":"Damien Dellerba","twitter_card":"summary_large_image","twitter_image":"https:\/\/www.ladiagonale.net\/wp-content\/uploads\/2024\/09\/magassa2.png","twitter_misc":{"\u00c9crit par":"Damien Dellerba","Dur\u00e9e de lecture estim\u00e9e":"1 minute"},"schema":{"@context":"https:\/\/schema.org","@graph":[{"@type":"WebPage","@id":"https:\/\/www.ladiagonale.net\/index.php\/2024\/12\/03\/prolongation-attendue-pour-soungoutou-magassa\/","url":"https:\/\/www.ladiagonale.net\/index.php\/2024\/12\/03\/prolongation-attendue-pour-soungoutou-magassa\/","name":"Prolongation attendue pour Magassa - La Diagonale","isPartOf":{"@id":"https:\/\/www.ladiagonale.net\/#website"},"datePublished":"2024-12-03T21:52:04+00:00","dateModified":"2024-12-03T23:07:06+00:00","author":{"@id":"https:\/\/www.ladiagonale.net\/#\/schema\/person\/79ff1e7b0853ed01b2aa26e64ad300bf"},"breadcrumb":{"@id":"https:\/\/www.ladiagonale.net\/index.php\/2024\/12\/03\/prolongation-attendue-pour-soungoutou-magassa\/#breadcrumb"},"inLanguage":"fr-FR","potentialAction":[{"@type":"ReadAction","target":["https:\/\/www.ladiagonale.net\/index.php\/2024\/12\/03\/prolongation-attendue-pour-soungoutou-magassa\/"]}]},{"@type":"BreadcrumbList","@id":"https:\/\/www.ladiagonale.net\/index.php\/2024\/12\/03\/prolongation-attendue-pour-soungoutou-magassa\/#breadcrumb","itemListElement":[{"@type":"ListItem","position":1,"name":"Accueil","item":"https:\/\/www.ladiagonale.net\/"},{"@type":"ListItem","position":2,"name":"Prolongation attendue pour Magassa"}]},{"@type":"WebSite","@id":"https:\/\/www.ladiagonale.net\/#website","url":"https:\/\/www.ladiagonale.net\/","name":"La Diagonale","description":"Le site des supporters de l&#039;AS Monaco FC","potentialAction":[{"@type":"SearchAction","target":{"@type":"EntryPoint","urlTemplate":"https:\/\/www.ladiagonale.net\/?s={search_term_string}"},"query-input":"required name=search_term_string"}],"inLanguage":"fr-FR"},{"@type":"Person","@id":"https:\/\/www.ladiagonale.net\/#\/schema\/person\/79ff1e7b0853ed01b2aa26e64ad300bf","name":"Damien Dellerba","image":{"@type":"ImageObject","inLanguage":"fr-FR","@id":"https:\/\/www.ladiagonale.net\/#\/schema\/person\/image\/","url":"https:\/\/secure.gravatar.com\/avatar\/c7850e06d3ff63cdbaee88b7fc16e2f0?s=96&d=mm&r=g","contentUrl":"https:\/\/secure.gravatar.com\/avatar\/c7850e06d3ff63cdbaee88b7fc16e2f0?s=96&d=mm&r=g","caption":"Damien Dellerba"},"url":"https:\/\/www.ladiagonale.net\/index.php\/author\/damien\/"}]}},"_links":{"self":[{"href":"https:\/\/www.ladiagonale.net\/index.php\/wp-json\/wp\/v2\/posts\/27939"}],"collection":[{"href":"https:\/\/www.ladiagonale.net\/index.php\/wp-json\/wp\/v2\/posts"}],"about":[{"href":"https:\/\/www.ladiagonale.net\/index.php\/wp-json\/wp\/v2\/types\/post"}],"author":[{"embeddable":true,"href":"https:\/\/www.ladiagonale.net\/index.php\/wp-json\/wp\/v2\/users\/2"}],"replies":[{"embeddable":true,"href":"https:\/\/www.ladiagonale.net\/index.php\/wp-json\/wp\/v2\/comments?post=27939"}],"version-history":[{"count":5,"href":"https:\/\/www.ladiagonale.net\/index.php\/wp-json\/wp\/v2\/posts\/27939\/revisions"}],"predecessor-version":[{"id":27945,"href":"https:\/\/www.ladiagonale.net\/index.php\/wp-json\/wp\/v2\/posts\/27939\/revisions\/27945"}],"wp:attachment":[{"href":"https:\/\/www.ladiagonale.net\/index.php\/wp-json\/wp\/v2\/media?parent=27939"}],"wp:term":[{"taxonomy":"category","embeddable":true,"href":"https:\/\/www.ladiagonale.net\/index.php\/wp-json\/wp\/v2\/categories?post=27939"},{"taxonomy":"post_tag","embeddable":true,"href":"https:\/\/www.ladiagonale.net\/index.php\/wp-json\/wp\/v2\/tags?post=27939"}],"curies":[{"name":"wp","href":"https:\/\/api.w.org\/{rel}","templated":true}]}}