{"id":28005,"date":"2024-12-06T20:24:10","date_gmt":"2024-12-06T19:24:10","guid":{"rendered":"https:\/\/www.ladiagonale.net\/?p=28005"},"modified":"2024-12-06T21:59:33","modified_gmt":"2024-12-06T20:59:33","slug":"le-groupe-monegasque-balogun-forfait","status":"publish","type":"post","link":"https:\/\/www.ladiagonale.net\/index.php\/2024\/12\/06\/le-groupe-monegasque-balogun-forfait\/","title":{"rendered":"Le groupe mon\u00e9gasque : Balogun forfait"},"content":{"rendered":"\n<p>Mauvaise nouvelle pour Monaco, qui va recevoir Toulouse sans Folarin Balogun. L\u2019attaquant am\u00e9ricain, victime d\u2019un coup \u00e0 une \u00e9paule contre Marseille, n\u2019est pas suffisamment remis et sera donc absent. Lamine Camara, malade la semaine derni\u00e8re, effectue son retour.<\/p>\n\n\n\n<p>Yann Lienard, engag\u00e9 en Premier League International Cup avec le Groupe \u00c9lite, c\u00e8de sa place de troisi\u00e8me gardien \u00e0 Jules Stawiecki.<\/p>\n\n\n\n<h2>Le groupe mon\u00e9gasque<\/h2>\n\n\n\n<ul><li><strong>Gardiens :<\/strong> K\u00f6hn, Majecki, Stawiecki.<\/li><li><strong>D\u00e9fenseurs : <\/strong>C. Henrique, Kehrer, Mawissa, Ouattara, Salisu, Singo, Teze, Vanderson.<\/li><li><strong>Milieux :<\/strong> Akliouche, Ben Seghir, Camara, Golovin, Magassa, Matazo, Minamino, Zakaria.<\/li><li><strong>Attaquants :<\/strong> Embolo, Ilenikhena.<\/li><\/ul>\n\n\n\n<p><em>Absents :<\/em> Balogun, Diatta, Coulibaly (bless\u00e9s), Diop, Bouabr\u00e9 (choix), Lienard (Groupe \u00c9lite).<\/p>\n\n\n","protected":false},"excerpt":{"rendered":"<p>Mauvaise nouvelle pour Monaco, qui va recevoir Toulouse sans Folarin Balogun. L\u2019attaquant am\u00e9ricain, victime d\u2019un coup \u00e0 une \u00e9paule contre Marseille, n\u2019est pas suffisamment remis et sera donc absent. Lamine Camara, malade la semaine derni\u00e8re, effectue son retour. Yann Lienard, engag\u00e9 en Premier League International Cup avec le Groupe \u00c9lite, c\u00e8de sa place de troisi\u00e8me [&#8230;]\n","protected":false},"author":1,"featured_media":0,"comment_status":"open","ping_status":"open","sticky":false,"template":"","format":"standard","meta":[],"categories":[4,6],"tags":[86,225,94,463],"yoast_head":"<!-- This site is optimized with the Yoast SEO plugin v19.8 - https:\/\/yoast.com\/wordpress\/plugins\/seo\/ -->\n<title>Le groupe mon\u00e9gasque : Balogun forfait - La Diagonale<\/title>\n<meta name=\"robots\" content=\"index, follow, max-snippet:-1, max-image-preview:large, max-video-preview:-1\" \/>\n<link rel=\"canonical\" href=\"https:\/\/www.ladiagonale.net\/index.php\/2024\/12\/06\/le-groupe-monegasque-balogun-forfait\/\" \/>\n<meta property=\"og:locale\" content=\"fr_FR\" \/>\n<meta property=\"og:type\" content=\"article\" \/>\n<meta property=\"og:title\" content=\"Le groupe mon\u00e9gasque : Balogun forfait - La Diagonale\" \/>\n<meta property=\"og:description\" content=\"Mauvaise nouvelle pour Monaco, qui va recevoir Toulouse sans Folarin Balogun. L\u2019attaquant am\u00e9ricain, victime d\u2019un coup \u00e0 une \u00e9paule contre Marseille, n\u2019est pas suffisamment remis et sera donc absent. Lamine Camara, malade la semaine derni\u00e8re, effectue son retour. Yann Lienard, engag\u00e9 en Premier League International Cup avec le Groupe \u00c9lite, c\u00e8de sa place de troisi\u00e8me [...]\" \/>\n<meta property=\"og:url\" content=\"https:\/\/www.ladiagonale.net\/index.php\/2024\/12\/06\/le-groupe-monegasque-balogun-forfait\/\" \/>\n<meta property=\"og:site_name\" content=\"La Diagonale\" \/>\n<meta property=\"article:published_time\" content=\"2024-12-06T19:24:10+00:00\" \/>\n<meta property=\"article:modified_time\" content=\"2024-12-06T20:59:33+00:00\" \/>\n<meta property=\"og:image\" content=\"https:\/\/www.ladiagonale.net\/wp-content\/uploads\/2024\/08\/baloasse.png\" \/>\n\t<meta property=\"og:image:width\" content=\"1160\" \/>\n\t<meta property=\"og:image:height\" content=\"650\" \/>\n\t<meta property=\"og:image:type\" content=\"image\/png\" \/>\n<meta name=\"author\" content=\"admin\" \/>\n<meta name=\"twitter:card\" content=\"summary_large_image\" \/>\n<meta name=\"twitter:image\" content=\"https:\/\/www.ladiagonale.net\/wp-content\/uploads\/2024\/08\/baloasse.png\" \/>\n<meta name=\"twitter:label1\" content=\"\u00c9crit par\" \/>\n\t<meta name=\"twitter:data1\" content=\"admin\" \/>\n\t<meta name=\"twitter:label2\" content=\"Dur\u00e9e de lecture estim\u00e9e\" \/>\n\t<meta name=\"twitter:data2\" content=\"1 minute\" \/>\n<script type=\"application\/ld+json\" class=\"yoast-schema-graph\">{\"@context\":\"https:\/\/schema.org\",\"@graph\":[{\"@type\":\"WebPage\",\"@id\":\"https:\/\/www.ladiagonale.net\/index.php\/2024\/12\/06\/le-groupe-monegasque-balogun-forfait\/\",\"url\":\"https:\/\/www.ladiagonale.net\/index.php\/2024\/12\/06\/le-groupe-monegasque-balogun-forfait\/\",\"name\":\"Le groupe mon\u00e9gasque : Balogun forfait - La Diagonale\",\"isPartOf\":{\"@id\":\"https:\/\/www.ladiagonale.net\/#website\"},\"datePublished\":\"2024-12-06T19:24:10+00:00\",\"dateModified\":\"2024-12-06T20:59:33+00:00\",\"author\":{\"@id\":\"https:\/\/www.ladiagonale.net\/#\/schema\/person\/03fa041acd51875ece8bf97a37252a4d\"},\"breadcrumb\":{\"@id\":\"https:\/\/www.ladiagonale.net\/index.php\/2024\/12\/06\/le-groupe-monegasque-balogun-forfait\/#breadcrumb\"},\"inLanguage\":\"fr-FR\",\"potentialAction\":[{\"@type\":\"ReadAction\",\"target\":[\"https:\/\/www.ladiagonale.net\/index.php\/2024\/12\/06\/le-groupe-monegasque-balogun-forfait\/\"]}]},{\"@type\":\"BreadcrumbList\",\"@id\":\"https:\/\/www.ladiagonale.net\/index.php\/2024\/12\/06\/le-groupe-monegasque-balogun-forfait\/#breadcrumb\",\"itemListElement\":[{\"@type\":\"ListItem\",\"position\":1,\"name\":\"Accueil\",\"item\":\"https:\/\/www.ladiagonale.net\/\"},{\"@type\":\"ListItem\",\"position\":2,\"name\":\"Le groupe mon\u00e9gasque : Balogun forfait\"}]},{\"@type\":\"WebSite\",\"@id\":\"https:\/\/www.ladiagonale.net\/#website\",\"url\":\"https:\/\/www.ladiagonale.net\/\",\"name\":\"La Diagonale\",\"description\":\"Le site des supporters de l&#039;AS Monaco FC\",\"potentialAction\":[{\"@type\":\"SearchAction\",\"target\":{\"@type\":\"EntryPoint\",\"urlTemplate\":\"https:\/\/www.ladiagonale.net\/?s={search_term_string}\"},\"query-input\":\"required name=search_term_string\"}],\"inLanguage\":\"fr-FR\"},{\"@type\":\"Person\",\"@id\":\"https:\/\/www.ladiagonale.net\/#\/schema\/person\/03fa041acd51875ece8bf97a37252a4d\",\"name\":\"admin\",\"image\":{\"@type\":\"ImageObject\",\"inLanguage\":\"fr-FR\",\"@id\":\"https:\/\/www.ladiagonale.net\/#\/schema\/person\/image\/\",\"url\":\"https:\/\/secure.gravatar.com\/avatar\/894b9daaf19cc759b072b6bb09cac5f2?s=96&d=mm&r=g\",\"contentUrl\":\"https:\/\/secure.gravatar.com\/avatar\/894b9daaf19cc759b072b6bb09cac5f2?s=96&d=mm&r=g\",\"caption\":\"admin\"},\"sameAs\":[\"https:\/\/v2.ladiagonale.net\"],\"url\":\"https:\/\/www.ladiagonale.net\/index.php\/author\/admin\/\"}]}<\/script>\n<!-- \/ Yoast SEO plugin. -->","yoast_head_json":{"title":"Le groupe mon\u00e9gasque : Balogun forfait - La Diagonale","robots":{"index":"index","follow":"follow","max-snippet":"max-snippet:-1","max-image-preview":"max-image-preview:large","max-video-preview":"max-video-preview:-1"},"canonical":"https:\/\/www.ladiagonale.net\/index.php\/2024\/12\/06\/le-groupe-monegasque-balogun-forfait\/","og_locale":"fr_FR","og_type":"article","og_title":"Le groupe mon\u00e9gasque : Balogun forfait - La Diagonale","og_description":"Mauvaise nouvelle pour Monaco, qui va recevoir Toulouse sans Folarin Balogun. L\u2019attaquant am\u00e9ricain, victime d\u2019un coup \u00e0 une \u00e9paule contre Marseille, n\u2019est pas suffisamment remis et sera donc absent. Lamine Camara, malade la semaine derni\u00e8re, effectue son retour. Yann Lienard, engag\u00e9 en Premier League International Cup avec le Groupe \u00c9lite, c\u00e8de sa place de troisi\u00e8me [...]","og_url":"https:\/\/www.ladiagonale.net\/index.php\/2024\/12\/06\/le-groupe-monegasque-balogun-forfait\/","og_site_name":"La Diagonale","article_published_time":"2024-12-06T19:24:10+00:00","article_modified_time":"2024-12-06T20:59:33+00:00","og_image":[{"width":1160,"height":650,"url":"https:\/\/www.ladiagonale.net\/wp-content\/uploads\/2024\/08\/baloasse.png","type":"image\/png"}],"author":"admin","twitter_card":"summary_large_image","twitter_image":"https:\/\/www.ladiagonale.net\/wp-content\/uploads\/2024\/08\/baloasse.png","twitter_misc":{"\u00c9crit par":"admin","Dur\u00e9e de lecture estim\u00e9e":"1 minute"},"schema":{"@context":"https:\/\/schema.org","@graph":[{"@type":"WebPage","@id":"https:\/\/www.ladiagonale.net\/index.php\/2024\/12\/06\/le-groupe-monegasque-balogun-forfait\/","url":"https:\/\/www.ladiagonale.net\/index.php\/2024\/12\/06\/le-groupe-monegasque-balogun-forfait\/","name":"Le groupe mon\u00e9gasque : Balogun forfait - La Diagonale","isPartOf":{"@id":"https:\/\/www.ladiagonale.net\/#website"},"datePublished":"2024-12-06T19:24:10+00:00","dateModified":"2024-12-06T20:59:33+00:00","author":{"@id":"https:\/\/www.ladiagonale.net\/#\/schema\/person\/03fa041acd51875ece8bf97a37252a4d"},"breadcrumb":{"@id":"https:\/\/www.ladiagonale.net\/index.php\/2024\/12\/06\/le-groupe-monegasque-balogun-forfait\/#breadcrumb"},"inLanguage":"fr-FR","potentialAction":[{"@type":"ReadAction","target":["https:\/\/www.ladiagonale.net\/index.php\/2024\/12\/06\/le-groupe-monegasque-balogun-forfait\/"]}]},{"@type":"BreadcrumbList","@id":"https:\/\/www.ladiagonale.net\/index.php\/2024\/12\/06\/le-groupe-monegasque-balogun-forfait\/#breadcrumb","itemListElement":[{"@type":"ListItem","position":1,"name":"Accueil","item":"https:\/\/www.ladiagonale.net\/"},{"@type":"ListItem","position":2,"name":"Le groupe mon\u00e9gasque : Balogun forfait"}]},{"@type":"WebSite","@id":"https:\/\/www.ladiagonale.net\/#website","url":"https:\/\/www.ladiagonale.net\/","name":"La Diagonale","description":"Le site des supporters de l&#039;AS Monaco FC","potentialAction":[{"@type":"SearchAction","target":{"@type":"EntryPoint","urlTemplate":"https:\/\/www.ladiagonale.net\/?s={search_term_string}"},"query-input":"required name=search_term_string"}],"inLanguage":"fr-FR"},{"@type":"Person","@id":"https:\/\/www.ladiagonale.net\/#\/schema\/person\/03fa041acd51875ece8bf97a37252a4d","name":"admin","image":{"@type":"ImageObject","inLanguage":"fr-FR","@id":"https:\/\/www.ladiagonale.net\/#\/schema\/person\/image\/","url":"https:\/\/secure.gravatar.com\/avatar\/894b9daaf19cc759b072b6bb09cac5f2?s=96&d=mm&r=g","contentUrl":"https:\/\/secure.gravatar.com\/avatar\/894b9daaf19cc759b072b6bb09cac5f2?s=96&d=mm&r=g","caption":"admin"},"sameAs":["https:\/\/v2.ladiagonale.net"],"url":"https:\/\/www.ladiagonale.net\/index.php\/author\/admin\/"}]}},"_links":{"self":[{"href":"https:\/\/www.ladiagonale.net\/index.php\/wp-json\/wp\/v2\/posts\/28005"}],"collection":[{"href":"https:\/\/www.ladiagonale.net\/index.php\/wp-json\/wp\/v2\/posts"}],"about":[{"href":"https:\/\/www.ladiagonale.net\/index.php\/wp-json\/wp\/v2\/types\/post"}],"author":[{"embeddable":true,"href":"https:\/\/www.ladiagonale.net\/index.php\/wp-json\/wp\/v2\/users\/1"}],"replies":[{"embeddable":true,"href":"https:\/\/www.ladiagonale.net\/index.php\/wp-json\/wp\/v2\/comments?post=28005"}],"version-history":[{"count":3,"href":"https:\/\/www.ladiagonale.net\/index.php\/wp-json\/wp\/v2\/posts\/28005\/revisions"}],"predecessor-version":[{"id":28009,"href":"https:\/\/www.ladiagonale.net\/index.php\/wp-json\/wp\/v2\/posts\/28005\/revisions\/28009"}],"wp:attachment":[{"href":"https:\/\/www.ladiagonale.net\/index.php\/wp-json\/wp\/v2\/media?parent=28005"}],"wp:term":[{"taxonomy":"category","embeddable":true,"href":"https:\/\/www.ladiagonale.net\/index.php\/wp-json\/wp\/v2\/categories?post=28005"},{"taxonomy":"post_tag","embeddable":true,"href":"https:\/\/www.ladiagonale.net\/index.php\/wp-json\/wp\/v2\/tags?post=28005"}],"curies":[{"name":"wp","href":"https:\/\/api.w.org\/{rel}","templated":true}]}}