{"id":28040,"date":"2024-12-08T09:25:00","date_gmt":"2024-12-08T08:25:00","guid":{"rendered":"https:\/\/www.ladiagonale.net\/?p=28040"},"modified":"2024-12-08T03:36:45","modified_gmt":"2024-12-08T02:36:45","slug":"les-notes-camara-donne-le-tempo","status":"publish","type":"post","link":"https:\/\/www.ladiagonale.net\/index.php\/2024\/12\/08\/les-notes-camara-donne-le-tempo\/","title":{"rendered":"Les notes : Camara donne le tempo"},"content":{"rendered":"\n\n\n<p><strong>Le milieu de terrain s\u00e9n\u00e9galais Lamine Camara n&rsquo;a pas \u00e9t\u00e9 d\u00e9stabilis\u00e9 par l&rsquo;absence de Denis Zakaria contre Toulouse et a parfaitement tenu l&rsquo;entrejeu.<\/strong><\/p>\n\n\n\n<h4 class=\"wp-block-heading has-white-color has-text-color has-background\" style=\"background-color:#045000\">TOPS<\/h4>\n\n\n\n<div class=\"wp-block-media-text alignwide is-stacked-on-mobile\" style=\"grid-template-columns:30% auto\"><figure class=\"wp-block-media-text__media\"><img loading=\"lazy\" width=\"400\" height=\"400\" src=\"https:\/\/www.ladiagonale.net\/wp-content\/uploads\/2024\/09\/LCamara7-1.png\" alt=\"\" class=\"wp-image-26120 size-full\"\/><\/figure><div class=\"wp-block-media-text__content\">\n<p style=\"font-size:16px\"><strong>Lamine Camara<\/strong><\/p>\n\n\n\n<p style=\"font-size:15px\">Quand il est apparu clairement que le pressing toulousain \u00e9tait aussi peu marqu\u00e9, il a pu prendre ses aises et a jou\u00e9 comme dans un fauteuil. Il a orient\u00e9 le jeu et r\u00e9alis\u00e9 plusieurs bonnes passes (4<sup>e<\/sup>, 13<sup>e<\/sup>, 63<sup>e<\/sup>), profitant des espaces allou\u00e9s et c&rsquo;est lui qui trouve Singo au second poteau sur un coup franc pour l&rsquo;ouverture du score. D\u00e9fensivement, il a \u00e9t\u00e9 au niveau dans l&rsquo;intensit\u00e9 et l&rsquo;engagement avec 6 duels remport\u00e9s sur 9 et 8 ballons r\u00e9cup\u00e9r\u00e9s. Un coude dans le buffet de King (44<sup>e<\/sup>) qui est un peu pass\u00e9 sous les radars mais qui aurait pu \u00eatre consid\u00e9r\u00e9 comme un geste d\u2019antijeu, largement \u00e9vitable, surtout vu la situation critique au milieu.<\/p>\n<\/div><\/div>\n\n\n\n<div style=\"height:50px\" aria-hidden=\"true\" class=\"wp-block-spacer\"><\/div>\n\n\n\n<div class=\"wp-block-media-text alignwide is-stacked-on-mobile\" style=\"grid-template-columns:30% auto\"><figure class=\"wp-block-media-text__media\"><img loading=\"lazy\" width=\"400\" height=\"400\" src=\"https:\/\/www.ladiagonale.net\/wp-content\/uploads\/2024\/12\/Singo7.png\" alt=\"\" class=\"wp-image-28041 size-full\" srcset=\"https:\/\/www.ladiagonale.net\/wp-content\/uploads\/2024\/12\/Singo7.png 400w, https:\/\/www.ladiagonale.net\/wp-content\/uploads\/2024\/12\/Singo7-300x300.png 300w, https:\/\/www.ladiagonale.net\/wp-content\/uploads\/2024\/12\/Singo7-150x150.png 150w, https:\/\/www.ladiagonale.net\/wp-content\/uploads\/2024\/12\/Singo7-128x128.png 128w, https:\/\/www.ladiagonale.net\/wp-content\/uploads\/2024\/12\/Singo7-32x32.png 32w\" sizes=\"(max-width: 400px) 100vw, 400px\" \/><\/figure><div class=\"wp-block-media-text__content\">\n<p style=\"font-size:16px\"><strong>Wilfried Singo<\/strong><\/p>\n\n\n\n<p style=\"font-size:15px\">Il d\u00e9bloque la situation de l\u2019ASM, particuli\u00e8rement inefficace lors du premier acte, en marquant d\u00e8s le d\u00e9but de la seconde p\u00e9riode avec une t\u00eate bien sentie au second poteau (50<sup>e<\/sup>) et en se faisant oublier par Sidib\u00e9. Dans l\u2019aspect d\u00e9fensif, l\u2019Ivoirien a une nouvelle fois \u00e9t\u00e9 solide, remportant la plupart de ses duels (7\/12) et a montr\u00e9 une grande intensit\u00e9. Auteur de plusieurs d\u00e9gagements (6). Il n\u2019a \u00e9t\u00e9 pris en d\u00e9faut un seule fois, lorsqu\u2019il a h\u00e9sit\u00e9 \u00e0 intervenir sur Babicka, qui a pu s\u2019\u00e9chapper (77<sup>e<\/sup>).<\/p>\n<\/div><\/div>\n\n\n\n<div style=\"height:50px\" aria-hidden=\"true\" class=\"wp-block-spacer\"><\/div>\n\n\n\n<div class=\"wp-block-media-text alignwide is-stacked-on-mobile\" style=\"grid-template-columns:30% auto\"><figure class=\"wp-block-media-text__media\"><img loading=\"lazy\" width=\"400\" height=\"400\" src=\"https:\/\/www.ladiagonale.net\/wp-content\/uploads\/2024\/11\/Akliouche7.png\" alt=\"\" class=\"wp-image-27359 size-full\" srcset=\"https:\/\/www.ladiagonale.net\/wp-content\/uploads\/2024\/11\/Akliouche7.png 400w, https:\/\/www.ladiagonale.net\/wp-content\/uploads\/2024\/11\/Akliouche7-300x300.png 300w, https:\/\/www.ladiagonale.net\/wp-content\/uploads\/2024\/11\/Akliouche7-150x150.png 150w, https:\/\/www.ladiagonale.net\/wp-content\/uploads\/2024\/11\/Akliouche7-128x128.png 128w, https:\/\/www.ladiagonale.net\/wp-content\/uploads\/2024\/11\/Akliouche7-32x32.png 32w\" sizes=\"(max-width: 400px) 100vw, 400px\" \/><\/figure><div class=\"wp-block-media-text__content\">\n<p style=\"font-size:16px\"><strong>Maghnes Akliouche<\/strong><\/p>\n\n\n\n<p style=\"font-size:15px\">Peu inspir\u00e9 contre Marseille le week-end dernier, l\u2019international Espoirs avait du jus et des jambes face \u00e0 Toulouse. Il a \u00e9volu\u00e9 \u00e0 un haut niveau pendant 90 minutes, distillant des passes lumineuses (11<sup>e<\/sup>, 13<sup>e<\/sup>, 38<sup>e<\/sup>), des centres dangereux (20<sup>e<\/sup>, 90<sup>e<\/sup>+1), faisant appr\u00e9cier sa technique chaloup\u00e9e, m\u00eame s\u2019il s\u2019est parfois montr\u00e9 un peu trop gourmand, comme sur cette s\u00e9quence de dribbles qu\u2019il prolonge de trop (14<sup>e<\/sup>), ou cette talonnade un brin pr\u00e9somptueuse (27<sup>e<\/sup>). Il lui a manqu\u00e9 un peu de pr\u00e9cision ou de r\u00e9ussite pour \u00eatre d\u00e9cisif, comme cette passe d\u00e9tourn\u00e9e par Cresswell qui donne la munition \u00e0 Embolo pour faire le break (82<sup>e<\/sup>), mais c\u2019est lui qui est \u00e0 l\u2019origine de ce but.<\/p>\n<\/div><\/div>\n\n\n\n<div style=\"height:50px\" aria-hidden=\"true\" class=\"wp-block-spacer\"><\/div>\n\n\n\n<h4 class=\"wp-block-heading has-white-color has-text-color has-background\" style=\"background-color:#c00501\">FLOPS<\/h4>\n\n\n\n<div class=\"wp-block-media-text alignwide is-stacked-on-mobile\" style=\"grid-template-columns:30% auto\"><figure class=\"wp-block-media-text__media\"><img loading=\"lazy\" width=\"400\" height=\"400\" src=\"https:\/\/www.ladiagonale.net\/wp-content\/uploads\/2024\/09\/Ilenikhena4.png\" alt=\"\" class=\"wp-image-26117 size-full\"\/><\/figure><div class=\"wp-block-media-text__content\">\n<p style=\"font-size:16px\"><strong>George Ilenikhena<\/strong><\/p>\n\n\n\n<p style=\"font-size:15px\">Il s\u2019est montr\u00e9 disponible pour ses co\u00e9quipiers et il est int\u00e9ressant de voir qu\u2019il est capable de se trouver rapidement dans de bonnes positions devant le but. Mais il doit encore r\u00e9gler la mire car il s\u2019est montr\u00e9 particuli\u00e8rement maladroit, trouvant notamment deux fois les montants. Sur la premi\u00e8re (11<sup>e<\/sup>), le geste est compliqu\u00e9 mais bien senti, mais sur la seconde (35<sup>e<\/sup>), il met un peu trop de temps \u00e0 encha\u00eener. Quelques (rares) bonnes d\u00e9viations et orientations dans le jeu, mais il existe encore trop peu dans ce domaine. C&rsquo;est tout de m\u00eame lui qui obtient le coup franc sur lequel l&rsquo;ASM va ouvrir le score.<\/p>\n<\/div><\/div>\n\n\n\n<div style=\"height:50px\" aria-hidden=\"true\" class=\"wp-block-spacer\"><\/div>\n\n\n\n<div class=\"wp-block-media-text alignwide is-stacked-on-mobile\" style=\"grid-template-columns:30% auto\"><figure class=\"wp-block-media-text__media\"><img loading=\"lazy\" width=\"400\" height=\"400\" src=\"https:\/\/www.ladiagonale.net\/wp-content\/uploads\/2024\/10\/Minamino4.png\" alt=\"\" class=\"wp-image-26786 size-full\"\/><\/figure><div class=\"wp-block-media-text__content\">\n<p style=\"font-size:16px\"><strong>Takumi Minamino<\/strong><\/p>\n\n\n\n<p style=\"font-size:15px\">Pouvait-il mieux jouer le contre \u00e0 trois contre un en fin de premi\u00e8re p\u00e9riode (45<sup>e<\/sup>+1) et aller au bout lui-m\u00eame ? Difficile \u00e0 dire, mais son centre en retrait dans l\u2019axe est loin d\u2019\u00eatre mauvais et il donne une bonne occasion pour l\u2019ASM, g\u00e2ch\u00e9e par Ilenikhena. Quelques minutes plus t\u00f4t, c\u2019est lui qui se d\u00e9chire en for\u00e7ant sa frappe alors qu\u2019il s\u2019\u00e9tait ouvert le chemin du but (40<sup>e<\/sup>). Il a globalement trop peu montr\u00e9 dans le jeu, avec de gros trous o\u00f9 il a disparu de la circulation, en particulier lors de la premi\u00e8re p\u00e9riode.<\/p>\n<\/div><\/div>\n\n\n\n<div style=\"height:50px\" aria-hidden=\"true\" class=\"wp-block-spacer\"><\/div>\n\n\n\n<div class=\"wp-block-media-text alignwide is-stacked-on-mobile\" style=\"grid-template-columns:30% auto\"><figure class=\"wp-block-media-text__media\"><img loading=\"lazy\" width=\"400\" height=\"400\" src=\"https:\/\/www.ladiagonale.net\/wp-content\/uploads\/2024\/12\/Matazo4.png\" alt=\"\" class=\"wp-image-28042 size-full\" srcset=\"https:\/\/www.ladiagonale.net\/wp-content\/uploads\/2024\/12\/Matazo4.png 400w, https:\/\/www.ladiagonale.net\/wp-content\/uploads\/2024\/12\/Matazo4-300x300.png 300w, https:\/\/www.ladiagonale.net\/wp-content\/uploads\/2024\/12\/Matazo4-150x150.png 150w, https:\/\/www.ladiagonale.net\/wp-content\/uploads\/2024\/12\/Matazo4-128x128.png 128w, https:\/\/www.ladiagonale.net\/wp-content\/uploads\/2024\/12\/Matazo4-32x32.png 32w\" sizes=\"(max-width: 400px) 100vw, 400px\" \/><\/figure><div class=\"wp-block-media-text__content\">\n<p style=\"font-size:16px\"><strong>Eliot Matazo<\/strong><\/p>\n\n\n\n<p style=\"font-size:15px\">Pas une soir\u00e9e facile pour l\u2019international Espoirs belge, oblig\u00e9 de remplacer au pied lev\u00e9 Zakaria et en manque \u00e9vident de rythme. Il a \u00e9t\u00e9 bien aid\u00e9 par l\u2019absence de pressing des Toulousains mais n\u2019a pas suffisamment propos\u00e9 dans le jeu et perdu un peu trop de ballons lorsqu\u2019il a cherch\u00e9 \u00e0 jouer vers l\u2019avant. Plut\u00f4t int\u00e9ressant dans le duel, m\u00eame s\u2019il a parfois \u00e9t\u00e9 d\u00e9pass\u00e9 sur certaines situations de contres.<\/p>\n<\/div><\/div>\n\n\n\n<div style=\"height:50px\" aria-hidden=\"true\" class=\"wp-block-spacer\"><\/div>\n\n\n\n<h4 class=\"wp-block-heading has-white-color has-text-color has-background\" style=\"background-color:#303030\">Les autres notes<\/h4>\n\n\n<div class=\"wp-block-image\">\n<figure class=\"aligncenter size-large is-resized\"><img loading=\"lazy\" src=\"https:\/\/www.ladiagonale.net\/wp-content\/uploads\/2024\/12\/TFC-819x1024.png\" alt=\"\" class=\"wp-image-28043\" width=\"614\" height=\"768\" srcset=\"https:\/\/www.ladiagonale.net\/wp-content\/uploads\/2024\/12\/TFC-819x1024.png 819w, https:\/\/www.ladiagonale.net\/wp-content\/uploads\/2024\/12\/TFC-240x300.png 240w, https:\/\/www.ladiagonale.net\/wp-content\/uploads\/2024\/12\/TFC-768x960.png 768w, https:\/\/www.ladiagonale.net\/wp-content\/uploads\/2024\/12\/TFC-1229x1536.png 1229w, https:\/\/www.ladiagonale.net\/wp-content\/uploads\/2024\/12\/TFC-102x128.png 102w, https:\/\/www.ladiagonale.net\/wp-content\/uploads\/2024\/12\/TFC-26x32.png 26w, https:\/\/www.ladiagonale.net\/wp-content\/uploads\/2024\/12\/TFC.png 1242w\" sizes=\"(max-width: 614px) 100vw, 614px\" \/><figcaption>H\u00fctter : 6<br>Moyenne : 5,6\/10<\/figcaption><\/figure><\/div>","protected":false},"excerpt":{"rendered":"<p>Le milieu de terrain s\u00e9n\u00e9galais Lamine Camara n&rsquo;a pas \u00e9t\u00e9 d\u00e9stabilis\u00e9 par l&rsquo;absence de Denis Zakaria contre Toulouse et a parfaitement tenu l&rsquo;entrejeu. TOPS Lamine Camara Quand il est apparu clairement que le pressing toulousain \u00e9tait aussi peu marqu\u00e9, il a pu prendre ses aises et a jou\u00e9 comme dans un fauteuil. Il a orient\u00e9 [&#8230;]\n","protected":false},"author":2,"featured_media":28044,"comment_status":"open","ping_status":"open","sticky":false,"template":"","format":"standard","meta":[],"categories":[5,6],"tags":[86,94,463,248],"yoast_head":"<!-- This site is optimized with the Yoast SEO plugin v19.8 - https:\/\/yoast.com\/wordpress\/plugins\/seo\/ -->\n<title>Les notes : Camara donne le tempo - La Diagonale<\/title>\n<meta name=\"robots\" content=\"index, follow, max-snippet:-1, max-image-preview:large, max-video-preview:-1\" \/>\n<link rel=\"canonical\" href=\"https:\/\/www.ladiagonale.net\/index.php\/2024\/12\/08\/les-notes-camara-donne-le-tempo\/\" \/>\n<meta property=\"og:locale\" content=\"fr_FR\" \/>\n<meta property=\"og:type\" content=\"article\" \/>\n<meta property=\"og:title\" content=\"Les notes : Camara donne le tempo - La Diagonale\" \/>\n<meta property=\"og:description\" content=\"Le milieu de terrain s\u00e9n\u00e9galais Lamine Camara n&rsquo;a pas \u00e9t\u00e9 d\u00e9stabilis\u00e9 par l&rsquo;absence de Denis Zakaria contre Toulouse et a parfaitement tenu l&rsquo;entrejeu. TOPS Lamine Camara Quand il est apparu clairement que le pressing toulousain \u00e9tait aussi peu marqu\u00e9, il a pu prendre ses aises et a jou\u00e9 comme dans un fauteuil. Il a orient\u00e9 [...]\" \/>\n<meta property=\"og:url\" content=\"https:\/\/www.ladiagonale.net\/index.php\/2024\/12\/08\/les-notes-camara-donne-le-tempo\/\" \/>\n<meta property=\"og:site_name\" content=\"La Diagonale\" \/>\n<meta property=\"article:published_time\" content=\"2024-12-08T08:25:00+00:00\" \/>\n<meta property=\"article:modified_time\" content=\"2024-12-08T02:36:45+00:00\" \/>\n<meta property=\"og:image\" content=\"https:\/\/www.ladiagonale.net\/wp-content\/uploads\/2024\/12\/Toulouse.png\" \/>\n\t<meta property=\"og:image:width\" content=\"1160\" \/>\n\t<meta property=\"og:image:height\" content=\"650\" \/>\n\t<meta property=\"og:image:type\" content=\"image\/png\" \/>\n<meta name=\"author\" content=\"Damien Dellerba\" \/>\n<meta name=\"twitter:card\" content=\"summary_large_image\" \/>\n<meta name=\"twitter:image\" content=\"https:\/\/www.ladiagonale.net\/wp-content\/uploads\/2024\/12\/Toulouse.png\" \/>\n<meta name=\"twitter:label1\" content=\"\u00c9crit par\" \/>\n\t<meta name=\"twitter:data1\" content=\"Damien Dellerba\" \/>\n\t<meta name=\"twitter:label2\" content=\"Dur\u00e9e de lecture estim\u00e9e\" \/>\n\t<meta name=\"twitter:data2\" content=\"5 minutes\" \/>\n<script type=\"application\/ld+json\" class=\"yoast-schema-graph\">{\"@context\":\"https:\/\/schema.org\",\"@graph\":[{\"@type\":\"WebPage\",\"@id\":\"https:\/\/www.ladiagonale.net\/index.php\/2024\/12\/08\/les-notes-camara-donne-le-tempo\/\",\"url\":\"https:\/\/www.ladiagonale.net\/index.php\/2024\/12\/08\/les-notes-camara-donne-le-tempo\/\",\"name\":\"Les notes : Camara donne le tempo - La Diagonale\",\"isPartOf\":{\"@id\":\"https:\/\/www.ladiagonale.net\/#website\"},\"datePublished\":\"2024-12-08T08:25:00+00:00\",\"dateModified\":\"2024-12-08T02:36:45+00:00\",\"author\":{\"@id\":\"https:\/\/www.ladiagonale.net\/#\/schema\/person\/79ff1e7b0853ed01b2aa26e64ad300bf\"},\"breadcrumb\":{\"@id\":\"https:\/\/www.ladiagonale.net\/index.php\/2024\/12\/08\/les-notes-camara-donne-le-tempo\/#breadcrumb\"},\"inLanguage\":\"fr-FR\",\"potentialAction\":[{\"@type\":\"ReadAction\",\"target\":[\"https:\/\/www.ladiagonale.net\/index.php\/2024\/12\/08\/les-notes-camara-donne-le-tempo\/\"]}]},{\"@type\":\"BreadcrumbList\",\"@id\":\"https:\/\/www.ladiagonale.net\/index.php\/2024\/12\/08\/les-notes-camara-donne-le-tempo\/#breadcrumb\",\"itemListElement\":[{\"@type\":\"ListItem\",\"position\":1,\"name\":\"Accueil\",\"item\":\"https:\/\/www.ladiagonale.net\/\"},{\"@type\":\"ListItem\",\"position\":2,\"name\":\"Les notes : Camara donne le tempo\"}]},{\"@type\":\"WebSite\",\"@id\":\"https:\/\/www.ladiagonale.net\/#website\",\"url\":\"https:\/\/www.ladiagonale.net\/\",\"name\":\"La Diagonale\",\"description\":\"Le site des supporters de l&#039;AS Monaco FC\",\"potentialAction\":[{\"@type\":\"SearchAction\",\"target\":{\"@type\":\"EntryPoint\",\"urlTemplate\":\"https:\/\/www.ladiagonale.net\/?s={search_term_string}\"},\"query-input\":\"required name=search_term_string\"}],\"inLanguage\":\"fr-FR\"},{\"@type\":\"Person\",\"@id\":\"https:\/\/www.ladiagonale.net\/#\/schema\/person\/79ff1e7b0853ed01b2aa26e64ad300bf\",\"name\":\"Damien Dellerba\",\"image\":{\"@type\":\"ImageObject\",\"inLanguage\":\"fr-FR\",\"@id\":\"https:\/\/www.ladiagonale.net\/#\/schema\/person\/image\/\",\"url\":\"https:\/\/secure.gravatar.com\/avatar\/c7850e06d3ff63cdbaee88b7fc16e2f0?s=96&d=mm&r=g\",\"contentUrl\":\"https:\/\/secure.gravatar.com\/avatar\/c7850e06d3ff63cdbaee88b7fc16e2f0?s=96&d=mm&r=g\",\"caption\":\"Damien Dellerba\"},\"url\":\"https:\/\/www.ladiagonale.net\/index.php\/author\/damien\/\"}]}<\/script>\n<!-- \/ Yoast SEO plugin. -->","yoast_head_json":{"title":"Les notes : Camara donne le tempo - La Diagonale","robots":{"index":"index","follow":"follow","max-snippet":"max-snippet:-1","max-image-preview":"max-image-preview:large","max-video-preview":"max-video-preview:-1"},"canonical":"https:\/\/www.ladiagonale.net\/index.php\/2024\/12\/08\/les-notes-camara-donne-le-tempo\/","og_locale":"fr_FR","og_type":"article","og_title":"Les notes : Camara donne le tempo - La Diagonale","og_description":"Le milieu de terrain s\u00e9n\u00e9galais Lamine Camara n&rsquo;a pas \u00e9t\u00e9 d\u00e9stabilis\u00e9 par l&rsquo;absence de Denis Zakaria contre Toulouse et a parfaitement tenu l&rsquo;entrejeu. TOPS Lamine Camara Quand il est apparu clairement que le pressing toulousain \u00e9tait aussi peu marqu\u00e9, il a pu prendre ses aises et a jou\u00e9 comme dans un fauteuil. Il a orient\u00e9 [...]","og_url":"https:\/\/www.ladiagonale.net\/index.php\/2024\/12\/08\/les-notes-camara-donne-le-tempo\/","og_site_name":"La Diagonale","article_published_time":"2024-12-08T08:25:00+00:00","article_modified_time":"2024-12-08T02:36:45+00:00","og_image":[{"width":1160,"height":650,"url":"https:\/\/www.ladiagonale.net\/wp-content\/uploads\/2024\/12\/Toulouse.png","type":"image\/png"}],"author":"Damien Dellerba","twitter_card":"summary_large_image","twitter_image":"https:\/\/www.ladiagonale.net\/wp-content\/uploads\/2024\/12\/Toulouse.png","twitter_misc":{"\u00c9crit par":"Damien Dellerba","Dur\u00e9e de lecture estim\u00e9e":"5 minutes"},"schema":{"@context":"https:\/\/schema.org","@graph":[{"@type":"WebPage","@id":"https:\/\/www.ladiagonale.net\/index.php\/2024\/12\/08\/les-notes-camara-donne-le-tempo\/","url":"https:\/\/www.ladiagonale.net\/index.php\/2024\/12\/08\/les-notes-camara-donne-le-tempo\/","name":"Les notes : Camara donne le tempo - La Diagonale","isPartOf":{"@id":"https:\/\/www.ladiagonale.net\/#website"},"datePublished":"2024-12-08T08:25:00+00:00","dateModified":"2024-12-08T02:36:45+00:00","author":{"@id":"https:\/\/www.ladiagonale.net\/#\/schema\/person\/79ff1e7b0853ed01b2aa26e64ad300bf"},"breadcrumb":{"@id":"https:\/\/www.ladiagonale.net\/index.php\/2024\/12\/08\/les-notes-camara-donne-le-tempo\/#breadcrumb"},"inLanguage":"fr-FR","potentialAction":[{"@type":"ReadAction","target":["https:\/\/www.ladiagonale.net\/index.php\/2024\/12\/08\/les-notes-camara-donne-le-tempo\/"]}]},{"@type":"BreadcrumbList","@id":"https:\/\/www.ladiagonale.net\/index.php\/2024\/12\/08\/les-notes-camara-donne-le-tempo\/#breadcrumb","itemListElement":[{"@type":"ListItem","position":1,"name":"Accueil","item":"https:\/\/www.ladiagonale.net\/"},{"@type":"ListItem","position":2,"name":"Les notes : Camara donne le tempo"}]},{"@type":"WebSite","@id":"https:\/\/www.ladiagonale.net\/#website","url":"https:\/\/www.ladiagonale.net\/","name":"La Diagonale","description":"Le site des supporters de l&#039;AS Monaco FC","potentialAction":[{"@type":"SearchAction","target":{"@type":"EntryPoint","urlTemplate":"https:\/\/www.ladiagonale.net\/?s={search_term_string}"},"query-input":"required name=search_term_string"}],"inLanguage":"fr-FR"},{"@type":"Person","@id":"https:\/\/www.ladiagonale.net\/#\/schema\/person\/79ff1e7b0853ed01b2aa26e64ad300bf","name":"Damien Dellerba","image":{"@type":"ImageObject","inLanguage":"fr-FR","@id":"https:\/\/www.ladiagonale.net\/#\/schema\/person\/image\/","url":"https:\/\/secure.gravatar.com\/avatar\/c7850e06d3ff63cdbaee88b7fc16e2f0?s=96&d=mm&r=g","contentUrl":"https:\/\/secure.gravatar.com\/avatar\/c7850e06d3ff63cdbaee88b7fc16e2f0?s=96&d=mm&r=g","caption":"Damien Dellerba"},"url":"https:\/\/www.ladiagonale.net\/index.php\/author\/damien\/"}]}},"_links":{"self":[{"href":"https:\/\/www.ladiagonale.net\/index.php\/wp-json\/wp\/v2\/posts\/28040"}],"collection":[{"href":"https:\/\/www.ladiagonale.net\/index.php\/wp-json\/wp\/v2\/posts"}],"about":[{"href":"https:\/\/www.ladiagonale.net\/index.php\/wp-json\/wp\/v2\/types\/post"}],"author":[{"embeddable":true,"href":"https:\/\/www.ladiagonale.net\/index.php\/wp-json\/wp\/v2\/users\/2"}],"replies":[{"embeddable":true,"href":"https:\/\/www.ladiagonale.net\/index.php\/wp-json\/wp\/v2\/comments?post=28040"}],"version-history":[{"count":1,"href":"https:\/\/www.ladiagonale.net\/index.php\/wp-json\/wp\/v2\/posts\/28040\/revisions"}],"predecessor-version":[{"id":28045,"href":"https:\/\/www.ladiagonale.net\/index.php\/wp-json\/wp\/v2\/posts\/28040\/revisions\/28045"}],"wp:featuredmedia":[{"embeddable":true,"href":"https:\/\/www.ladiagonale.net\/index.php\/wp-json\/wp\/v2\/media\/28044"}],"wp:attachment":[{"href":"https:\/\/www.ladiagonale.net\/index.php\/wp-json\/wp\/v2\/media?parent=28040"}],"wp:term":[{"taxonomy":"category","embeddable":true,"href":"https:\/\/www.ladiagonale.net\/index.php\/wp-json\/wp\/v2\/categories?post=28040"},{"taxonomy":"post_tag","embeddable":true,"href":"https:\/\/www.ladiagonale.net\/index.php\/wp-json\/wp\/v2\/tags?post=28040"}],"curies":[{"name":"wp","href":"https:\/\/api.w.org\/{rel}","templated":true}]}}