{"id":28046,"date":"2024-12-08T11:50:25","date_gmt":"2024-12-08T10:50:25","guid":{"rendered":"https:\/\/www.ladiagonale.net\/?p=28046"},"modified":"2024-12-08T11:50:25","modified_gmt":"2024-12-08T10:50:25","slug":"ben-seghir-nomme-pour-le-trophee-unfp-de-novembre","status":"publish","type":"post","link":"https:\/\/www.ladiagonale.net\/index.php\/2024\/12\/08\/ben-seghir-nomme-pour-le-trophee-unfp-de-novembre\/","title":{"rendered":"Ben Seghir nomm\u00e9 pour le troph\u00e9e UNFP de novembre"},"content":{"rendered":"\n\n\n<p>Auteur d\u2019un bon d\u00e9but de saison, les performances d\u2019Eliesse Ben Seghir ont \u00e9t\u00e9 remarqu\u00e9es aussi du c\u00f4t\u00e9 de l\u2019UNFP. Le milieu offensif de l\u2019AS Monaco a \u00e9t\u00e9 nomm\u00e9 parmi les trois pr\u00e9tendants pour le troph\u00e9e UNFP du joueur du mois de novembre gr\u00e2ce \u00e0 son doubl\u00e9 contre Strasbourg et sa passe d\u00e9cisive pour Maghnes Akliouche face \u00e0 Brest. Face \u00e0 lui, il trouvera le Lyonnais Alexandre Lacazette (4 buts et 1 passe) et le Lillois Jonathan David (3 buts).<\/p>\n\n\n\n<p>C&rsquo;est la premi\u00e8re fois que l&rsquo;international marocain est dans la s\u00e9lection pour cette distinction honorifique. Il avait cependant \u00e9t\u00e9 d\u00e9j\u00e0 nomm\u00e9 deux fois pour le troph\u00e9e UNFP du meilleur espoir lors des deux derni\u00e8res saisons, sans le remporter.<\/p>\n\n\n\n<p>Pour voter pour Ben Seghir, cliquez sur ce <a href=\"https:\/\/www.tropheesunfp.com\/\"><strong>lien<\/strong><\/a><\/p>\n","protected":false},"excerpt":{"rendered":"<p>Auteur d\u2019un bon d\u00e9but de saison, les performances d\u2019Eliesse Ben Seghir ont \u00e9t\u00e9 remarqu\u00e9es aussi du c\u00f4t\u00e9 de l\u2019UNFP. Le milieu offensif de l\u2019AS Monaco a \u00e9t\u00e9 nomm\u00e9 parmi les trois pr\u00e9tendants pour le troph\u00e9e UNFP du joueur du mois de novembre gr\u00e2ce \u00e0 son doubl\u00e9 contre Strasbourg et sa passe d\u00e9cisive pour Maghnes Akliouche [&#8230;]\n","protected":false},"author":2,"featured_media":0,"comment_status":"open","ping_status":"open","sticky":false,"template":"","format":"standard","meta":[],"categories":[6],"tags":[86,286,94,535],"yoast_head":"<!-- This site is optimized with the Yoast SEO plugin v19.8 - https:\/\/yoast.com\/wordpress\/plugins\/seo\/ -->\n<title>Ben Seghir nomm\u00e9 pour le troph\u00e9e UNFP de novembre - La Diagonale<\/title>\n<meta name=\"robots\" content=\"index, follow, max-snippet:-1, max-image-preview:large, max-video-preview:-1\" \/>\n<link rel=\"canonical\" href=\"https:\/\/www.ladiagonale.net\/index.php\/2024\/12\/08\/ben-seghir-nomme-pour-le-trophee-unfp-de-novembre\/\" \/>\n<meta property=\"og:locale\" content=\"fr_FR\" \/>\n<meta property=\"og:type\" content=\"article\" \/>\n<meta property=\"og:title\" content=\"Ben Seghir nomm\u00e9 pour le troph\u00e9e UNFP de novembre - La Diagonale\" \/>\n<meta property=\"og:description\" content=\"Auteur d\u2019un bon d\u00e9but de saison, les performances d\u2019Eliesse Ben Seghir ont \u00e9t\u00e9 remarqu\u00e9es aussi du c\u00f4t\u00e9 de l\u2019UNFP. Le milieu offensif de l\u2019AS Monaco a \u00e9t\u00e9 nomm\u00e9 parmi les trois pr\u00e9tendants pour le troph\u00e9e UNFP du joueur du mois de novembre gr\u00e2ce \u00e0 son doubl\u00e9 contre Strasbourg et sa passe d\u00e9cisive pour Maghnes Akliouche [...]\" \/>\n<meta property=\"og:url\" content=\"https:\/\/www.ladiagonale.net\/index.php\/2024\/12\/08\/ben-seghir-nomme-pour-le-trophee-unfp-de-novembre\/\" \/>\n<meta property=\"og:site_name\" content=\"La Diagonale\" \/>\n<meta property=\"article:published_time\" content=\"2024-12-08T10:50:25+00:00\" \/>\n<meta property=\"og:image\" content=\"https:\/\/www.ladiagonale.net\/wp-content\/uploads\/2024\/09\/ben-seghir-24.png\" \/>\n\t<meta property=\"og:image:width\" content=\"1160\" \/>\n\t<meta property=\"og:image:height\" content=\"650\" \/>\n\t<meta property=\"og:image:type\" content=\"image\/png\" \/>\n<meta name=\"author\" content=\"Damien Dellerba\" \/>\n<meta name=\"twitter:card\" content=\"summary_large_image\" \/>\n<meta name=\"twitter:image\" content=\"https:\/\/www.ladiagonale.net\/wp-content\/uploads\/2024\/09\/ben-seghir-24.png\" \/>\n<meta name=\"twitter:label1\" content=\"\u00c9crit par\" \/>\n\t<meta name=\"twitter:data1\" content=\"Damien Dellerba\" \/>\n\t<meta name=\"twitter:label2\" content=\"Dur\u00e9e de lecture estim\u00e9e\" \/>\n\t<meta name=\"twitter:data2\" content=\"1 minute\" \/>\n<script type=\"application\/ld+json\" class=\"yoast-schema-graph\">{\"@context\":\"https:\/\/schema.org\",\"@graph\":[{\"@type\":\"WebPage\",\"@id\":\"https:\/\/www.ladiagonale.net\/index.php\/2024\/12\/08\/ben-seghir-nomme-pour-le-trophee-unfp-de-novembre\/\",\"url\":\"https:\/\/www.ladiagonale.net\/index.php\/2024\/12\/08\/ben-seghir-nomme-pour-le-trophee-unfp-de-novembre\/\",\"name\":\"Ben Seghir nomm\u00e9 pour le troph\u00e9e UNFP de novembre - La Diagonale\",\"isPartOf\":{\"@id\":\"https:\/\/www.ladiagonale.net\/#website\"},\"datePublished\":\"2024-12-08T10:50:25+00:00\",\"dateModified\":\"2024-12-08T10:50:25+00:00\",\"author\":{\"@id\":\"https:\/\/www.ladiagonale.net\/#\/schema\/person\/79ff1e7b0853ed01b2aa26e64ad300bf\"},\"breadcrumb\":{\"@id\":\"https:\/\/www.ladiagonale.net\/index.php\/2024\/12\/08\/ben-seghir-nomme-pour-le-trophee-unfp-de-novembre\/#breadcrumb\"},\"inLanguage\":\"fr-FR\",\"potentialAction\":[{\"@type\":\"ReadAction\",\"target\":[\"https:\/\/www.ladiagonale.net\/index.php\/2024\/12\/08\/ben-seghir-nomme-pour-le-trophee-unfp-de-novembre\/\"]}]},{\"@type\":\"BreadcrumbList\",\"@id\":\"https:\/\/www.ladiagonale.net\/index.php\/2024\/12\/08\/ben-seghir-nomme-pour-le-trophee-unfp-de-novembre\/#breadcrumb\",\"itemListElement\":[{\"@type\":\"ListItem\",\"position\":1,\"name\":\"Accueil\",\"item\":\"https:\/\/www.ladiagonale.net\/\"},{\"@type\":\"ListItem\",\"position\":2,\"name\":\"Ben Seghir nomm\u00e9 pour le troph\u00e9e UNFP de novembre\"}]},{\"@type\":\"WebSite\",\"@id\":\"https:\/\/www.ladiagonale.net\/#website\",\"url\":\"https:\/\/www.ladiagonale.net\/\",\"name\":\"La Diagonale\",\"description\":\"Le site des supporters de l&#039;AS Monaco FC\",\"potentialAction\":[{\"@type\":\"SearchAction\",\"target\":{\"@type\":\"EntryPoint\",\"urlTemplate\":\"https:\/\/www.ladiagonale.net\/?s={search_term_string}\"},\"query-input\":\"required name=search_term_string\"}],\"inLanguage\":\"fr-FR\"},{\"@type\":\"Person\",\"@id\":\"https:\/\/www.ladiagonale.net\/#\/schema\/person\/79ff1e7b0853ed01b2aa26e64ad300bf\",\"name\":\"Damien Dellerba\",\"image\":{\"@type\":\"ImageObject\",\"inLanguage\":\"fr-FR\",\"@id\":\"https:\/\/www.ladiagonale.net\/#\/schema\/person\/image\/\",\"url\":\"https:\/\/secure.gravatar.com\/avatar\/c7850e06d3ff63cdbaee88b7fc16e2f0?s=96&d=mm&r=g\",\"contentUrl\":\"https:\/\/secure.gravatar.com\/avatar\/c7850e06d3ff63cdbaee88b7fc16e2f0?s=96&d=mm&r=g\",\"caption\":\"Damien Dellerba\"},\"url\":\"https:\/\/www.ladiagonale.net\/index.php\/author\/damien\/\"}]}<\/script>\n<!-- \/ Yoast SEO plugin. -->","yoast_head_json":{"title":"Ben Seghir nomm\u00e9 pour le troph\u00e9e UNFP de novembre - La Diagonale","robots":{"index":"index","follow":"follow","max-snippet":"max-snippet:-1","max-image-preview":"max-image-preview:large","max-video-preview":"max-video-preview:-1"},"canonical":"https:\/\/www.ladiagonale.net\/index.php\/2024\/12\/08\/ben-seghir-nomme-pour-le-trophee-unfp-de-novembre\/","og_locale":"fr_FR","og_type":"article","og_title":"Ben Seghir nomm\u00e9 pour le troph\u00e9e UNFP de novembre - La Diagonale","og_description":"Auteur d\u2019un bon d\u00e9but de saison, les performances d\u2019Eliesse Ben Seghir ont \u00e9t\u00e9 remarqu\u00e9es aussi du c\u00f4t\u00e9 de l\u2019UNFP. Le milieu offensif de l\u2019AS Monaco a \u00e9t\u00e9 nomm\u00e9 parmi les trois pr\u00e9tendants pour le troph\u00e9e UNFP du joueur du mois de novembre gr\u00e2ce \u00e0 son doubl\u00e9 contre Strasbourg et sa passe d\u00e9cisive pour Maghnes Akliouche [...]","og_url":"https:\/\/www.ladiagonale.net\/index.php\/2024\/12\/08\/ben-seghir-nomme-pour-le-trophee-unfp-de-novembre\/","og_site_name":"La Diagonale","article_published_time":"2024-12-08T10:50:25+00:00","og_image":[{"width":1160,"height":650,"url":"https:\/\/www.ladiagonale.net\/wp-content\/uploads\/2024\/09\/ben-seghir-24.png","type":"image\/png"}],"author":"Damien Dellerba","twitter_card":"summary_large_image","twitter_image":"https:\/\/www.ladiagonale.net\/wp-content\/uploads\/2024\/09\/ben-seghir-24.png","twitter_misc":{"\u00c9crit par":"Damien Dellerba","Dur\u00e9e de lecture estim\u00e9e":"1 minute"},"schema":{"@context":"https:\/\/schema.org","@graph":[{"@type":"WebPage","@id":"https:\/\/www.ladiagonale.net\/index.php\/2024\/12\/08\/ben-seghir-nomme-pour-le-trophee-unfp-de-novembre\/","url":"https:\/\/www.ladiagonale.net\/index.php\/2024\/12\/08\/ben-seghir-nomme-pour-le-trophee-unfp-de-novembre\/","name":"Ben Seghir nomm\u00e9 pour le troph\u00e9e UNFP de novembre - La Diagonale","isPartOf":{"@id":"https:\/\/www.ladiagonale.net\/#website"},"datePublished":"2024-12-08T10:50:25+00:00","dateModified":"2024-12-08T10:50:25+00:00","author":{"@id":"https:\/\/www.ladiagonale.net\/#\/schema\/person\/79ff1e7b0853ed01b2aa26e64ad300bf"},"breadcrumb":{"@id":"https:\/\/www.ladiagonale.net\/index.php\/2024\/12\/08\/ben-seghir-nomme-pour-le-trophee-unfp-de-novembre\/#breadcrumb"},"inLanguage":"fr-FR","potentialAction":[{"@type":"ReadAction","target":["https:\/\/www.ladiagonale.net\/index.php\/2024\/12\/08\/ben-seghir-nomme-pour-le-trophee-unfp-de-novembre\/"]}]},{"@type":"BreadcrumbList","@id":"https:\/\/www.ladiagonale.net\/index.php\/2024\/12\/08\/ben-seghir-nomme-pour-le-trophee-unfp-de-novembre\/#breadcrumb","itemListElement":[{"@type":"ListItem","position":1,"name":"Accueil","item":"https:\/\/www.ladiagonale.net\/"},{"@type":"ListItem","position":2,"name":"Ben Seghir nomm\u00e9 pour le troph\u00e9e UNFP de novembre"}]},{"@type":"WebSite","@id":"https:\/\/www.ladiagonale.net\/#website","url":"https:\/\/www.ladiagonale.net\/","name":"La Diagonale","description":"Le site des supporters de l&#039;AS Monaco FC","potentialAction":[{"@type":"SearchAction","target":{"@type":"EntryPoint","urlTemplate":"https:\/\/www.ladiagonale.net\/?s={search_term_string}"},"query-input":"required name=search_term_string"}],"inLanguage":"fr-FR"},{"@type":"Person","@id":"https:\/\/www.ladiagonale.net\/#\/schema\/person\/79ff1e7b0853ed01b2aa26e64ad300bf","name":"Damien Dellerba","image":{"@type":"ImageObject","inLanguage":"fr-FR","@id":"https:\/\/www.ladiagonale.net\/#\/schema\/person\/image\/","url":"https:\/\/secure.gravatar.com\/avatar\/c7850e06d3ff63cdbaee88b7fc16e2f0?s=96&d=mm&r=g","contentUrl":"https:\/\/secure.gravatar.com\/avatar\/c7850e06d3ff63cdbaee88b7fc16e2f0?s=96&d=mm&r=g","caption":"Damien Dellerba"},"url":"https:\/\/www.ladiagonale.net\/index.php\/author\/damien\/"}]}},"_links":{"self":[{"href":"https:\/\/www.ladiagonale.net\/index.php\/wp-json\/wp\/v2\/posts\/28046"}],"collection":[{"href":"https:\/\/www.ladiagonale.net\/index.php\/wp-json\/wp\/v2\/posts"}],"about":[{"href":"https:\/\/www.ladiagonale.net\/index.php\/wp-json\/wp\/v2\/types\/post"}],"author":[{"embeddable":true,"href":"https:\/\/www.ladiagonale.net\/index.php\/wp-json\/wp\/v2\/users\/2"}],"replies":[{"embeddable":true,"href":"https:\/\/www.ladiagonale.net\/index.php\/wp-json\/wp\/v2\/comments?post=28046"}],"version-history":[{"count":1,"href":"https:\/\/www.ladiagonale.net\/index.php\/wp-json\/wp\/v2\/posts\/28046\/revisions"}],"predecessor-version":[{"id":28047,"href":"https:\/\/www.ladiagonale.net\/index.php\/wp-json\/wp\/v2\/posts\/28046\/revisions\/28047"}],"wp:attachment":[{"href":"https:\/\/www.ladiagonale.net\/index.php\/wp-json\/wp\/v2\/media?parent=28046"}],"wp:term":[{"taxonomy":"category","embeddable":true,"href":"https:\/\/www.ladiagonale.net\/index.php\/wp-json\/wp\/v2\/categories?post=28046"},{"taxonomy":"post_tag","embeddable":true,"href":"https:\/\/www.ladiagonale.net\/index.php\/wp-json\/wp\/v2\/tags?post=28046"}],"curies":[{"name":"wp","href":"https:\/\/api.w.org\/{rel}","templated":true}]}}