{"id":28049,"date":"2024-12-08T20:06:17","date_gmt":"2024-12-08T19:06:17","guid":{"rendered":"https:\/\/www.ladiagonale.net\/?p=28049"},"modified":"2024-12-08T20:06:18","modified_gmt":"2024-12-08T19:06:18","slug":"les-u17-enchainent-et-se-replacent-avant-les-vacances","status":"publish","type":"post","link":"https:\/\/www.ladiagonale.net\/index.php\/2024\/12\/08\/les-u17-enchainent-et-se-replacent-avant-les-vacances\/","title":{"rendered":"Les U17 encha\u00eenent et se replacent avant les vacances"},"content":{"rendered":"\n\n\n<p>Les U17 de l&rsquo;AS Monaco ont remport\u00e9 une deuxi\u00e8me victoire d&rsquo;affil\u00e9e, samedi, vainqueurs de l&rsquo;Olympique Valence (2-0) lors de la 15<sup>e<\/sup> journ\u00e9e de championnat. La d\u00e9cision s&rsquo;est faite en seconde p\u00e9riode gr\u00e2ce \u00e0 des r\u00e9alisations de David Balliana (55<sup>e<\/sup>) et Mohamed Diaby (76<sup>e<\/sup>). <\/p>\n\n\n\n<p>Les jeunes pousses as\u00e9mistes sont sur une bonne dynamique, avec trois victoires et un nul sur les quatre derniers matches, ce qui leur permet de gagner deux places et de remonter au 6<sup>e<\/sup> rang. Si Saint-\u00c9tienne caracole seul en t\u00eate, avec 33 points, les Rouge et Blanc ne sont qu&rsquo;\u00e0 trois points de la 2<sup>e<\/sup> place, d\u00e9tenue par Saint-Priest. <\/p>\n\n\n\n<p>Place d\u00e9sormais \u00e0 la Coupe Gambardella pour les U18, qui m\u00e9langera des U19 et des U17, puis aux vacances. Les hommes de Manu Dos Santos reprendront le championnat par un d\u00e9placement \u00e0 Bastia le 19 janvier.<\/p>\n","protected":false},"excerpt":{"rendered":"<p>Les U17 de l&rsquo;AS Monaco ont remport\u00e9 une deuxi\u00e8me victoire d&rsquo;affil\u00e9e, samedi, vainqueurs de l&rsquo;Olympique Valence (2-0) lors de la 15e journ\u00e9e de championnat. La d\u00e9cision s&rsquo;est faite en seconde p\u00e9riode gr\u00e2ce \u00e0 des r\u00e9alisations de David Balliana (55e) et Mohamed Diaby (76e). Les jeunes pousses as\u00e9mistes sont sur une bonne dynamique, avec trois victoires [&#8230;]\n","protected":false},"author":2,"featured_media":0,"comment_status":"open","ping_status":"open","sticky":false,"template":"","format":"standard","meta":[],"categories":[6],"tags":[76,86,130],"yoast_head":"<!-- This site is optimized with the Yoast SEO plugin v19.8 - https:\/\/yoast.com\/wordpress\/plugins\/seo\/ -->\n<title>Les U17 encha\u00eenent et se replacent avant les vacances - La Diagonale<\/title>\n<meta name=\"robots\" content=\"index, follow, max-snippet:-1, max-image-preview:large, max-video-preview:-1\" \/>\n<link rel=\"canonical\" href=\"https:\/\/www.ladiagonale.net\/index.php\/2024\/12\/08\/les-u17-enchainent-et-se-replacent-avant-les-vacances\/\" \/>\n<meta property=\"og:locale\" content=\"fr_FR\" \/>\n<meta property=\"og:type\" content=\"article\" \/>\n<meta property=\"og:title\" content=\"Les U17 encha\u00eenent et se replacent avant les vacances - La Diagonale\" \/>\n<meta property=\"og:description\" content=\"Les U17 de l&rsquo;AS Monaco ont remport\u00e9 une deuxi\u00e8me victoire d&rsquo;affil\u00e9e, samedi, vainqueurs de l&rsquo;Olympique Valence (2-0) lors de la 15e journ\u00e9e de championnat. La d\u00e9cision s&rsquo;est faite en seconde p\u00e9riode gr\u00e2ce \u00e0 des r\u00e9alisations de David Balliana (55e) et Mohamed Diaby (76e). Les jeunes pousses as\u00e9mistes sont sur une bonne dynamique, avec trois victoires [...]\" \/>\n<meta property=\"og:url\" content=\"https:\/\/www.ladiagonale.net\/index.php\/2024\/12\/08\/les-u17-enchainent-et-se-replacent-avant-les-vacances\/\" \/>\n<meta property=\"og:site_name\" content=\"La Diagonale\" \/>\n<meta property=\"article:published_time\" content=\"2024-12-08T19:06:17+00:00\" \/>\n<meta property=\"article:modified_time\" content=\"2024-12-08T19:06:18+00:00\" \/>\n<meta property=\"og:image\" content=\"https:\/\/www.ladiagonale.net\/wp-content\/uploads\/2024\/09\/Ajroud.png\" \/>\n\t<meta property=\"og:image:width\" content=\"1160\" \/>\n\t<meta property=\"og:image:height\" content=\"650\" \/>\n\t<meta property=\"og:image:type\" content=\"image\/png\" \/>\n<meta name=\"author\" content=\"Damien Dellerba\" \/>\n<meta name=\"twitter:card\" content=\"summary_large_image\" \/>\n<meta name=\"twitter:image\" content=\"https:\/\/www.ladiagonale.net\/wp-content\/uploads\/2024\/09\/Ajroud.png\" \/>\n<meta name=\"twitter:label1\" content=\"\u00c9crit par\" \/>\n\t<meta name=\"twitter:data1\" content=\"Damien Dellerba\" \/>\n\t<meta name=\"twitter:label2\" content=\"Dur\u00e9e de lecture estim\u00e9e\" \/>\n\t<meta name=\"twitter:data2\" content=\"1 minute\" \/>\n<script type=\"application\/ld+json\" class=\"yoast-schema-graph\">{\"@context\":\"https:\/\/schema.org\",\"@graph\":[{\"@type\":\"WebPage\",\"@id\":\"https:\/\/www.ladiagonale.net\/index.php\/2024\/12\/08\/les-u17-enchainent-et-se-replacent-avant-les-vacances\/\",\"url\":\"https:\/\/www.ladiagonale.net\/index.php\/2024\/12\/08\/les-u17-enchainent-et-se-replacent-avant-les-vacances\/\",\"name\":\"Les U17 encha\u00eenent et se replacent avant les vacances - La Diagonale\",\"isPartOf\":{\"@id\":\"https:\/\/www.ladiagonale.net\/#website\"},\"datePublished\":\"2024-12-08T19:06:17+00:00\",\"dateModified\":\"2024-12-08T19:06:18+00:00\",\"author\":{\"@id\":\"https:\/\/www.ladiagonale.net\/#\/schema\/person\/79ff1e7b0853ed01b2aa26e64ad300bf\"},\"breadcrumb\":{\"@id\":\"https:\/\/www.ladiagonale.net\/index.php\/2024\/12\/08\/les-u17-enchainent-et-se-replacent-avant-les-vacances\/#breadcrumb\"},\"inLanguage\":\"fr-FR\",\"potentialAction\":[{\"@type\":\"ReadAction\",\"target\":[\"https:\/\/www.ladiagonale.net\/index.php\/2024\/12\/08\/les-u17-enchainent-et-se-replacent-avant-les-vacances\/\"]}]},{\"@type\":\"BreadcrumbList\",\"@id\":\"https:\/\/www.ladiagonale.net\/index.php\/2024\/12\/08\/les-u17-enchainent-et-se-replacent-avant-les-vacances\/#breadcrumb\",\"itemListElement\":[{\"@type\":\"ListItem\",\"position\":1,\"name\":\"Accueil\",\"item\":\"https:\/\/www.ladiagonale.net\/\"},{\"@type\":\"ListItem\",\"position\":2,\"name\":\"Les U17 encha\u00eenent et se replacent avant les vacances\"}]},{\"@type\":\"WebSite\",\"@id\":\"https:\/\/www.ladiagonale.net\/#website\",\"url\":\"https:\/\/www.ladiagonale.net\/\",\"name\":\"La Diagonale\",\"description\":\"Le site des supporters de l&#039;AS Monaco FC\",\"potentialAction\":[{\"@type\":\"SearchAction\",\"target\":{\"@type\":\"EntryPoint\",\"urlTemplate\":\"https:\/\/www.ladiagonale.net\/?s={search_term_string}\"},\"query-input\":\"required name=search_term_string\"}],\"inLanguage\":\"fr-FR\"},{\"@type\":\"Person\",\"@id\":\"https:\/\/www.ladiagonale.net\/#\/schema\/person\/79ff1e7b0853ed01b2aa26e64ad300bf\",\"name\":\"Damien Dellerba\",\"image\":{\"@type\":\"ImageObject\",\"inLanguage\":\"fr-FR\",\"@id\":\"https:\/\/www.ladiagonale.net\/#\/schema\/person\/image\/\",\"url\":\"https:\/\/secure.gravatar.com\/avatar\/c7850e06d3ff63cdbaee88b7fc16e2f0?s=96&d=mm&r=g\",\"contentUrl\":\"https:\/\/secure.gravatar.com\/avatar\/c7850e06d3ff63cdbaee88b7fc16e2f0?s=96&d=mm&r=g\",\"caption\":\"Damien Dellerba\"},\"url\":\"https:\/\/www.ladiagonale.net\/index.php\/author\/damien\/\"}]}<\/script>\n<!-- \/ Yoast SEO plugin. -->","yoast_head_json":{"title":"Les U17 encha\u00eenent et se replacent avant les vacances - La Diagonale","robots":{"index":"index","follow":"follow","max-snippet":"max-snippet:-1","max-image-preview":"max-image-preview:large","max-video-preview":"max-video-preview:-1"},"canonical":"https:\/\/www.ladiagonale.net\/index.php\/2024\/12\/08\/les-u17-enchainent-et-se-replacent-avant-les-vacances\/","og_locale":"fr_FR","og_type":"article","og_title":"Les U17 encha\u00eenent et se replacent avant les vacances - La Diagonale","og_description":"Les U17 de l&rsquo;AS Monaco ont remport\u00e9 une deuxi\u00e8me victoire d&rsquo;affil\u00e9e, samedi, vainqueurs de l&rsquo;Olympique Valence (2-0) lors de la 15e journ\u00e9e de championnat. La d\u00e9cision s&rsquo;est faite en seconde p\u00e9riode gr\u00e2ce \u00e0 des r\u00e9alisations de David Balliana (55e) et Mohamed Diaby (76e). Les jeunes pousses as\u00e9mistes sont sur une bonne dynamique, avec trois victoires [...]","og_url":"https:\/\/www.ladiagonale.net\/index.php\/2024\/12\/08\/les-u17-enchainent-et-se-replacent-avant-les-vacances\/","og_site_name":"La Diagonale","article_published_time":"2024-12-08T19:06:17+00:00","article_modified_time":"2024-12-08T19:06:18+00:00","og_image":[{"width":1160,"height":650,"url":"https:\/\/www.ladiagonale.net\/wp-content\/uploads\/2024\/09\/Ajroud.png","type":"image\/png"}],"author":"Damien Dellerba","twitter_card":"summary_large_image","twitter_image":"https:\/\/www.ladiagonale.net\/wp-content\/uploads\/2024\/09\/Ajroud.png","twitter_misc":{"\u00c9crit par":"Damien Dellerba","Dur\u00e9e de lecture estim\u00e9e":"1 minute"},"schema":{"@context":"https:\/\/schema.org","@graph":[{"@type":"WebPage","@id":"https:\/\/www.ladiagonale.net\/index.php\/2024\/12\/08\/les-u17-enchainent-et-se-replacent-avant-les-vacances\/","url":"https:\/\/www.ladiagonale.net\/index.php\/2024\/12\/08\/les-u17-enchainent-et-se-replacent-avant-les-vacances\/","name":"Les U17 encha\u00eenent et se replacent avant les vacances - La Diagonale","isPartOf":{"@id":"https:\/\/www.ladiagonale.net\/#website"},"datePublished":"2024-12-08T19:06:17+00:00","dateModified":"2024-12-08T19:06:18+00:00","author":{"@id":"https:\/\/www.ladiagonale.net\/#\/schema\/person\/79ff1e7b0853ed01b2aa26e64ad300bf"},"breadcrumb":{"@id":"https:\/\/www.ladiagonale.net\/index.php\/2024\/12\/08\/les-u17-enchainent-et-se-replacent-avant-les-vacances\/#breadcrumb"},"inLanguage":"fr-FR","potentialAction":[{"@type":"ReadAction","target":["https:\/\/www.ladiagonale.net\/index.php\/2024\/12\/08\/les-u17-enchainent-et-se-replacent-avant-les-vacances\/"]}]},{"@type":"BreadcrumbList","@id":"https:\/\/www.ladiagonale.net\/index.php\/2024\/12\/08\/les-u17-enchainent-et-se-replacent-avant-les-vacances\/#breadcrumb","itemListElement":[{"@type":"ListItem","position":1,"name":"Accueil","item":"https:\/\/www.ladiagonale.net\/"},{"@type":"ListItem","position":2,"name":"Les U17 encha\u00eenent et se replacent avant les vacances"}]},{"@type":"WebSite","@id":"https:\/\/www.ladiagonale.net\/#website","url":"https:\/\/www.ladiagonale.net\/","name":"La Diagonale","description":"Le site des supporters de l&#039;AS Monaco FC","potentialAction":[{"@type":"SearchAction","target":{"@type":"EntryPoint","urlTemplate":"https:\/\/www.ladiagonale.net\/?s={search_term_string}"},"query-input":"required name=search_term_string"}],"inLanguage":"fr-FR"},{"@type":"Person","@id":"https:\/\/www.ladiagonale.net\/#\/schema\/person\/79ff1e7b0853ed01b2aa26e64ad300bf","name":"Damien Dellerba","image":{"@type":"ImageObject","inLanguage":"fr-FR","@id":"https:\/\/www.ladiagonale.net\/#\/schema\/person\/image\/","url":"https:\/\/secure.gravatar.com\/avatar\/c7850e06d3ff63cdbaee88b7fc16e2f0?s=96&d=mm&r=g","contentUrl":"https:\/\/secure.gravatar.com\/avatar\/c7850e06d3ff63cdbaee88b7fc16e2f0?s=96&d=mm&r=g","caption":"Damien Dellerba"},"url":"https:\/\/www.ladiagonale.net\/index.php\/author\/damien\/"}]}},"_links":{"self":[{"href":"https:\/\/www.ladiagonale.net\/index.php\/wp-json\/wp\/v2\/posts\/28049"}],"collection":[{"href":"https:\/\/www.ladiagonale.net\/index.php\/wp-json\/wp\/v2\/posts"}],"about":[{"href":"https:\/\/www.ladiagonale.net\/index.php\/wp-json\/wp\/v2\/types\/post"}],"author":[{"embeddable":true,"href":"https:\/\/www.ladiagonale.net\/index.php\/wp-json\/wp\/v2\/users\/2"}],"replies":[{"embeddable":true,"href":"https:\/\/www.ladiagonale.net\/index.php\/wp-json\/wp\/v2\/comments?post=28049"}],"version-history":[{"count":1,"href":"https:\/\/www.ladiagonale.net\/index.php\/wp-json\/wp\/v2\/posts\/28049\/revisions"}],"predecessor-version":[{"id":28050,"href":"https:\/\/www.ladiagonale.net\/index.php\/wp-json\/wp\/v2\/posts\/28049\/revisions\/28050"}],"wp:attachment":[{"href":"https:\/\/www.ladiagonale.net\/index.php\/wp-json\/wp\/v2\/media?parent=28049"}],"wp:term":[{"taxonomy":"category","embeddable":true,"href":"https:\/\/www.ladiagonale.net\/index.php\/wp-json\/wp\/v2\/categories?post=28049"},{"taxonomy":"post_tag","embeddable":true,"href":"https:\/\/www.ladiagonale.net\/index.php\/wp-json\/wp\/v2\/tags?post=28049"}],"curies":[{"name":"wp","href":"https:\/\/api.w.org\/{rel}","templated":true}]}}