{"id":28059,"date":"2024-12-09T13:19:01","date_gmt":"2024-12-09T12:19:01","guid":{"rendered":"https:\/\/www.ladiagonale.net\/?p=28059"},"modified":"2024-12-09T13:19:02","modified_gmt":"2024-12-09T12:19:02","slug":"singo-toujours-plus-dans-lequipe-type","status":"publish","type":"post","link":"https:\/\/www.ladiagonale.net\/index.php\/2024\/12\/09\/singo-toujours-plus-dans-lequipe-type\/","title":{"rendered":"Singo, toujours plus dans l&rsquo;\u00e9quipe type"},"content":{"rendered":"\n\n\n<p>Buteur contre Toulouse samedi, son premier en Ligue 1 cette saison, Wilfried Singo a ouvert la voie \u00e0 l&rsquo;AS Monaco en reprenant de la t\u00eate un coup franc de Lamine Camara. Le d\u00e9fenseur ivoirien s&rsquo;est en plus montr\u00e9 solide dans sa partition d\u00e9fensive, sans fausse note, et a recueilli la note de 8\/10 dans <em>L&rsquo;\u00c9quipe<\/em>. De quoi lui ouvrir les portes de l&rsquo;\u00e9quipe type de la 14<sup>e<\/sup> journ\u00e9e.<\/p>\n\n\n\n<p>Pour Singo, il s&rsquo;agit de sa troisi\u00e8me pr\u00e9sence dans cette \u00e9quipe, apr\u00e8s les 5<sup>e<\/sup> et 11<sup>e<\/sup> journ\u00e9es. Cela fait de lui l&rsquo;\u00e9gal de Thilo Kehrer et aucun autre joueur mon\u00e9gasque n&rsquo;a \u00e9t\u00e9 plus repr\u00e9sent\u00e9 que les deux d\u00e9fenseurs. Au niveau des moyennes, Singo d\u00e9passe Kehrer pour un centi\u00e8me (6,10 contre 6,09) et se classe 4e. Le classement est toujours domin\u00e9 par Eliesse Ben Seghir (6,33).<\/p>\n\n\n\n<h3>L&rsquo;\u00e9quipe type de la 14<sup>e<\/sup> journ\u00e9e<\/h3>\n\n\n\n<p class=\"has-white-color has-text-color has-background\" style=\"background-color:#303030\"><em>Gardien :<\/em> L\u00e9on (10, Auxerre)<br><em>D\u00e9fenseurs :<\/em> Louchet (7, Nice), <strong>Singo (8, Monaco),<\/strong> Jubal (7, Auxerre), Tagliafico (7, Lyon).<br><em>Milieux :<\/em> Rongier (7, Marseille), Matic (7, Lyon), Rabiot (7, Marseille)<br><em>Attaquant :<\/em> Cherki (7, Lyon), David (8, Lille), Simon (7, Nantes)<br><em>Entra\u00eeneur :<\/em> Sage (7, Lyon)<\/p>\n\n\n\n<h4 class=\"wp-block-heading has-white-color has-vivid-red-background-color has-text-color has-background\" id=\"pr\u00e9sences-dans-l\u00e9quipe-type-par-journ\u00e9es\" style=\"text-transform:uppercase\">Pr\u00e9sences dans l\u2019\u00e9quipe type par journ\u00e9e<\/h4>\n\n\n\n<ul><li>2<sup>e<\/sup> journ\u00e9e : Thilo Kehrer<\/li><li>4<sup>e<\/sup> journ\u00e9e : Thilo Kehrer, Denis Zakaria<\/li><li>5<sup>e<\/sup> journ\u00e9e : Wifried Singo<\/li><li>7<sup>e<\/sup> journ\u00e9e : Eliesse Ben Seghir, Folarin Balogun, Thilo Kehrer, Adi H\u00fctter<\/li><li>11<sup>e<\/sup> journ\u00e9e : Wifried Singo<\/li><li>12<sup>e<\/sup> journ\u00e9e : Maghnes Akliouche<\/li><li>14<sup>e<\/sup> journ\u00e9e : Wifried Singo<\/li><\/ul>\n\n\n\n<h4 class=\"wp-block-heading has-white-color has-vivid-red-background-color has-text-color has-background\" id=\"nombre-de-pr\u00e9sences-dans-l\u00e9quipe-type\" style=\"text-transform:uppercase\">Nombre de pr\u00e9sences dans l\u2019\u00e9quipe type<\/h4>\n\n\n\n<ul><li>Thilo Kehrer, Wilfried Singo : 3<\/li><li>Denis Zakaria, Eliesse Ben Seghir, Folarin Balogun, Maghnes Akliouche, Adi H\u00fctter : 1<\/li><\/ul>\n","protected":false},"excerpt":{"rendered":"<p>Buteur contre Toulouse samedi, son premier en Ligue 1 cette saison, Wilfried Singo a ouvert la voie \u00e0 l&rsquo;AS Monaco en reprenant de la t\u00eate un coup franc de Lamine Camara. Le d\u00e9fenseur ivoirien s&rsquo;est en plus montr\u00e9 solide dans sa partition d\u00e9fensive, sans fausse note, et a recueilli la note de 8\/10 dans L&rsquo;\u00c9quipe. [&#8230;]\n","protected":false},"author":2,"featured_media":0,"comment_status":"open","ping_status":"open","sticky":false,"template":"","format":"standard","meta":[],"categories":[6],"tags":[86,218,94,665],"yoast_head":"<!-- This site is optimized with the Yoast SEO plugin v19.8 - https:\/\/yoast.com\/wordpress\/plugins\/seo\/ -->\n<title>Singo, toujours plus dans l&#039;\u00e9quipe type - La Diagonale<\/title>\n<meta name=\"robots\" content=\"index, follow, max-snippet:-1, max-image-preview:large, max-video-preview:-1\" \/>\n<link rel=\"canonical\" href=\"https:\/\/www.ladiagonale.net\/index.php\/2024\/12\/09\/singo-toujours-plus-dans-lequipe-type\/\" \/>\n<meta property=\"og:locale\" content=\"fr_FR\" \/>\n<meta property=\"og:type\" content=\"article\" \/>\n<meta property=\"og:title\" content=\"Singo, toujours plus dans l&#039;\u00e9quipe type - La Diagonale\" \/>\n<meta property=\"og:description\" content=\"Buteur contre Toulouse samedi, son premier en Ligue 1 cette saison, Wilfried Singo a ouvert la voie \u00e0 l&rsquo;AS Monaco en reprenant de la t\u00eate un coup franc de Lamine Camara. Le d\u00e9fenseur ivoirien s&rsquo;est en plus montr\u00e9 solide dans sa partition d\u00e9fensive, sans fausse note, et a recueilli la note de 8\/10 dans L&rsquo;\u00c9quipe. [...]\" \/>\n<meta property=\"og:url\" content=\"https:\/\/www.ladiagonale.net\/index.php\/2024\/12\/09\/singo-toujours-plus-dans-lequipe-type\/\" \/>\n<meta property=\"og:site_name\" content=\"La Diagonale\" \/>\n<meta property=\"article:published_time\" content=\"2024-12-09T12:19:01+00:00\" \/>\n<meta property=\"article:modified_time\" content=\"2024-12-09T12:19:02+00:00\" \/>\n<meta property=\"og:image\" content=\"https:\/\/www.ladiagonale.net\/wp-content\/uploads\/2024\/09\/Singo-1.png\" \/>\n\t<meta property=\"og:image:width\" content=\"1160\" \/>\n\t<meta property=\"og:image:height\" content=\"650\" \/>\n\t<meta property=\"og:image:type\" content=\"image\/png\" \/>\n<meta name=\"author\" content=\"Damien Dellerba\" \/>\n<meta name=\"twitter:card\" content=\"summary_large_image\" \/>\n<meta name=\"twitter:image\" content=\"https:\/\/www.ladiagonale.net\/wp-content\/uploads\/2024\/09\/Singo-1.png\" \/>\n<meta name=\"twitter:label1\" content=\"\u00c9crit par\" \/>\n\t<meta name=\"twitter:data1\" content=\"Damien Dellerba\" \/>\n\t<meta name=\"twitter:label2\" content=\"Dur\u00e9e de lecture estim\u00e9e\" \/>\n\t<meta name=\"twitter:data2\" content=\"2 minutes\" \/>\n<script type=\"application\/ld+json\" class=\"yoast-schema-graph\">{\"@context\":\"https:\/\/schema.org\",\"@graph\":[{\"@type\":\"WebPage\",\"@id\":\"https:\/\/www.ladiagonale.net\/index.php\/2024\/12\/09\/singo-toujours-plus-dans-lequipe-type\/\",\"url\":\"https:\/\/www.ladiagonale.net\/index.php\/2024\/12\/09\/singo-toujours-plus-dans-lequipe-type\/\",\"name\":\"Singo, toujours plus dans l'\u00e9quipe type - La Diagonale\",\"isPartOf\":{\"@id\":\"https:\/\/www.ladiagonale.net\/#website\"},\"datePublished\":\"2024-12-09T12:19:01+00:00\",\"dateModified\":\"2024-12-09T12:19:02+00:00\",\"author\":{\"@id\":\"https:\/\/www.ladiagonale.net\/#\/schema\/person\/79ff1e7b0853ed01b2aa26e64ad300bf\"},\"breadcrumb\":{\"@id\":\"https:\/\/www.ladiagonale.net\/index.php\/2024\/12\/09\/singo-toujours-plus-dans-lequipe-type\/#breadcrumb\"},\"inLanguage\":\"fr-FR\",\"potentialAction\":[{\"@type\":\"ReadAction\",\"target\":[\"https:\/\/www.ladiagonale.net\/index.php\/2024\/12\/09\/singo-toujours-plus-dans-lequipe-type\/\"]}]},{\"@type\":\"BreadcrumbList\",\"@id\":\"https:\/\/www.ladiagonale.net\/index.php\/2024\/12\/09\/singo-toujours-plus-dans-lequipe-type\/#breadcrumb\",\"itemListElement\":[{\"@type\":\"ListItem\",\"position\":1,\"name\":\"Accueil\",\"item\":\"https:\/\/www.ladiagonale.net\/\"},{\"@type\":\"ListItem\",\"position\":2,\"name\":\"Singo, toujours plus dans l&rsquo;\u00e9quipe type\"}]},{\"@type\":\"WebSite\",\"@id\":\"https:\/\/www.ladiagonale.net\/#website\",\"url\":\"https:\/\/www.ladiagonale.net\/\",\"name\":\"La Diagonale\",\"description\":\"Le site des supporters de l&#039;AS Monaco FC\",\"potentialAction\":[{\"@type\":\"SearchAction\",\"target\":{\"@type\":\"EntryPoint\",\"urlTemplate\":\"https:\/\/www.ladiagonale.net\/?s={search_term_string}\"},\"query-input\":\"required name=search_term_string\"}],\"inLanguage\":\"fr-FR\"},{\"@type\":\"Person\",\"@id\":\"https:\/\/www.ladiagonale.net\/#\/schema\/person\/79ff1e7b0853ed01b2aa26e64ad300bf\",\"name\":\"Damien Dellerba\",\"image\":{\"@type\":\"ImageObject\",\"inLanguage\":\"fr-FR\",\"@id\":\"https:\/\/www.ladiagonale.net\/#\/schema\/person\/image\/\",\"url\":\"https:\/\/secure.gravatar.com\/avatar\/c7850e06d3ff63cdbaee88b7fc16e2f0?s=96&d=mm&r=g\",\"contentUrl\":\"https:\/\/secure.gravatar.com\/avatar\/c7850e06d3ff63cdbaee88b7fc16e2f0?s=96&d=mm&r=g\",\"caption\":\"Damien Dellerba\"},\"url\":\"https:\/\/www.ladiagonale.net\/index.php\/author\/damien\/\"}]}<\/script>\n<!-- \/ Yoast SEO plugin. -->","yoast_head_json":{"title":"Singo, toujours plus dans l'\u00e9quipe type - La Diagonale","robots":{"index":"index","follow":"follow","max-snippet":"max-snippet:-1","max-image-preview":"max-image-preview:large","max-video-preview":"max-video-preview:-1"},"canonical":"https:\/\/www.ladiagonale.net\/index.php\/2024\/12\/09\/singo-toujours-plus-dans-lequipe-type\/","og_locale":"fr_FR","og_type":"article","og_title":"Singo, toujours plus dans l'\u00e9quipe type - La Diagonale","og_description":"Buteur contre Toulouse samedi, son premier en Ligue 1 cette saison, Wilfried Singo a ouvert la voie \u00e0 l&rsquo;AS Monaco en reprenant de la t\u00eate un coup franc de Lamine Camara. Le d\u00e9fenseur ivoirien s&rsquo;est en plus montr\u00e9 solide dans sa partition d\u00e9fensive, sans fausse note, et a recueilli la note de 8\/10 dans L&rsquo;\u00c9quipe. [...]","og_url":"https:\/\/www.ladiagonale.net\/index.php\/2024\/12\/09\/singo-toujours-plus-dans-lequipe-type\/","og_site_name":"La Diagonale","article_published_time":"2024-12-09T12:19:01+00:00","article_modified_time":"2024-12-09T12:19:02+00:00","og_image":[{"width":1160,"height":650,"url":"https:\/\/www.ladiagonale.net\/wp-content\/uploads\/2024\/09\/Singo-1.png","type":"image\/png"}],"author":"Damien Dellerba","twitter_card":"summary_large_image","twitter_image":"https:\/\/www.ladiagonale.net\/wp-content\/uploads\/2024\/09\/Singo-1.png","twitter_misc":{"\u00c9crit par":"Damien Dellerba","Dur\u00e9e de lecture estim\u00e9e":"2 minutes"},"schema":{"@context":"https:\/\/schema.org","@graph":[{"@type":"WebPage","@id":"https:\/\/www.ladiagonale.net\/index.php\/2024\/12\/09\/singo-toujours-plus-dans-lequipe-type\/","url":"https:\/\/www.ladiagonale.net\/index.php\/2024\/12\/09\/singo-toujours-plus-dans-lequipe-type\/","name":"Singo, toujours plus dans l'\u00e9quipe type - La Diagonale","isPartOf":{"@id":"https:\/\/www.ladiagonale.net\/#website"},"datePublished":"2024-12-09T12:19:01+00:00","dateModified":"2024-12-09T12:19:02+00:00","author":{"@id":"https:\/\/www.ladiagonale.net\/#\/schema\/person\/79ff1e7b0853ed01b2aa26e64ad300bf"},"breadcrumb":{"@id":"https:\/\/www.ladiagonale.net\/index.php\/2024\/12\/09\/singo-toujours-plus-dans-lequipe-type\/#breadcrumb"},"inLanguage":"fr-FR","potentialAction":[{"@type":"ReadAction","target":["https:\/\/www.ladiagonale.net\/index.php\/2024\/12\/09\/singo-toujours-plus-dans-lequipe-type\/"]}]},{"@type":"BreadcrumbList","@id":"https:\/\/www.ladiagonale.net\/index.php\/2024\/12\/09\/singo-toujours-plus-dans-lequipe-type\/#breadcrumb","itemListElement":[{"@type":"ListItem","position":1,"name":"Accueil","item":"https:\/\/www.ladiagonale.net\/"},{"@type":"ListItem","position":2,"name":"Singo, toujours plus dans l&rsquo;\u00e9quipe type"}]},{"@type":"WebSite","@id":"https:\/\/www.ladiagonale.net\/#website","url":"https:\/\/www.ladiagonale.net\/","name":"La Diagonale","description":"Le site des supporters de l&#039;AS Monaco FC","potentialAction":[{"@type":"SearchAction","target":{"@type":"EntryPoint","urlTemplate":"https:\/\/www.ladiagonale.net\/?s={search_term_string}"},"query-input":"required name=search_term_string"}],"inLanguage":"fr-FR"},{"@type":"Person","@id":"https:\/\/www.ladiagonale.net\/#\/schema\/person\/79ff1e7b0853ed01b2aa26e64ad300bf","name":"Damien Dellerba","image":{"@type":"ImageObject","inLanguage":"fr-FR","@id":"https:\/\/www.ladiagonale.net\/#\/schema\/person\/image\/","url":"https:\/\/secure.gravatar.com\/avatar\/c7850e06d3ff63cdbaee88b7fc16e2f0?s=96&d=mm&r=g","contentUrl":"https:\/\/secure.gravatar.com\/avatar\/c7850e06d3ff63cdbaee88b7fc16e2f0?s=96&d=mm&r=g","caption":"Damien Dellerba"},"url":"https:\/\/www.ladiagonale.net\/index.php\/author\/damien\/"}]}},"_links":{"self":[{"href":"https:\/\/www.ladiagonale.net\/index.php\/wp-json\/wp\/v2\/posts\/28059"}],"collection":[{"href":"https:\/\/www.ladiagonale.net\/index.php\/wp-json\/wp\/v2\/posts"}],"about":[{"href":"https:\/\/www.ladiagonale.net\/index.php\/wp-json\/wp\/v2\/types\/post"}],"author":[{"embeddable":true,"href":"https:\/\/www.ladiagonale.net\/index.php\/wp-json\/wp\/v2\/users\/2"}],"replies":[{"embeddable":true,"href":"https:\/\/www.ladiagonale.net\/index.php\/wp-json\/wp\/v2\/comments?post=28059"}],"version-history":[{"count":2,"href":"https:\/\/www.ladiagonale.net\/index.php\/wp-json\/wp\/v2\/posts\/28059\/revisions"}],"predecessor-version":[{"id":28061,"href":"https:\/\/www.ladiagonale.net\/index.php\/wp-json\/wp\/v2\/posts\/28059\/revisions\/28061"}],"wp:attachment":[{"href":"https:\/\/www.ladiagonale.net\/index.php\/wp-json\/wp\/v2\/media?parent=28059"}],"wp:term":[{"taxonomy":"category","embeddable":true,"href":"https:\/\/www.ladiagonale.net\/index.php\/wp-json\/wp\/v2\/categories?post=28059"},{"taxonomy":"post_tag","embeddable":true,"href":"https:\/\/www.ladiagonale.net\/index.php\/wp-json\/wp\/v2\/tags?post=28059"}],"curies":[{"name":"wp","href":"https:\/\/api.w.org\/{rel}","templated":true}]}}