{"id":28063,"date":"2024-12-10T12:39:50","date_gmt":"2024-12-10T11:39:50","guid":{"rendered":"https:\/\/www.ladiagonale.net\/?p=28063"},"modified":"2024-12-10T12:39:50","modified_gmt":"2024-12-10T11:39:50","slug":"un-arbitre-italien-renomme-pour-arsenal-monaco","status":"publish","type":"post","link":"https:\/\/www.ladiagonale.net\/index.php\/2024\/12\/10\/un-arbitre-italien-renomme-pour-arsenal-monaco\/","title":{"rendered":"Un arbitre italien renomm\u00e9 pour Arsenal-Monaco"},"content":{"rendered":"\n<p>Alors que le souvenir angoissant de la prestation de Rade Obrenovic lors de Monaco-Benfica plane encore, l\u2019UEFA a d\u00e9cid\u00e9 de nommer un arbitre exp\u00e9riment\u00e9 pour la rencontre entre Monaco et Arsenal. Il s\u2019agira de l\u2019Italien Davide Massa, un arbitre de r\u00e9f\u00e9rence sur la sc\u00e8ne europ\u00e9enne depuis plusieurs ann\u00e9es et \u00e0 l\u2019Emirates Stadium, il s\u2019agira de son 20<sup>e<\/sup> match de Ligue des champions depuis la saison 2018-2019. <\/p>\n\n\n\n<p>Au cours de sa carri\u00e8re, Massa a d\u00e9j\u00e0 arbitr\u00e9 l\u2019AS Monaco \u00e0 deux reprises, face au PSV Eindhoven. En phase de groupes de la Ligue Europa (2-1, le 21 octobre 2021) et en troisi\u00e8me tour pr\u00e9liminaire de la Ligue des champions (1-1, le 2 ao\u00fbt 2022).<\/p>\n\n\n\n<p>Il sera assist\u00e9 de Filippo Meli et Stefano Alassio sur le terrain, et de Daniele Chiffi et Aleandro Di Paolo \u00e0 la vid\u00e9o.<\/p>\n\n\n","protected":false},"excerpt":{"rendered":"<p>Alors que le souvenir angoissant de la prestation de Rade Obrenovic lors de Monaco-Benfica plane encore, l\u2019UEFA a d\u00e9cid\u00e9 de nommer un arbitre exp\u00e9riment\u00e9 pour la rencontre entre Monaco et Arsenal. Il s\u2019agira de l\u2019Italien Davide Massa, un arbitre de r\u00e9f\u00e9rence sur la sc\u00e8ne europ\u00e9enne depuis plusieurs ann\u00e9es et \u00e0 l\u2019Emirates Stadium, il s\u2019agira de [&#8230;]\n","protected":false},"author":2,"featured_media":0,"comment_status":"open","ping_status":"open","sticky":false,"template":"","format":"standard","meta":[],"categories":[6],"tags":[156,950,86,956,287],"yoast_head":"<!-- This site is optimized with the Yoast SEO plugin v19.8 - https:\/\/yoast.com\/wordpress\/plugins\/seo\/ -->\n<title>Un arbitre italien renomm\u00e9 pour Arsenal-Monaco - La Diagonale<\/title>\n<meta name=\"robots\" content=\"index, follow, max-snippet:-1, max-image-preview:large, max-video-preview:-1\" \/>\n<link rel=\"canonical\" href=\"https:\/\/www.ladiagonale.net\/index.php\/2024\/12\/10\/un-arbitre-italien-renomme-pour-arsenal-monaco\/\" \/>\n<meta property=\"og:locale\" content=\"fr_FR\" \/>\n<meta property=\"og:type\" content=\"article\" \/>\n<meta property=\"og:title\" content=\"Un arbitre italien renomm\u00e9 pour Arsenal-Monaco - La Diagonale\" \/>\n<meta property=\"og:description\" content=\"Alors que le souvenir angoissant de la prestation de Rade Obrenovic lors de Monaco-Benfica plane encore, l\u2019UEFA a d\u00e9cid\u00e9 de nommer un arbitre exp\u00e9riment\u00e9 pour la rencontre entre Monaco et Arsenal. Il s\u2019agira de l\u2019Italien Davide Massa, un arbitre de r\u00e9f\u00e9rence sur la sc\u00e8ne europ\u00e9enne depuis plusieurs ann\u00e9es et \u00e0 l\u2019Emirates Stadium, il s\u2019agira de [...]\" \/>\n<meta property=\"og:url\" content=\"https:\/\/www.ladiagonale.net\/index.php\/2024\/12\/10\/un-arbitre-italien-renomme-pour-arsenal-monaco\/\" \/>\n<meta property=\"og:site_name\" content=\"La Diagonale\" \/>\n<meta property=\"article:published_time\" content=\"2024-12-10T11:39:50+00:00\" \/>\n<meta property=\"og:image\" content=\"https:\/\/www.ladiagonale.net\/wp-content\/uploads\/2024\/12\/Massa.png\" \/>\n\t<meta property=\"og:image:width\" content=\"1160\" \/>\n\t<meta property=\"og:image:height\" content=\"650\" \/>\n\t<meta property=\"og:image:type\" content=\"image\/png\" \/>\n<meta name=\"author\" content=\"Damien Dellerba\" \/>\n<meta name=\"twitter:card\" content=\"summary_large_image\" \/>\n<meta name=\"twitter:image\" content=\"https:\/\/www.ladiagonale.net\/wp-content\/uploads\/2024\/12\/Massa.png\" \/>\n<meta name=\"twitter:label1\" content=\"\u00c9crit par\" \/>\n\t<meta name=\"twitter:data1\" content=\"Damien Dellerba\" \/>\n\t<meta name=\"twitter:label2\" content=\"Dur\u00e9e de lecture estim\u00e9e\" \/>\n\t<meta name=\"twitter:data2\" content=\"1 minute\" \/>\n<script type=\"application\/ld+json\" class=\"yoast-schema-graph\">{\"@context\":\"https:\/\/schema.org\",\"@graph\":[{\"@type\":\"WebPage\",\"@id\":\"https:\/\/www.ladiagonale.net\/index.php\/2024\/12\/10\/un-arbitre-italien-renomme-pour-arsenal-monaco\/\",\"url\":\"https:\/\/www.ladiagonale.net\/index.php\/2024\/12\/10\/un-arbitre-italien-renomme-pour-arsenal-monaco\/\",\"name\":\"Un arbitre italien renomm\u00e9 pour Arsenal-Monaco - La Diagonale\",\"isPartOf\":{\"@id\":\"https:\/\/www.ladiagonale.net\/#website\"},\"datePublished\":\"2024-12-10T11:39:50+00:00\",\"dateModified\":\"2024-12-10T11:39:50+00:00\",\"author\":{\"@id\":\"https:\/\/www.ladiagonale.net\/#\/schema\/person\/79ff1e7b0853ed01b2aa26e64ad300bf\"},\"breadcrumb\":{\"@id\":\"https:\/\/www.ladiagonale.net\/index.php\/2024\/12\/10\/un-arbitre-italien-renomme-pour-arsenal-monaco\/#breadcrumb\"},\"inLanguage\":\"fr-FR\",\"potentialAction\":[{\"@type\":\"ReadAction\",\"target\":[\"https:\/\/www.ladiagonale.net\/index.php\/2024\/12\/10\/un-arbitre-italien-renomme-pour-arsenal-monaco\/\"]}]},{\"@type\":\"BreadcrumbList\",\"@id\":\"https:\/\/www.ladiagonale.net\/index.php\/2024\/12\/10\/un-arbitre-italien-renomme-pour-arsenal-monaco\/#breadcrumb\",\"itemListElement\":[{\"@type\":\"ListItem\",\"position\":1,\"name\":\"Accueil\",\"item\":\"https:\/\/www.ladiagonale.net\/\"},{\"@type\":\"ListItem\",\"position\":2,\"name\":\"Un arbitre italien renomm\u00e9 pour Arsenal-Monaco\"}]},{\"@type\":\"WebSite\",\"@id\":\"https:\/\/www.ladiagonale.net\/#website\",\"url\":\"https:\/\/www.ladiagonale.net\/\",\"name\":\"La Diagonale\",\"description\":\"Le site des supporters de l&#039;AS Monaco FC\",\"potentialAction\":[{\"@type\":\"SearchAction\",\"target\":{\"@type\":\"EntryPoint\",\"urlTemplate\":\"https:\/\/www.ladiagonale.net\/?s={search_term_string}\"},\"query-input\":\"required name=search_term_string\"}],\"inLanguage\":\"fr-FR\"},{\"@type\":\"Person\",\"@id\":\"https:\/\/www.ladiagonale.net\/#\/schema\/person\/79ff1e7b0853ed01b2aa26e64ad300bf\",\"name\":\"Damien Dellerba\",\"image\":{\"@type\":\"ImageObject\",\"inLanguage\":\"fr-FR\",\"@id\":\"https:\/\/www.ladiagonale.net\/#\/schema\/person\/image\/\",\"url\":\"https:\/\/secure.gravatar.com\/avatar\/c7850e06d3ff63cdbaee88b7fc16e2f0?s=96&d=mm&r=g\",\"contentUrl\":\"https:\/\/secure.gravatar.com\/avatar\/c7850e06d3ff63cdbaee88b7fc16e2f0?s=96&d=mm&r=g\",\"caption\":\"Damien Dellerba\"},\"url\":\"https:\/\/www.ladiagonale.net\/index.php\/author\/damien\/\"}]}<\/script>\n<!-- \/ Yoast SEO plugin. -->","yoast_head_json":{"title":"Un arbitre italien renomm\u00e9 pour Arsenal-Monaco - La Diagonale","robots":{"index":"index","follow":"follow","max-snippet":"max-snippet:-1","max-image-preview":"max-image-preview:large","max-video-preview":"max-video-preview:-1"},"canonical":"https:\/\/www.ladiagonale.net\/index.php\/2024\/12\/10\/un-arbitre-italien-renomme-pour-arsenal-monaco\/","og_locale":"fr_FR","og_type":"article","og_title":"Un arbitre italien renomm\u00e9 pour Arsenal-Monaco - La Diagonale","og_description":"Alors que le souvenir angoissant de la prestation de Rade Obrenovic lors de Monaco-Benfica plane encore, l\u2019UEFA a d\u00e9cid\u00e9 de nommer un arbitre exp\u00e9riment\u00e9 pour la rencontre entre Monaco et Arsenal. Il s\u2019agira de l\u2019Italien Davide Massa, un arbitre de r\u00e9f\u00e9rence sur la sc\u00e8ne europ\u00e9enne depuis plusieurs ann\u00e9es et \u00e0 l\u2019Emirates Stadium, il s\u2019agira de [...]","og_url":"https:\/\/www.ladiagonale.net\/index.php\/2024\/12\/10\/un-arbitre-italien-renomme-pour-arsenal-monaco\/","og_site_name":"La Diagonale","article_published_time":"2024-12-10T11:39:50+00:00","og_image":[{"width":1160,"height":650,"url":"https:\/\/www.ladiagonale.net\/wp-content\/uploads\/2024\/12\/Massa.png","type":"image\/png"}],"author":"Damien Dellerba","twitter_card":"summary_large_image","twitter_image":"https:\/\/www.ladiagonale.net\/wp-content\/uploads\/2024\/12\/Massa.png","twitter_misc":{"\u00c9crit par":"Damien Dellerba","Dur\u00e9e de lecture estim\u00e9e":"1 minute"},"schema":{"@context":"https:\/\/schema.org","@graph":[{"@type":"WebPage","@id":"https:\/\/www.ladiagonale.net\/index.php\/2024\/12\/10\/un-arbitre-italien-renomme-pour-arsenal-monaco\/","url":"https:\/\/www.ladiagonale.net\/index.php\/2024\/12\/10\/un-arbitre-italien-renomme-pour-arsenal-monaco\/","name":"Un arbitre italien renomm\u00e9 pour Arsenal-Monaco - La Diagonale","isPartOf":{"@id":"https:\/\/www.ladiagonale.net\/#website"},"datePublished":"2024-12-10T11:39:50+00:00","dateModified":"2024-12-10T11:39:50+00:00","author":{"@id":"https:\/\/www.ladiagonale.net\/#\/schema\/person\/79ff1e7b0853ed01b2aa26e64ad300bf"},"breadcrumb":{"@id":"https:\/\/www.ladiagonale.net\/index.php\/2024\/12\/10\/un-arbitre-italien-renomme-pour-arsenal-monaco\/#breadcrumb"},"inLanguage":"fr-FR","potentialAction":[{"@type":"ReadAction","target":["https:\/\/www.ladiagonale.net\/index.php\/2024\/12\/10\/un-arbitre-italien-renomme-pour-arsenal-monaco\/"]}]},{"@type":"BreadcrumbList","@id":"https:\/\/www.ladiagonale.net\/index.php\/2024\/12\/10\/un-arbitre-italien-renomme-pour-arsenal-monaco\/#breadcrumb","itemListElement":[{"@type":"ListItem","position":1,"name":"Accueil","item":"https:\/\/www.ladiagonale.net\/"},{"@type":"ListItem","position":2,"name":"Un arbitre italien renomm\u00e9 pour Arsenal-Monaco"}]},{"@type":"WebSite","@id":"https:\/\/www.ladiagonale.net\/#website","url":"https:\/\/www.ladiagonale.net\/","name":"La Diagonale","description":"Le site des supporters de l&#039;AS Monaco FC","potentialAction":[{"@type":"SearchAction","target":{"@type":"EntryPoint","urlTemplate":"https:\/\/www.ladiagonale.net\/?s={search_term_string}"},"query-input":"required name=search_term_string"}],"inLanguage":"fr-FR"},{"@type":"Person","@id":"https:\/\/www.ladiagonale.net\/#\/schema\/person\/79ff1e7b0853ed01b2aa26e64ad300bf","name":"Damien Dellerba","image":{"@type":"ImageObject","inLanguage":"fr-FR","@id":"https:\/\/www.ladiagonale.net\/#\/schema\/person\/image\/","url":"https:\/\/secure.gravatar.com\/avatar\/c7850e06d3ff63cdbaee88b7fc16e2f0?s=96&d=mm&r=g","contentUrl":"https:\/\/secure.gravatar.com\/avatar\/c7850e06d3ff63cdbaee88b7fc16e2f0?s=96&d=mm&r=g","caption":"Damien Dellerba"},"url":"https:\/\/www.ladiagonale.net\/index.php\/author\/damien\/"}]}},"_links":{"self":[{"href":"https:\/\/www.ladiagonale.net\/index.php\/wp-json\/wp\/v2\/posts\/28063"}],"collection":[{"href":"https:\/\/www.ladiagonale.net\/index.php\/wp-json\/wp\/v2\/posts"}],"about":[{"href":"https:\/\/www.ladiagonale.net\/index.php\/wp-json\/wp\/v2\/types\/post"}],"author":[{"embeddable":true,"href":"https:\/\/www.ladiagonale.net\/index.php\/wp-json\/wp\/v2\/users\/2"}],"replies":[{"embeddable":true,"href":"https:\/\/www.ladiagonale.net\/index.php\/wp-json\/wp\/v2\/comments?post=28063"}],"version-history":[{"count":1,"href":"https:\/\/www.ladiagonale.net\/index.php\/wp-json\/wp\/v2\/posts\/28063\/revisions"}],"predecessor-version":[{"id":28065,"href":"https:\/\/www.ladiagonale.net\/index.php\/wp-json\/wp\/v2\/posts\/28063\/revisions\/28065"}],"wp:attachment":[{"href":"https:\/\/www.ladiagonale.net\/index.php\/wp-json\/wp\/v2\/media?parent=28063"}],"wp:term":[{"taxonomy":"category","embeddable":true,"href":"https:\/\/www.ladiagonale.net\/index.php\/wp-json\/wp\/v2\/categories?post=28063"},{"taxonomy":"post_tag","embeddable":true,"href":"https:\/\/www.ladiagonale.net\/index.php\/wp-json\/wp\/v2\/tags?post=28063"}],"curies":[{"name":"wp","href":"https:\/\/api.w.org\/{rel}","templated":true}]}}