{"id":28225,"date":"2024-12-12T12:31:06","date_gmt":"2024-12-12T11:31:06","guid":{"rendered":"https:\/\/www.ladiagonale.net\/?p=28225"},"modified":"2024-12-12T12:51:08","modified_gmt":"2024-12-12T11:51:08","slug":"teze-suspendu-face-au-psg","status":"publish","type":"post","link":"https:\/\/www.ladiagonale.net\/index.php\/2024\/12\/12\/teze-suspendu-face-au-psg\/","title":{"rendered":"Teze suspendu face au PSG"},"content":{"rendered":"\n\n\n<p>Jordan Teze manquera le dernier match de Ligue 1 de l&rsquo;ann\u00e9e civile. Le lat\u00e9ral droit n\u00e9erlandais a re\u00e7u un carton jaune dans le temps additionnel contre Toulouse, ce qui entra\u00eene <em>de facto<\/em> la r\u00e9vocation de son sursis. Teze sera pr\u00e9sent contre Reims samedi, ce qui est pour le mieux car Vanderson lui ne sera pas l\u00e0, mais il servira sa suspension contre Paris, le mercredi 18 d\u00e9cembre.<\/p>\n\n\n\n<p>L&rsquo;ancien joueur du PSV Eindhoven avait \u00e9t\u00e9 exclu contre Lille \u00e0 l&rsquo;occasion de la 8<sup>e<\/sup> journ\u00e9e <em>(0-0, le 10 octobre)<\/em> et avait \u00e9cop\u00e9 de deux matches de suspension ferme plus un autre avec sursis.<\/p>\n","protected":false},"excerpt":{"rendered":"<p>Jordan Teze manquera le dernier match de Ligue 1 de l&rsquo;ann\u00e9e civile. Le lat\u00e9ral droit n\u00e9erlandais a re\u00e7u un carton jaune dans le temps additionnel contre Toulouse, ce qui entra\u00eene de facto la r\u00e9vocation de son sursis. Teze sera pr\u00e9sent contre Reims samedi, ce qui est pour le mieux car Vanderson lui ne sera pas [&#8230;]\n","protected":false},"author":2,"featured_media":0,"comment_status":"open","ping_status":"open","sticky":false,"template":"","format":"standard","meta":[],"categories":[4,6],"tags":[86,257,94,786],"yoast_head":"<!-- This site is optimized with the Yoast SEO plugin v19.8 - https:\/\/yoast.com\/wordpress\/plugins\/seo\/ -->\n<title>Teze suspendu face au PSG - La Diagonale<\/title>\n<meta name=\"robots\" content=\"index, follow, max-snippet:-1, max-image-preview:large, max-video-preview:-1\" \/>\n<link rel=\"canonical\" href=\"https:\/\/www.ladiagonale.net\/index.php\/2024\/12\/12\/teze-suspendu-face-au-psg\/\" \/>\n<meta property=\"og:locale\" content=\"fr_FR\" \/>\n<meta property=\"og:type\" content=\"article\" \/>\n<meta property=\"og:title\" content=\"Teze suspendu face au PSG - La Diagonale\" \/>\n<meta property=\"og:description\" content=\"Jordan Teze manquera le dernier match de Ligue 1 de l&rsquo;ann\u00e9e civile. Le lat\u00e9ral droit n\u00e9erlandais a re\u00e7u un carton jaune dans le temps additionnel contre Toulouse, ce qui entra\u00eene de facto la r\u00e9vocation de son sursis. Teze sera pr\u00e9sent contre Reims samedi, ce qui est pour le mieux car Vanderson lui ne sera pas [...]\" \/>\n<meta property=\"og:url\" content=\"https:\/\/www.ladiagonale.net\/index.php\/2024\/12\/12\/teze-suspendu-face-au-psg\/\" \/>\n<meta property=\"og:site_name\" content=\"La Diagonale\" \/>\n<meta property=\"article:published_time\" content=\"2024-12-12T11:31:06+00:00\" \/>\n<meta property=\"article:modified_time\" content=\"2024-12-12T11:51:08+00:00\" \/>\n<meta property=\"og:image\" content=\"https:\/\/www.ladiagonale.net\/wp-content\/uploads\/2024\/12\/Teze.jpg\" \/>\n\t<meta property=\"og:image:width\" content=\"1160\" \/>\n\t<meta property=\"og:image:height\" content=\"650\" \/>\n\t<meta property=\"og:image:type\" content=\"image\/jpeg\" \/>\n<meta name=\"author\" content=\"Damien Dellerba\" \/>\n<meta name=\"twitter:card\" content=\"summary_large_image\" \/>\n<meta name=\"twitter:image\" content=\"https:\/\/www.ladiagonale.net\/wp-content\/uploads\/2024\/12\/Teze.jpg\" \/>\n<meta name=\"twitter:label1\" content=\"\u00c9crit par\" \/>\n\t<meta name=\"twitter:data1\" content=\"Damien Dellerba\" \/>\n\t<meta name=\"twitter:label2\" content=\"Dur\u00e9e de lecture estim\u00e9e\" \/>\n\t<meta name=\"twitter:data2\" content=\"1 minute\" \/>\n<script type=\"application\/ld+json\" class=\"yoast-schema-graph\">{\"@context\":\"https:\/\/schema.org\",\"@graph\":[{\"@type\":\"WebPage\",\"@id\":\"https:\/\/www.ladiagonale.net\/index.php\/2024\/12\/12\/teze-suspendu-face-au-psg\/\",\"url\":\"https:\/\/www.ladiagonale.net\/index.php\/2024\/12\/12\/teze-suspendu-face-au-psg\/\",\"name\":\"Teze suspendu face au PSG - La Diagonale\",\"isPartOf\":{\"@id\":\"https:\/\/www.ladiagonale.net\/#website\"},\"datePublished\":\"2024-12-12T11:31:06+00:00\",\"dateModified\":\"2024-12-12T11:51:08+00:00\",\"author\":{\"@id\":\"https:\/\/www.ladiagonale.net\/#\/schema\/person\/79ff1e7b0853ed01b2aa26e64ad300bf\"},\"breadcrumb\":{\"@id\":\"https:\/\/www.ladiagonale.net\/index.php\/2024\/12\/12\/teze-suspendu-face-au-psg\/#breadcrumb\"},\"inLanguage\":\"fr-FR\",\"potentialAction\":[{\"@type\":\"ReadAction\",\"target\":[\"https:\/\/www.ladiagonale.net\/index.php\/2024\/12\/12\/teze-suspendu-face-au-psg\/\"]}]},{\"@type\":\"BreadcrumbList\",\"@id\":\"https:\/\/www.ladiagonale.net\/index.php\/2024\/12\/12\/teze-suspendu-face-au-psg\/#breadcrumb\",\"itemListElement\":[{\"@type\":\"ListItem\",\"position\":1,\"name\":\"Accueil\",\"item\":\"https:\/\/www.ladiagonale.net\/\"},{\"@type\":\"ListItem\",\"position\":2,\"name\":\"Teze suspendu face au PSG\"}]},{\"@type\":\"WebSite\",\"@id\":\"https:\/\/www.ladiagonale.net\/#website\",\"url\":\"https:\/\/www.ladiagonale.net\/\",\"name\":\"La Diagonale\",\"description\":\"Le site des supporters de l&#039;AS Monaco FC\",\"potentialAction\":[{\"@type\":\"SearchAction\",\"target\":{\"@type\":\"EntryPoint\",\"urlTemplate\":\"https:\/\/www.ladiagonale.net\/?s={search_term_string}\"},\"query-input\":\"required name=search_term_string\"}],\"inLanguage\":\"fr-FR\"},{\"@type\":\"Person\",\"@id\":\"https:\/\/www.ladiagonale.net\/#\/schema\/person\/79ff1e7b0853ed01b2aa26e64ad300bf\",\"name\":\"Damien Dellerba\",\"image\":{\"@type\":\"ImageObject\",\"inLanguage\":\"fr-FR\",\"@id\":\"https:\/\/www.ladiagonale.net\/#\/schema\/person\/image\/\",\"url\":\"https:\/\/secure.gravatar.com\/avatar\/c7850e06d3ff63cdbaee88b7fc16e2f0?s=96&d=mm&r=g\",\"contentUrl\":\"https:\/\/secure.gravatar.com\/avatar\/c7850e06d3ff63cdbaee88b7fc16e2f0?s=96&d=mm&r=g\",\"caption\":\"Damien Dellerba\"},\"url\":\"https:\/\/www.ladiagonale.net\/index.php\/author\/damien\/\"}]}<\/script>\n<!-- \/ Yoast SEO plugin. -->","yoast_head_json":{"title":"Teze suspendu face au PSG - La Diagonale","robots":{"index":"index","follow":"follow","max-snippet":"max-snippet:-1","max-image-preview":"max-image-preview:large","max-video-preview":"max-video-preview:-1"},"canonical":"https:\/\/www.ladiagonale.net\/index.php\/2024\/12\/12\/teze-suspendu-face-au-psg\/","og_locale":"fr_FR","og_type":"article","og_title":"Teze suspendu face au PSG - La Diagonale","og_description":"Jordan Teze manquera le dernier match de Ligue 1 de l&rsquo;ann\u00e9e civile. Le lat\u00e9ral droit n\u00e9erlandais a re\u00e7u un carton jaune dans le temps additionnel contre Toulouse, ce qui entra\u00eene de facto la r\u00e9vocation de son sursis. Teze sera pr\u00e9sent contre Reims samedi, ce qui est pour le mieux car Vanderson lui ne sera pas [...]","og_url":"https:\/\/www.ladiagonale.net\/index.php\/2024\/12\/12\/teze-suspendu-face-au-psg\/","og_site_name":"La Diagonale","article_published_time":"2024-12-12T11:31:06+00:00","article_modified_time":"2024-12-12T11:51:08+00:00","og_image":[{"width":1160,"height":650,"url":"https:\/\/www.ladiagonale.net\/wp-content\/uploads\/2024\/12\/Teze.jpg","type":"image\/jpeg"}],"author":"Damien Dellerba","twitter_card":"summary_large_image","twitter_image":"https:\/\/www.ladiagonale.net\/wp-content\/uploads\/2024\/12\/Teze.jpg","twitter_misc":{"\u00c9crit par":"Damien Dellerba","Dur\u00e9e de lecture estim\u00e9e":"1 minute"},"schema":{"@context":"https:\/\/schema.org","@graph":[{"@type":"WebPage","@id":"https:\/\/www.ladiagonale.net\/index.php\/2024\/12\/12\/teze-suspendu-face-au-psg\/","url":"https:\/\/www.ladiagonale.net\/index.php\/2024\/12\/12\/teze-suspendu-face-au-psg\/","name":"Teze suspendu face au PSG - La Diagonale","isPartOf":{"@id":"https:\/\/www.ladiagonale.net\/#website"},"datePublished":"2024-12-12T11:31:06+00:00","dateModified":"2024-12-12T11:51:08+00:00","author":{"@id":"https:\/\/www.ladiagonale.net\/#\/schema\/person\/79ff1e7b0853ed01b2aa26e64ad300bf"},"breadcrumb":{"@id":"https:\/\/www.ladiagonale.net\/index.php\/2024\/12\/12\/teze-suspendu-face-au-psg\/#breadcrumb"},"inLanguage":"fr-FR","potentialAction":[{"@type":"ReadAction","target":["https:\/\/www.ladiagonale.net\/index.php\/2024\/12\/12\/teze-suspendu-face-au-psg\/"]}]},{"@type":"BreadcrumbList","@id":"https:\/\/www.ladiagonale.net\/index.php\/2024\/12\/12\/teze-suspendu-face-au-psg\/#breadcrumb","itemListElement":[{"@type":"ListItem","position":1,"name":"Accueil","item":"https:\/\/www.ladiagonale.net\/"},{"@type":"ListItem","position":2,"name":"Teze suspendu face au PSG"}]},{"@type":"WebSite","@id":"https:\/\/www.ladiagonale.net\/#website","url":"https:\/\/www.ladiagonale.net\/","name":"La Diagonale","description":"Le site des supporters de l&#039;AS Monaco FC","potentialAction":[{"@type":"SearchAction","target":{"@type":"EntryPoint","urlTemplate":"https:\/\/www.ladiagonale.net\/?s={search_term_string}"},"query-input":"required name=search_term_string"}],"inLanguage":"fr-FR"},{"@type":"Person","@id":"https:\/\/www.ladiagonale.net\/#\/schema\/person\/79ff1e7b0853ed01b2aa26e64ad300bf","name":"Damien Dellerba","image":{"@type":"ImageObject","inLanguage":"fr-FR","@id":"https:\/\/www.ladiagonale.net\/#\/schema\/person\/image\/","url":"https:\/\/secure.gravatar.com\/avatar\/c7850e06d3ff63cdbaee88b7fc16e2f0?s=96&d=mm&r=g","contentUrl":"https:\/\/secure.gravatar.com\/avatar\/c7850e06d3ff63cdbaee88b7fc16e2f0?s=96&d=mm&r=g","caption":"Damien Dellerba"},"url":"https:\/\/www.ladiagonale.net\/index.php\/author\/damien\/"}]}},"_links":{"self":[{"href":"https:\/\/www.ladiagonale.net\/index.php\/wp-json\/wp\/v2\/posts\/28225"}],"collection":[{"href":"https:\/\/www.ladiagonale.net\/index.php\/wp-json\/wp\/v2\/posts"}],"about":[{"href":"https:\/\/www.ladiagonale.net\/index.php\/wp-json\/wp\/v2\/types\/post"}],"author":[{"embeddable":true,"href":"https:\/\/www.ladiagonale.net\/index.php\/wp-json\/wp\/v2\/users\/2"}],"replies":[{"embeddable":true,"href":"https:\/\/www.ladiagonale.net\/index.php\/wp-json\/wp\/v2\/comments?post=28225"}],"version-history":[{"count":3,"href":"https:\/\/www.ladiagonale.net\/index.php\/wp-json\/wp\/v2\/posts\/28225\/revisions"}],"predecessor-version":[{"id":28230,"href":"https:\/\/www.ladiagonale.net\/index.php\/wp-json\/wp\/v2\/posts\/28225\/revisions\/28230"}],"wp:attachment":[{"href":"https:\/\/www.ladiagonale.net\/index.php\/wp-json\/wp\/v2\/media?parent=28225"}],"wp:term":[{"taxonomy":"category","embeddable":true,"href":"https:\/\/www.ladiagonale.net\/index.php\/wp-json\/wp\/v2\/categories?post=28225"},{"taxonomy":"post_tag","embeddable":true,"href":"https:\/\/www.ladiagonale.net\/index.php\/wp-json\/wp\/v2\/tags?post=28225"}],"curies":[{"name":"wp","href":"https:\/\/api.w.org\/{rel}","templated":true}]}}