{"id":28348,"date":"2024-12-16T08:39:00","date_gmt":"2024-12-16T07:39:00","guid":{"rendered":"https:\/\/www.ladiagonale.net\/?p=28348"},"modified":"2024-12-16T13:13:02","modified_gmt":"2024-12-16T12:13:02","slug":"kehrer-repasse-devant-singo-dans-lequipe-type","status":"publish","type":"post","link":"https:\/\/www.ladiagonale.net\/index.php\/2024\/12\/16\/kehrer-repasse-devant-singo-dans-lequipe-type\/","title":{"rendered":"Kehrer repasse devant Singo au palmar\u00e8s de l&rsquo;\u00e9quipe type"},"content":{"rendered":"\n\n\n<p>La rencontre entre Monaco et Reims n&rsquo;a pas permis de mettre des joueurs offensifs en valeur. En revanche, certains d\u00e9fenseurs se sont montr\u00e9s plut\u00f4t \u00e0 leur avantage. C&rsquo;est notamment le cas de Thilo Kehrer, qui a recueilli la note de 7\/10 dans nos colonnes mais \u00e9galement dans celles de <em>L&rsquo;\u00c9quipe<\/em>. Le capitaine de l&rsquo;ASM figure donc dans l&rsquo;\u00e9quipe type de la 15<sup>e<\/sup> journ\u00e9e de Ligue 1.<\/p>\n\n\n\n<p>L&rsquo;international allemand est repr\u00e9sent\u00e9 pour la quatri\u00e8me fois de la saison, total qui lui permet de repasser devant Wilfried Singo, de son c\u00f4t\u00e9 moins en vue et coupable d&rsquo;une tr\u00e8s grosse b\u00e9vue rest\u00e9e heureusement sans cons\u00e9quence. Thilo Kehrer est le joueur mon\u00e9gasque le plus souvent repr\u00e9sent\u00e9 dans ce onze. Sur la moyenne g\u00e9n\u00e9rale, il est not\u00e9 \u00e0 6,17, ce qui en fait le quatri\u00e8me meilleur joueur. Eliesse Ben Seghir a perdu son tr\u00f4ne, d\u00e9pass\u00e9 par Rayan Cherki (6,50 contre 6,23).<\/p>\n\n\n\n<p>L&rsquo;\u00e9quipe type de la 14<sup>e<\/sup> journ\u00e9e<\/p>\n\n\n\n<p class=\"has-white-color has-text-color has-background\" style=\"background-color:#303030\"><em>Gardien :<\/em> Rulli (8, Marseille)<br \/><em>D\u00e9fenseurs :<\/em> Assignon (7, Rennes), <strong>Kehrer (7, Monaco)<\/strong>, Khusanov (7, Lens), Merlin (7, Marseille)<br \/><em>Milieux :<\/em> Fernandes (7, Brest), Danois (7, Auxerre), Al-Tamari (8, Montpellier), S. Diop (7, Nice), D. Dou\u00e9 (8, Paris SG).<br \/><em>Attaquant :<\/em> Nanasi (7, Strasbourg)<br \/><em>Entra\u00eeneur :<\/em> E. Roy (7, Brest)<\/p>\n\n\n\n<h4 class=\"wp-block-heading has-white-color has-vivid-red-background-color has-text-color has-background\" id=\"pr\u00e9sences-dans-l\u00e9quipe-type-par-journ\u00e9es\" style=\"text-transform:uppercase\">Pr\u00e9sences dans l\u2019\u00e9quipe type par journ\u00e9e<\/h4>\n\n\n\n<ul class=\"wp-block-list\">\n<li>2<sup>e<\/sup> journ\u00e9e : Thilo Kehrer<\/li>\n\n\n\n<li>4<sup>e<\/sup> journ\u00e9e : Thilo Kehrer, Denis Zakaria<\/li>\n\n\n\n<li>5<sup>e<\/sup> journ\u00e9e : Wifried Singo<\/li>\n\n\n\n<li>7<sup>e<\/sup> journ\u00e9e : Eliesse Ben Seghir, Folarin Balogun, Thilo Kehrer, Adi H\u00fctter<\/li>\n\n\n\n<li>11<sup>e<\/sup> journ\u00e9e : Wifried Singo<\/li>\n\n\n\n<li>12<sup>e<\/sup> journ\u00e9e : Maghnes Akliouche<\/li>\n\n\n\n<li>14<sup>e<\/sup> journ\u00e9e : Wifried Singo<\/li>\n\n\n\n<li>15<sup>e<\/sup> journ\u00e9e : Thilo Kehrer<\/li>\n<\/ul>\n\n\n\n<h4 class=\"wp-block-heading has-white-color has-vivid-red-background-color has-text-color has-background\" id=\"nombre-de-pr\u00e9sences-dans-l\u00e9quipe-type\" style=\"text-transform:uppercase\">Nombre de pr\u00e9sences dans l\u2019\u00e9quipe type<\/h4>\n\n\n\n<ul class=\"wp-block-list\">\n<li>Thilo Kehrer : 4 <\/li>\n\n\n\n<li>Wilfried Singo : 3<\/li>\n\n\n\n<li>Denis Zakaria, Eliesse Ben Seghir, Folarin Balogun, Maghnes Akliouche, Adi H\u00fctter : 1<\/li>\n<\/ul>\n","protected":false},"excerpt":{"rendered":"<p>La rencontre entre Monaco et Reims n&rsquo;a pas permis de mettre des joueurs offensifs en valeur. En revanche, certains d\u00e9fenseurs se sont montr\u00e9s plut\u00f4t \u00e0 leur avantage. C&rsquo;est notamment le cas de Thilo Kehrer, qui a recueilli la note de 7\/10 dans nos colonnes mais \u00e9galement dans celles de L&rsquo;\u00c9quipe. Le capitaine de l&rsquo;ASM figure [&#8230;]\n","protected":false},"author":2,"featured_media":0,"comment_status":"open","ping_status":"open","sticky":false,"template":"","format":"standard","meta":[],"categories":[6],"tags":[86,218,94,756],"yoast_head":"<!-- This site is optimized with the Yoast SEO plugin v19.8 - https:\/\/yoast.com\/wordpress\/plugins\/seo\/ -->\n<title>Kehrer repasse devant Singo au palmar\u00e8s de l&#039;\u00e9quipe type - La Diagonale<\/title>\n<meta name=\"robots\" content=\"index, follow, max-snippet:-1, max-image-preview:large, max-video-preview:-1\" \/>\n<link rel=\"canonical\" href=\"https:\/\/www.ladiagonale.net\/index.php\/2024\/12\/16\/kehrer-repasse-devant-singo-dans-lequipe-type\/\" \/>\n<meta property=\"og:locale\" content=\"fr_FR\" \/>\n<meta property=\"og:type\" content=\"article\" \/>\n<meta property=\"og:title\" content=\"Kehrer repasse devant Singo au palmar\u00e8s de l&#039;\u00e9quipe type - La Diagonale\" \/>\n<meta property=\"og:description\" content=\"La rencontre entre Monaco et Reims n&rsquo;a pas permis de mettre des joueurs offensifs en valeur. En revanche, certains d\u00e9fenseurs se sont montr\u00e9s plut\u00f4t \u00e0 leur avantage. C&rsquo;est notamment le cas de Thilo Kehrer, qui a recueilli la note de 7\/10 dans nos colonnes mais \u00e9galement dans celles de L&rsquo;\u00c9quipe. Le capitaine de l&rsquo;ASM figure [...]\" \/>\n<meta property=\"og:url\" content=\"https:\/\/www.ladiagonale.net\/index.php\/2024\/12\/16\/kehrer-repasse-devant-singo-dans-lequipe-type\/\" \/>\n<meta property=\"og:site_name\" content=\"La Diagonale\" \/>\n<meta property=\"article:published_time\" content=\"2024-12-16T07:39:00+00:00\" \/>\n<meta property=\"article:modified_time\" content=\"2024-12-16T12:13:02+00:00\" \/>\n<meta property=\"og:image\" content=\"https:\/\/www.ladiagonale.net\/wp-content\/uploads\/2024\/09\/kehrer2425.png\" \/>\n\t<meta property=\"og:image:width\" content=\"1160\" \/>\n\t<meta property=\"og:image:height\" content=\"650\" \/>\n\t<meta property=\"og:image:type\" content=\"image\/png\" \/>\n<meta name=\"author\" content=\"Damien Dellerba\" \/>\n<meta name=\"twitter:card\" content=\"summary_large_image\" \/>\n<meta name=\"twitter:image\" content=\"https:\/\/www.ladiagonale.net\/wp-content\/uploads\/2024\/09\/kehrer2425.png\" \/>\n<meta name=\"twitter:label1\" content=\"\u00c9crit par\" \/>\n\t<meta name=\"twitter:data1\" content=\"Damien Dellerba\" \/>\n\t<meta name=\"twitter:label2\" content=\"Dur\u00e9e de lecture estim\u00e9e\" \/>\n\t<meta name=\"twitter:data2\" content=\"2 minutes\" \/>\n<script type=\"application\/ld+json\" class=\"yoast-schema-graph\">{\"@context\":\"https:\/\/schema.org\",\"@graph\":[{\"@type\":\"WebPage\",\"@id\":\"https:\/\/www.ladiagonale.net\/index.php\/2024\/12\/16\/kehrer-repasse-devant-singo-dans-lequipe-type\/\",\"url\":\"https:\/\/www.ladiagonale.net\/index.php\/2024\/12\/16\/kehrer-repasse-devant-singo-dans-lequipe-type\/\",\"name\":\"Kehrer repasse devant Singo au palmar\u00e8s de l'\u00e9quipe type - La Diagonale\",\"isPartOf\":{\"@id\":\"https:\/\/www.ladiagonale.net\/#website\"},\"datePublished\":\"2024-12-16T07:39:00+00:00\",\"dateModified\":\"2024-12-16T12:13:02+00:00\",\"author\":{\"@id\":\"https:\/\/www.ladiagonale.net\/#\/schema\/person\/79ff1e7b0853ed01b2aa26e64ad300bf\"},\"breadcrumb\":{\"@id\":\"https:\/\/www.ladiagonale.net\/index.php\/2024\/12\/16\/kehrer-repasse-devant-singo-dans-lequipe-type\/#breadcrumb\"},\"inLanguage\":\"fr-FR\",\"potentialAction\":[{\"@type\":\"ReadAction\",\"target\":[\"https:\/\/www.ladiagonale.net\/index.php\/2024\/12\/16\/kehrer-repasse-devant-singo-dans-lequipe-type\/\"]}]},{\"@type\":\"BreadcrumbList\",\"@id\":\"https:\/\/www.ladiagonale.net\/index.php\/2024\/12\/16\/kehrer-repasse-devant-singo-dans-lequipe-type\/#breadcrumb\",\"itemListElement\":[{\"@type\":\"ListItem\",\"position\":1,\"name\":\"Accueil\",\"item\":\"https:\/\/www.ladiagonale.net\/\"},{\"@type\":\"ListItem\",\"position\":2,\"name\":\"Kehrer repasse devant Singo au palmar\u00e8s de l&rsquo;\u00e9quipe type\"}]},{\"@type\":\"WebSite\",\"@id\":\"https:\/\/www.ladiagonale.net\/#website\",\"url\":\"https:\/\/www.ladiagonale.net\/\",\"name\":\"La Diagonale\",\"description\":\"Le site des supporters de l&#039;AS Monaco FC\",\"potentialAction\":[{\"@type\":\"SearchAction\",\"target\":{\"@type\":\"EntryPoint\",\"urlTemplate\":\"https:\/\/www.ladiagonale.net\/?s={search_term_string}\"},\"query-input\":\"required name=search_term_string\"}],\"inLanguage\":\"fr-FR\"},{\"@type\":\"Person\",\"@id\":\"https:\/\/www.ladiagonale.net\/#\/schema\/person\/79ff1e7b0853ed01b2aa26e64ad300bf\",\"name\":\"Damien Dellerba\",\"image\":{\"@type\":\"ImageObject\",\"inLanguage\":\"fr-FR\",\"@id\":\"https:\/\/www.ladiagonale.net\/#\/schema\/person\/image\/\",\"url\":\"https:\/\/secure.gravatar.com\/avatar\/c7850e06d3ff63cdbaee88b7fc16e2f0?s=96&d=mm&r=g\",\"contentUrl\":\"https:\/\/secure.gravatar.com\/avatar\/c7850e06d3ff63cdbaee88b7fc16e2f0?s=96&d=mm&r=g\",\"caption\":\"Damien Dellerba\"},\"url\":\"https:\/\/www.ladiagonale.net\/index.php\/author\/damien\/\"}]}<\/script>\n<!-- \/ Yoast SEO plugin. -->","yoast_head_json":{"title":"Kehrer repasse devant Singo au palmar\u00e8s de l'\u00e9quipe type - La Diagonale","robots":{"index":"index","follow":"follow","max-snippet":"max-snippet:-1","max-image-preview":"max-image-preview:large","max-video-preview":"max-video-preview:-1"},"canonical":"https:\/\/www.ladiagonale.net\/index.php\/2024\/12\/16\/kehrer-repasse-devant-singo-dans-lequipe-type\/","og_locale":"fr_FR","og_type":"article","og_title":"Kehrer repasse devant Singo au palmar\u00e8s de l'\u00e9quipe type - La Diagonale","og_description":"La rencontre entre Monaco et Reims n&rsquo;a pas permis de mettre des joueurs offensifs en valeur. En revanche, certains d\u00e9fenseurs se sont montr\u00e9s plut\u00f4t \u00e0 leur avantage. C&rsquo;est notamment le cas de Thilo Kehrer, qui a recueilli la note de 7\/10 dans nos colonnes mais \u00e9galement dans celles de L&rsquo;\u00c9quipe. Le capitaine de l&rsquo;ASM figure [...]","og_url":"https:\/\/www.ladiagonale.net\/index.php\/2024\/12\/16\/kehrer-repasse-devant-singo-dans-lequipe-type\/","og_site_name":"La Diagonale","article_published_time":"2024-12-16T07:39:00+00:00","article_modified_time":"2024-12-16T12:13:02+00:00","og_image":[{"width":1160,"height":650,"url":"https:\/\/www.ladiagonale.net\/wp-content\/uploads\/2024\/09\/kehrer2425.png","type":"image\/png"}],"author":"Damien Dellerba","twitter_card":"summary_large_image","twitter_image":"https:\/\/www.ladiagonale.net\/wp-content\/uploads\/2024\/09\/kehrer2425.png","twitter_misc":{"\u00c9crit par":"Damien Dellerba","Dur\u00e9e de lecture estim\u00e9e":"2 minutes"},"schema":{"@context":"https:\/\/schema.org","@graph":[{"@type":"WebPage","@id":"https:\/\/www.ladiagonale.net\/index.php\/2024\/12\/16\/kehrer-repasse-devant-singo-dans-lequipe-type\/","url":"https:\/\/www.ladiagonale.net\/index.php\/2024\/12\/16\/kehrer-repasse-devant-singo-dans-lequipe-type\/","name":"Kehrer repasse devant Singo au palmar\u00e8s de l'\u00e9quipe type - La Diagonale","isPartOf":{"@id":"https:\/\/www.ladiagonale.net\/#website"},"datePublished":"2024-12-16T07:39:00+00:00","dateModified":"2024-12-16T12:13:02+00:00","author":{"@id":"https:\/\/www.ladiagonale.net\/#\/schema\/person\/79ff1e7b0853ed01b2aa26e64ad300bf"},"breadcrumb":{"@id":"https:\/\/www.ladiagonale.net\/index.php\/2024\/12\/16\/kehrer-repasse-devant-singo-dans-lequipe-type\/#breadcrumb"},"inLanguage":"fr-FR","potentialAction":[{"@type":"ReadAction","target":["https:\/\/www.ladiagonale.net\/index.php\/2024\/12\/16\/kehrer-repasse-devant-singo-dans-lequipe-type\/"]}]},{"@type":"BreadcrumbList","@id":"https:\/\/www.ladiagonale.net\/index.php\/2024\/12\/16\/kehrer-repasse-devant-singo-dans-lequipe-type\/#breadcrumb","itemListElement":[{"@type":"ListItem","position":1,"name":"Accueil","item":"https:\/\/www.ladiagonale.net\/"},{"@type":"ListItem","position":2,"name":"Kehrer repasse devant Singo au palmar\u00e8s de l&rsquo;\u00e9quipe type"}]},{"@type":"WebSite","@id":"https:\/\/www.ladiagonale.net\/#website","url":"https:\/\/www.ladiagonale.net\/","name":"La Diagonale","description":"Le site des supporters de l&#039;AS Monaco FC","potentialAction":[{"@type":"SearchAction","target":{"@type":"EntryPoint","urlTemplate":"https:\/\/www.ladiagonale.net\/?s={search_term_string}"},"query-input":"required name=search_term_string"}],"inLanguage":"fr-FR"},{"@type":"Person","@id":"https:\/\/www.ladiagonale.net\/#\/schema\/person\/79ff1e7b0853ed01b2aa26e64ad300bf","name":"Damien Dellerba","image":{"@type":"ImageObject","inLanguage":"fr-FR","@id":"https:\/\/www.ladiagonale.net\/#\/schema\/person\/image\/","url":"https:\/\/secure.gravatar.com\/avatar\/c7850e06d3ff63cdbaee88b7fc16e2f0?s=96&d=mm&r=g","contentUrl":"https:\/\/secure.gravatar.com\/avatar\/c7850e06d3ff63cdbaee88b7fc16e2f0?s=96&d=mm&r=g","caption":"Damien Dellerba"},"url":"https:\/\/www.ladiagonale.net\/index.php\/author\/damien\/"}]}},"_links":{"self":[{"href":"https:\/\/www.ladiagonale.net\/index.php\/wp-json\/wp\/v2\/posts\/28348"}],"collection":[{"href":"https:\/\/www.ladiagonale.net\/index.php\/wp-json\/wp\/v2\/posts"}],"about":[{"href":"https:\/\/www.ladiagonale.net\/index.php\/wp-json\/wp\/v2\/types\/post"}],"author":[{"embeddable":true,"href":"https:\/\/www.ladiagonale.net\/index.php\/wp-json\/wp\/v2\/users\/2"}],"replies":[{"embeddable":true,"href":"https:\/\/www.ladiagonale.net\/index.php\/wp-json\/wp\/v2\/comments?post=28348"}],"version-history":[{"count":3,"href":"https:\/\/www.ladiagonale.net\/index.php\/wp-json\/wp\/v2\/posts\/28348\/revisions"}],"predecessor-version":[{"id":28352,"href":"https:\/\/www.ladiagonale.net\/index.php\/wp-json\/wp\/v2\/posts\/28348\/revisions\/28352"}],"wp:attachment":[{"href":"https:\/\/www.ladiagonale.net\/index.php\/wp-json\/wp\/v2\/media?parent=28348"}],"wp:term":[{"taxonomy":"category","embeddable":true,"href":"https:\/\/www.ladiagonale.net\/index.php\/wp-json\/wp\/v2\/categories?post=28348"},{"taxonomy":"post_tag","embeddable":true,"href":"https:\/\/www.ladiagonale.net\/index.php\/wp-json\/wp\/v2\/tags?post=28348"}],"curies":[{"name":"wp","href":"https:\/\/api.w.org\/{rel}","templated":true}]}}