{"id":28353,"date":"2024-12-16T13:25:48","date_gmt":"2024-12-16T12:25:48","guid":{"rendered":"https:\/\/www.ladiagonale.net\/?p=28353"},"modified":"2024-12-16T13:25:49","modified_gmt":"2024-12-16T12:25:49","slug":"balogun-sera-absent-quatre-mois","status":"publish","type":"post","link":"https:\/\/www.ladiagonale.net\/index.php\/2024\/12\/16\/balogun-sera-absent-quatre-mois\/","title":{"rendered":"Balogun sera absent quatre mois"},"content":{"rendered":"\n<p>Le couperet est tomb\u00e9 pour Folarin Balogun. Vendredi, Adi H\u00fctter avait fait savoir que l\u2019attaquant am\u00e9ricain serait absent pour environ trois mois. Une pr\u00e9vision finalement plus optimiste que pr\u00e9vu puisqu\u2019\u00e0 l\u2019occasion de la conf\u00e9rence de presse avant Paris, l\u2019Autrichien a \u00e9voqu\u00e9 un forfait pour les quatre prochains mois, rendant plus que jamais n\u00e9cessaire l\u2019arriv\u00e9e d\u2019une recrue \u00e0 ce poste.<\/p>\n\n\n\n<p>Victime d\u2019une luxation de l\u2019\u00e9paule gauche contre Rennes le 5 octobre, Folarin Balogun avait rechut\u00e9 en raison d\u2019un coup re\u00e7u contre Marseille le 1er d\u00e9cembre. D\u00e9cision a \u00e9t\u00e9 prise de l\u2019op\u00e9rer et celle-ci interviendra ce mardi. <\/p>\n\n\n\n<p class=\"has-text-align-right\">Source : <em>Nice-Matin<\/em><\/p>\n","protected":false},"excerpt":{"rendered":"<p>Le couperet est tomb\u00e9 pour Folarin Balogun. Vendredi, Adi H\u00fctter avait fait savoir que l\u2019attaquant am\u00e9ricain serait absent pour environ trois mois. Une pr\u00e9vision finalement plus optimiste que pr\u00e9vu puisqu\u2019\u00e0 l\u2019occasion de la conf\u00e9rence de presse avant Paris, l\u2019Autrichien a \u00e9voqu\u00e9 un forfait pour les quatre prochains mois, rendant plus que jamais n\u00e9cessaire l\u2019arriv\u00e9e d\u2019une [&#8230;]\n","protected":false},"author":2,"featured_media":0,"comment_status":"closed","ping_status":"open","sticky":false,"template":"","format":"standard","meta":[],"categories":[4,6],"tags":[86,483,196],"yoast_head":"<!-- This site is optimized with the Yoast SEO plugin v19.8 - https:\/\/yoast.com\/wordpress\/plugins\/seo\/ -->\n<title>Balogun sera absent quatre mois - La Diagonale<\/title>\n<meta name=\"robots\" content=\"index, follow, max-snippet:-1, max-image-preview:large, max-video-preview:-1\" \/>\n<link rel=\"canonical\" href=\"https:\/\/www.ladiagonale.net\/index.php\/2024\/12\/16\/balogun-sera-absent-quatre-mois\/\" \/>\n<meta property=\"og:locale\" content=\"fr_FR\" \/>\n<meta property=\"og:type\" content=\"article\" \/>\n<meta property=\"og:title\" content=\"Balogun sera absent quatre mois - La Diagonale\" \/>\n<meta property=\"og:description\" content=\"Le couperet est tomb\u00e9 pour Folarin Balogun. Vendredi, Adi H\u00fctter avait fait savoir que l\u2019attaquant am\u00e9ricain serait absent pour environ trois mois. Une pr\u00e9vision finalement plus optimiste que pr\u00e9vu puisqu\u2019\u00e0 l\u2019occasion de la conf\u00e9rence de presse avant Paris, l\u2019Autrichien a \u00e9voqu\u00e9 un forfait pour les quatre prochains mois, rendant plus que jamais n\u00e9cessaire l\u2019arriv\u00e9e d\u2019une [...]\" \/>\n<meta property=\"og:url\" content=\"https:\/\/www.ladiagonale.net\/index.php\/2024\/12\/16\/balogun-sera-absent-quatre-mois\/\" \/>\n<meta property=\"og:site_name\" content=\"La Diagonale\" \/>\n<meta property=\"article:published_time\" content=\"2024-12-16T12:25:48+00:00\" \/>\n<meta property=\"article:modified_time\" content=\"2024-12-16T12:25:49+00:00\" \/>\n<meta property=\"og:image\" content=\"https:\/\/www.ladiagonale.net\/wp-content\/uploads\/2024\/09\/baloguncentenaire.png\" \/>\n\t<meta property=\"og:image:width\" content=\"1160\" \/>\n\t<meta property=\"og:image:height\" content=\"650\" \/>\n\t<meta property=\"og:image:type\" content=\"image\/png\" \/>\n<meta name=\"author\" content=\"Damien Dellerba\" \/>\n<meta name=\"twitter:card\" content=\"summary_large_image\" \/>\n<meta name=\"twitter:image\" content=\"https:\/\/www.ladiagonale.net\/wp-content\/uploads\/2024\/09\/baloguncentenaire.png\" \/>\n<meta name=\"twitter:label1\" content=\"\u00c9crit par\" \/>\n\t<meta name=\"twitter:data1\" content=\"Damien Dellerba\" \/>\n\t<meta name=\"twitter:label2\" content=\"Dur\u00e9e de lecture estim\u00e9e\" \/>\n\t<meta name=\"twitter:data2\" content=\"1 minute\" \/>\n<script type=\"application\/ld+json\" class=\"yoast-schema-graph\">{\"@context\":\"https:\/\/schema.org\",\"@graph\":[{\"@type\":\"WebPage\",\"@id\":\"https:\/\/www.ladiagonale.net\/index.php\/2024\/12\/16\/balogun-sera-absent-quatre-mois\/\",\"url\":\"https:\/\/www.ladiagonale.net\/index.php\/2024\/12\/16\/balogun-sera-absent-quatre-mois\/\",\"name\":\"Balogun sera absent quatre mois - La Diagonale\",\"isPartOf\":{\"@id\":\"https:\/\/www.ladiagonale.net\/#website\"},\"datePublished\":\"2024-12-16T12:25:48+00:00\",\"dateModified\":\"2024-12-16T12:25:49+00:00\",\"author\":{\"@id\":\"https:\/\/www.ladiagonale.net\/#\/schema\/person\/79ff1e7b0853ed01b2aa26e64ad300bf\"},\"breadcrumb\":{\"@id\":\"https:\/\/www.ladiagonale.net\/index.php\/2024\/12\/16\/balogun-sera-absent-quatre-mois\/#breadcrumb\"},\"inLanguage\":\"fr-FR\",\"potentialAction\":[{\"@type\":\"ReadAction\",\"target\":[\"https:\/\/www.ladiagonale.net\/index.php\/2024\/12\/16\/balogun-sera-absent-quatre-mois\/\"]}]},{\"@type\":\"BreadcrumbList\",\"@id\":\"https:\/\/www.ladiagonale.net\/index.php\/2024\/12\/16\/balogun-sera-absent-quatre-mois\/#breadcrumb\",\"itemListElement\":[{\"@type\":\"ListItem\",\"position\":1,\"name\":\"Accueil\",\"item\":\"https:\/\/www.ladiagonale.net\/\"},{\"@type\":\"ListItem\",\"position\":2,\"name\":\"Balogun sera absent quatre mois\"}]},{\"@type\":\"WebSite\",\"@id\":\"https:\/\/www.ladiagonale.net\/#website\",\"url\":\"https:\/\/www.ladiagonale.net\/\",\"name\":\"La Diagonale\",\"description\":\"Le site des supporters de l&#039;AS Monaco FC\",\"potentialAction\":[{\"@type\":\"SearchAction\",\"target\":{\"@type\":\"EntryPoint\",\"urlTemplate\":\"https:\/\/www.ladiagonale.net\/?s={search_term_string}\"},\"query-input\":\"required name=search_term_string\"}],\"inLanguage\":\"fr-FR\"},{\"@type\":\"Person\",\"@id\":\"https:\/\/www.ladiagonale.net\/#\/schema\/person\/79ff1e7b0853ed01b2aa26e64ad300bf\",\"name\":\"Damien Dellerba\",\"image\":{\"@type\":\"ImageObject\",\"inLanguage\":\"fr-FR\",\"@id\":\"https:\/\/www.ladiagonale.net\/#\/schema\/person\/image\/\",\"url\":\"https:\/\/secure.gravatar.com\/avatar\/c7850e06d3ff63cdbaee88b7fc16e2f0?s=96&d=mm&r=g\",\"contentUrl\":\"https:\/\/secure.gravatar.com\/avatar\/c7850e06d3ff63cdbaee88b7fc16e2f0?s=96&d=mm&r=g\",\"caption\":\"Damien Dellerba\"},\"url\":\"https:\/\/www.ladiagonale.net\/index.php\/author\/damien\/\"}]}<\/script>\n<!-- \/ Yoast SEO plugin. -->","yoast_head_json":{"title":"Balogun sera absent quatre mois - La Diagonale","robots":{"index":"index","follow":"follow","max-snippet":"max-snippet:-1","max-image-preview":"max-image-preview:large","max-video-preview":"max-video-preview:-1"},"canonical":"https:\/\/www.ladiagonale.net\/index.php\/2024\/12\/16\/balogun-sera-absent-quatre-mois\/","og_locale":"fr_FR","og_type":"article","og_title":"Balogun sera absent quatre mois - La Diagonale","og_description":"Le couperet est tomb\u00e9 pour Folarin Balogun. Vendredi, Adi H\u00fctter avait fait savoir que l\u2019attaquant am\u00e9ricain serait absent pour environ trois mois. Une pr\u00e9vision finalement plus optimiste que pr\u00e9vu puisqu\u2019\u00e0 l\u2019occasion de la conf\u00e9rence de presse avant Paris, l\u2019Autrichien a \u00e9voqu\u00e9 un forfait pour les quatre prochains mois, rendant plus que jamais n\u00e9cessaire l\u2019arriv\u00e9e d\u2019une [...]","og_url":"https:\/\/www.ladiagonale.net\/index.php\/2024\/12\/16\/balogun-sera-absent-quatre-mois\/","og_site_name":"La Diagonale","article_published_time":"2024-12-16T12:25:48+00:00","article_modified_time":"2024-12-16T12:25:49+00:00","og_image":[{"width":1160,"height":650,"url":"https:\/\/www.ladiagonale.net\/wp-content\/uploads\/2024\/09\/baloguncentenaire.png","type":"image\/png"}],"author":"Damien Dellerba","twitter_card":"summary_large_image","twitter_image":"https:\/\/www.ladiagonale.net\/wp-content\/uploads\/2024\/09\/baloguncentenaire.png","twitter_misc":{"\u00c9crit par":"Damien Dellerba","Dur\u00e9e de lecture estim\u00e9e":"1 minute"},"schema":{"@context":"https:\/\/schema.org","@graph":[{"@type":"WebPage","@id":"https:\/\/www.ladiagonale.net\/index.php\/2024\/12\/16\/balogun-sera-absent-quatre-mois\/","url":"https:\/\/www.ladiagonale.net\/index.php\/2024\/12\/16\/balogun-sera-absent-quatre-mois\/","name":"Balogun sera absent quatre mois - La Diagonale","isPartOf":{"@id":"https:\/\/www.ladiagonale.net\/#website"},"datePublished":"2024-12-16T12:25:48+00:00","dateModified":"2024-12-16T12:25:49+00:00","author":{"@id":"https:\/\/www.ladiagonale.net\/#\/schema\/person\/79ff1e7b0853ed01b2aa26e64ad300bf"},"breadcrumb":{"@id":"https:\/\/www.ladiagonale.net\/index.php\/2024\/12\/16\/balogun-sera-absent-quatre-mois\/#breadcrumb"},"inLanguage":"fr-FR","potentialAction":[{"@type":"ReadAction","target":["https:\/\/www.ladiagonale.net\/index.php\/2024\/12\/16\/balogun-sera-absent-quatre-mois\/"]}]},{"@type":"BreadcrumbList","@id":"https:\/\/www.ladiagonale.net\/index.php\/2024\/12\/16\/balogun-sera-absent-quatre-mois\/#breadcrumb","itemListElement":[{"@type":"ListItem","position":1,"name":"Accueil","item":"https:\/\/www.ladiagonale.net\/"},{"@type":"ListItem","position":2,"name":"Balogun sera absent quatre mois"}]},{"@type":"WebSite","@id":"https:\/\/www.ladiagonale.net\/#website","url":"https:\/\/www.ladiagonale.net\/","name":"La Diagonale","description":"Le site des supporters de l&#039;AS Monaco FC","potentialAction":[{"@type":"SearchAction","target":{"@type":"EntryPoint","urlTemplate":"https:\/\/www.ladiagonale.net\/?s={search_term_string}"},"query-input":"required name=search_term_string"}],"inLanguage":"fr-FR"},{"@type":"Person","@id":"https:\/\/www.ladiagonale.net\/#\/schema\/person\/79ff1e7b0853ed01b2aa26e64ad300bf","name":"Damien Dellerba","image":{"@type":"ImageObject","inLanguage":"fr-FR","@id":"https:\/\/www.ladiagonale.net\/#\/schema\/person\/image\/","url":"https:\/\/secure.gravatar.com\/avatar\/c7850e06d3ff63cdbaee88b7fc16e2f0?s=96&d=mm&r=g","contentUrl":"https:\/\/secure.gravatar.com\/avatar\/c7850e06d3ff63cdbaee88b7fc16e2f0?s=96&d=mm&r=g","caption":"Damien Dellerba"},"url":"https:\/\/www.ladiagonale.net\/index.php\/author\/damien\/"}]}},"_links":{"self":[{"href":"https:\/\/www.ladiagonale.net\/index.php\/wp-json\/wp\/v2\/posts\/28353"}],"collection":[{"href":"https:\/\/www.ladiagonale.net\/index.php\/wp-json\/wp\/v2\/posts"}],"about":[{"href":"https:\/\/www.ladiagonale.net\/index.php\/wp-json\/wp\/v2\/types\/post"}],"author":[{"embeddable":true,"href":"https:\/\/www.ladiagonale.net\/index.php\/wp-json\/wp\/v2\/users\/2"}],"replies":[{"embeddable":true,"href":"https:\/\/www.ladiagonale.net\/index.php\/wp-json\/wp\/v2\/comments?post=28353"}],"version-history":[{"count":2,"href":"https:\/\/www.ladiagonale.net\/index.php\/wp-json\/wp\/v2\/posts\/28353\/revisions"}],"predecessor-version":[{"id":28355,"href":"https:\/\/www.ladiagonale.net\/index.php\/wp-json\/wp\/v2\/posts\/28353\/revisions\/28355"}],"wp:attachment":[{"href":"https:\/\/www.ladiagonale.net\/index.php\/wp-json\/wp\/v2\/media?parent=28353"}],"wp:term":[{"taxonomy":"category","embeddable":true,"href":"https:\/\/www.ladiagonale.net\/index.php\/wp-json\/wp\/v2\/categories?post=28353"},{"taxonomy":"post_tag","embeddable":true,"href":"https:\/\/www.ladiagonale.net\/index.php\/wp-json\/wp\/v2\/tags?post=28353"}],"curies":[{"name":"wp","href":"https:\/\/api.w.org\/{rel}","templated":true}]}}