{"id":28356,"date":"2024-12-16T13:44:38","date_gmt":"2024-12-16T12:44:38","guid":{"rendered":"https:\/\/www.ladiagonale.net\/?p=28356"},"modified":"2024-12-16T17:19:59","modified_gmt":"2024-12-16T16:19:59","slug":"mawissa-forfait-contre-paris-zakaria-incertain","status":"publish","type":"post","link":"https:\/\/www.ladiagonale.net\/index.php\/2024\/12\/16\/mawissa-forfait-contre-paris-zakaria-incertain\/","title":{"rendered":"Mawissa forfait contre Paris, Zakaria incertain (Actualis\u00e9)"},"content":{"rendered":"\n<p>Apr\u00e8s quatre mois de comp\u00e9tition, l\u2019infirmerie affiche complet du c\u00f4t\u00e9 de l\u2019AS Monaco tandis que Christian Mawissa vient d\u2019en rejoindre les rangs. Sorti \u00e0 la 77e minute du match contre Reims en se tenant l\u2019arri\u00e8re de la cuisse droite, l\u2019ancien Toulousain a \u00e9t\u00e9 annonc\u00e9 forfait par son entra\u00eeneur Adi H\u00fctter pour la r\u00e9ception de Paris ce mercredi. Il souffre de l&rsquo;ischio-jambier droit.<\/p>\n\n\n\n<p>Touch\u00e9 \u00e0 un ischio-jambier lors de l\u2019\u00e9chauffement contre Toulouse, Denis Zakaria est toujours incertain pour ce match. H\u00fctter et son staff prendront une d\u00e9cision mardi quant \u00e0 une \u00e9ventuelle participation du milieu de terrain suisse. <em>\u00ab&nbsp;Il s&rsquo;est entra\u00een\u00e9 hier<\/em> (dimanche), a indiqu\u00e9 H\u00fctter<em>. On doit voir avec lui et le staff m\u00e9dical s&rsquo;il joue, en prenant en compte le calendrier charg\u00e9 qui nous attend au mois de janvier.&nbsp;\u00bb<\/em><\/p>\n\n\n\n<p>S\u2019il venait \u00e0 manquer cette rencontre, il ne serait pas non plus amen\u00e9 \u00e0 jouer en Coupe de France dimanche, contre l\u2019Union Saint-Jean. En conf\u00e9rence de presse, le technicien mon\u00e9gasque a \u00e9galement confirm\u00e9 les forfaits de Radoslaw Majecki, Kr\u00e9pin Diatta et Edan Diop.<\/p>\n\n\n\n<p><strong>Actualisation :<\/strong> Selon <em>L&rsquo;\u00c9quipe<\/em>, Mawissa pourrait \u00eatre sur le flanc entre trois et quatre semaines. Il pourrait donc \u00e9galement \u00eatre forfait pour le Troph\u00e9e des champions, pr\u00e9vu le 5 janvier \u00e0 Doha (Qatar).<\/p>\n\n\n\n<p class=\"has-text-align-right\">Source : <em>Nice-Matin<\/em> et <em>L&rsquo;\u00c9quipe<\/em><\/p>\n","protected":false},"excerpt":{"rendered":"<p>Apr\u00e8s quatre mois de comp\u00e9tition, l\u2019infirmerie affiche complet du c\u00f4t\u00e9 de l\u2019AS Monaco tandis que Christian Mawissa vient d\u2019en rejoindre les rangs. Sorti \u00e0 la 77e minute du match contre Reims en se tenant l\u2019arri\u00e8re de la cuisse droite, l\u2019ancien Toulousain a \u00e9t\u00e9 annonc\u00e9 forfait par son entra\u00eeneur Adi H\u00fctter pour la r\u00e9ception de Paris [&#8230;]\n","protected":false},"author":2,"featured_media":0,"comment_status":"closed","ping_status":"open","sticky":false,"template":"","format":"standard","meta":[],"categories":[4,6],"tags":[86,826,631,196,786],"yoast_head":"<!-- This site is optimized with the Yoast SEO plugin v19.8 - https:\/\/yoast.com\/wordpress\/plugins\/seo\/ -->\n<title>Mawissa forfait contre Paris, Zakaria incertain (Actualis\u00e9) - La Diagonale<\/title>\n<meta name=\"robots\" content=\"index, follow, max-snippet:-1, max-image-preview:large, max-video-preview:-1\" \/>\n<link rel=\"canonical\" href=\"https:\/\/www.ladiagonale.net\/index.php\/2024\/12\/16\/mawissa-forfait-contre-paris-zakaria-incertain\/\" \/>\n<meta property=\"og:locale\" content=\"fr_FR\" \/>\n<meta property=\"og:type\" content=\"article\" \/>\n<meta property=\"og:title\" content=\"Mawissa forfait contre Paris, Zakaria incertain (Actualis\u00e9) - La Diagonale\" \/>\n<meta property=\"og:description\" content=\"Apr\u00e8s quatre mois de comp\u00e9tition, l\u2019infirmerie affiche complet du c\u00f4t\u00e9 de l\u2019AS Monaco tandis que Christian Mawissa vient d\u2019en rejoindre les rangs. Sorti \u00e0 la 77e minute du match contre Reims en se tenant l\u2019arri\u00e8re de la cuisse droite, l\u2019ancien Toulousain a \u00e9t\u00e9 annonc\u00e9 forfait par son entra\u00eeneur Adi H\u00fctter pour la r\u00e9ception de Paris [...]\" \/>\n<meta property=\"og:url\" content=\"https:\/\/www.ladiagonale.net\/index.php\/2024\/12\/16\/mawissa-forfait-contre-paris-zakaria-incertain\/\" \/>\n<meta property=\"og:site_name\" content=\"La Diagonale\" \/>\n<meta property=\"article:published_time\" content=\"2024-12-16T12:44:38+00:00\" \/>\n<meta property=\"article:modified_time\" content=\"2024-12-16T16:19:59+00:00\" \/>\n<meta property=\"og:image\" content=\"https:\/\/www.ladiagonale.net\/wp-content\/uploads\/2024\/12\/mawissa2.png\" \/>\n\t<meta property=\"og:image:width\" content=\"1160\" \/>\n\t<meta property=\"og:image:height\" content=\"650\" \/>\n\t<meta property=\"og:image:type\" content=\"image\/png\" \/>\n<meta name=\"author\" content=\"Damien Dellerba\" \/>\n<meta name=\"twitter:card\" content=\"summary_large_image\" \/>\n<meta name=\"twitter:image\" content=\"https:\/\/www.ladiagonale.net\/wp-content\/uploads\/2024\/12\/mawissa2.png\" \/>\n<meta name=\"twitter:label1\" content=\"\u00c9crit par\" \/>\n\t<meta name=\"twitter:data1\" content=\"Damien Dellerba\" \/>\n\t<meta name=\"twitter:label2\" content=\"Dur\u00e9e de lecture estim\u00e9e\" \/>\n\t<meta name=\"twitter:data2\" content=\"2 minutes\" \/>\n<script type=\"application\/ld+json\" class=\"yoast-schema-graph\">{\"@context\":\"https:\/\/schema.org\",\"@graph\":[{\"@type\":\"WebPage\",\"@id\":\"https:\/\/www.ladiagonale.net\/index.php\/2024\/12\/16\/mawissa-forfait-contre-paris-zakaria-incertain\/\",\"url\":\"https:\/\/www.ladiagonale.net\/index.php\/2024\/12\/16\/mawissa-forfait-contre-paris-zakaria-incertain\/\",\"name\":\"Mawissa forfait contre Paris, Zakaria incertain (Actualis\u00e9) - La Diagonale\",\"isPartOf\":{\"@id\":\"https:\/\/www.ladiagonale.net\/#website\"},\"datePublished\":\"2024-12-16T12:44:38+00:00\",\"dateModified\":\"2024-12-16T16:19:59+00:00\",\"author\":{\"@id\":\"https:\/\/www.ladiagonale.net\/#\/schema\/person\/79ff1e7b0853ed01b2aa26e64ad300bf\"},\"breadcrumb\":{\"@id\":\"https:\/\/www.ladiagonale.net\/index.php\/2024\/12\/16\/mawissa-forfait-contre-paris-zakaria-incertain\/#breadcrumb\"},\"inLanguage\":\"fr-FR\",\"potentialAction\":[{\"@type\":\"ReadAction\",\"target\":[\"https:\/\/www.ladiagonale.net\/index.php\/2024\/12\/16\/mawissa-forfait-contre-paris-zakaria-incertain\/\"]}]},{\"@type\":\"BreadcrumbList\",\"@id\":\"https:\/\/www.ladiagonale.net\/index.php\/2024\/12\/16\/mawissa-forfait-contre-paris-zakaria-incertain\/#breadcrumb\",\"itemListElement\":[{\"@type\":\"ListItem\",\"position\":1,\"name\":\"Accueil\",\"item\":\"https:\/\/www.ladiagonale.net\/\"},{\"@type\":\"ListItem\",\"position\":2,\"name\":\"Mawissa forfait contre Paris, Zakaria incertain (Actualis\u00e9)\"}]},{\"@type\":\"WebSite\",\"@id\":\"https:\/\/www.ladiagonale.net\/#website\",\"url\":\"https:\/\/www.ladiagonale.net\/\",\"name\":\"La Diagonale\",\"description\":\"Le site des supporters de l&#039;AS Monaco FC\",\"potentialAction\":[{\"@type\":\"SearchAction\",\"target\":{\"@type\":\"EntryPoint\",\"urlTemplate\":\"https:\/\/www.ladiagonale.net\/?s={search_term_string}\"},\"query-input\":\"required name=search_term_string\"}],\"inLanguage\":\"fr-FR\"},{\"@type\":\"Person\",\"@id\":\"https:\/\/www.ladiagonale.net\/#\/schema\/person\/79ff1e7b0853ed01b2aa26e64ad300bf\",\"name\":\"Damien Dellerba\",\"image\":{\"@type\":\"ImageObject\",\"inLanguage\":\"fr-FR\",\"@id\":\"https:\/\/www.ladiagonale.net\/#\/schema\/person\/image\/\",\"url\":\"https:\/\/secure.gravatar.com\/avatar\/c7850e06d3ff63cdbaee88b7fc16e2f0?s=96&d=mm&r=g\",\"contentUrl\":\"https:\/\/secure.gravatar.com\/avatar\/c7850e06d3ff63cdbaee88b7fc16e2f0?s=96&d=mm&r=g\",\"caption\":\"Damien Dellerba\"},\"url\":\"https:\/\/www.ladiagonale.net\/index.php\/author\/damien\/\"}]}<\/script>\n<!-- \/ Yoast SEO plugin. -->","yoast_head_json":{"title":"Mawissa forfait contre Paris, Zakaria incertain (Actualis\u00e9) - La Diagonale","robots":{"index":"index","follow":"follow","max-snippet":"max-snippet:-1","max-image-preview":"max-image-preview:large","max-video-preview":"max-video-preview:-1"},"canonical":"https:\/\/www.ladiagonale.net\/index.php\/2024\/12\/16\/mawissa-forfait-contre-paris-zakaria-incertain\/","og_locale":"fr_FR","og_type":"article","og_title":"Mawissa forfait contre Paris, Zakaria incertain (Actualis\u00e9) - La Diagonale","og_description":"Apr\u00e8s quatre mois de comp\u00e9tition, l\u2019infirmerie affiche complet du c\u00f4t\u00e9 de l\u2019AS Monaco tandis que Christian Mawissa vient d\u2019en rejoindre les rangs. Sorti \u00e0 la 77e minute du match contre Reims en se tenant l\u2019arri\u00e8re de la cuisse droite, l\u2019ancien Toulousain a \u00e9t\u00e9 annonc\u00e9 forfait par son entra\u00eeneur Adi H\u00fctter pour la r\u00e9ception de Paris [...]","og_url":"https:\/\/www.ladiagonale.net\/index.php\/2024\/12\/16\/mawissa-forfait-contre-paris-zakaria-incertain\/","og_site_name":"La Diagonale","article_published_time":"2024-12-16T12:44:38+00:00","article_modified_time":"2024-12-16T16:19:59+00:00","og_image":[{"width":1160,"height":650,"url":"https:\/\/www.ladiagonale.net\/wp-content\/uploads\/2024\/12\/mawissa2.png","type":"image\/png"}],"author":"Damien Dellerba","twitter_card":"summary_large_image","twitter_image":"https:\/\/www.ladiagonale.net\/wp-content\/uploads\/2024\/12\/mawissa2.png","twitter_misc":{"\u00c9crit par":"Damien Dellerba","Dur\u00e9e de lecture estim\u00e9e":"2 minutes"},"schema":{"@context":"https:\/\/schema.org","@graph":[{"@type":"WebPage","@id":"https:\/\/www.ladiagonale.net\/index.php\/2024\/12\/16\/mawissa-forfait-contre-paris-zakaria-incertain\/","url":"https:\/\/www.ladiagonale.net\/index.php\/2024\/12\/16\/mawissa-forfait-contre-paris-zakaria-incertain\/","name":"Mawissa forfait contre Paris, Zakaria incertain (Actualis\u00e9) - La Diagonale","isPartOf":{"@id":"https:\/\/www.ladiagonale.net\/#website"},"datePublished":"2024-12-16T12:44:38+00:00","dateModified":"2024-12-16T16:19:59+00:00","author":{"@id":"https:\/\/www.ladiagonale.net\/#\/schema\/person\/79ff1e7b0853ed01b2aa26e64ad300bf"},"breadcrumb":{"@id":"https:\/\/www.ladiagonale.net\/index.php\/2024\/12\/16\/mawissa-forfait-contre-paris-zakaria-incertain\/#breadcrumb"},"inLanguage":"fr-FR","potentialAction":[{"@type":"ReadAction","target":["https:\/\/www.ladiagonale.net\/index.php\/2024\/12\/16\/mawissa-forfait-contre-paris-zakaria-incertain\/"]}]},{"@type":"BreadcrumbList","@id":"https:\/\/www.ladiagonale.net\/index.php\/2024\/12\/16\/mawissa-forfait-contre-paris-zakaria-incertain\/#breadcrumb","itemListElement":[{"@type":"ListItem","position":1,"name":"Accueil","item":"https:\/\/www.ladiagonale.net\/"},{"@type":"ListItem","position":2,"name":"Mawissa forfait contre Paris, Zakaria incertain (Actualis\u00e9)"}]},{"@type":"WebSite","@id":"https:\/\/www.ladiagonale.net\/#website","url":"https:\/\/www.ladiagonale.net\/","name":"La Diagonale","description":"Le site des supporters de l&#039;AS Monaco FC","potentialAction":[{"@type":"SearchAction","target":{"@type":"EntryPoint","urlTemplate":"https:\/\/www.ladiagonale.net\/?s={search_term_string}"},"query-input":"required name=search_term_string"}],"inLanguage":"fr-FR"},{"@type":"Person","@id":"https:\/\/www.ladiagonale.net\/#\/schema\/person\/79ff1e7b0853ed01b2aa26e64ad300bf","name":"Damien Dellerba","image":{"@type":"ImageObject","inLanguage":"fr-FR","@id":"https:\/\/www.ladiagonale.net\/#\/schema\/person\/image\/","url":"https:\/\/secure.gravatar.com\/avatar\/c7850e06d3ff63cdbaee88b7fc16e2f0?s=96&d=mm&r=g","contentUrl":"https:\/\/secure.gravatar.com\/avatar\/c7850e06d3ff63cdbaee88b7fc16e2f0?s=96&d=mm&r=g","caption":"Damien Dellerba"},"url":"https:\/\/www.ladiagonale.net\/index.php\/author\/damien\/"}]}},"_links":{"self":[{"href":"https:\/\/www.ladiagonale.net\/index.php\/wp-json\/wp\/v2\/posts\/28356"}],"collection":[{"href":"https:\/\/www.ladiagonale.net\/index.php\/wp-json\/wp\/v2\/posts"}],"about":[{"href":"https:\/\/www.ladiagonale.net\/index.php\/wp-json\/wp\/v2\/types\/post"}],"author":[{"embeddable":true,"href":"https:\/\/www.ladiagonale.net\/index.php\/wp-json\/wp\/v2\/users\/2"}],"replies":[{"embeddable":true,"href":"https:\/\/www.ladiagonale.net\/index.php\/wp-json\/wp\/v2\/comments?post=28356"}],"version-history":[{"count":4,"href":"https:\/\/www.ladiagonale.net\/index.php\/wp-json\/wp\/v2\/posts\/28356\/revisions"}],"predecessor-version":[{"id":28369,"href":"https:\/\/www.ladiagonale.net\/index.php\/wp-json\/wp\/v2\/posts\/28356\/revisions\/28369"}],"wp:attachment":[{"href":"https:\/\/www.ladiagonale.net\/index.php\/wp-json\/wp\/v2\/media?parent=28356"}],"wp:term":[{"taxonomy":"category","embeddable":true,"href":"https:\/\/www.ladiagonale.net\/index.php\/wp-json\/wp\/v2\/categories?post=28356"},{"taxonomy":"post_tag","embeddable":true,"href":"https:\/\/www.ladiagonale.net\/index.php\/wp-json\/wp\/v2\/tags?post=28356"}],"curies":[{"name":"wp","href":"https:\/\/api.w.org\/{rel}","templated":true}]}}