{"id":28359,"date":"2024-12-16T14:43:06","date_gmt":"2024-12-16T13:43:06","guid":{"rendered":"https:\/\/www.ladiagonale.net\/?p=28359"},"modified":"2024-12-16T14:43:07","modified_gmt":"2024-12-16T13:43:07","slug":"hutter-reagit-a-la-rumeur-kolo-muani","status":"publish","type":"post","link":"https:\/\/www.ladiagonale.net\/index.php\/2024\/12\/16\/hutter-reagit-a-la-rumeur-kolo-muani\/","title":{"rendered":"H\u00fctter r\u00e9agit \u00e0 la rumeur Kolo Muani"},"content":{"rendered":"\n<p>Au d\u00e9tour d\u2019une formulation un peu vague, <em>L\u2019\u00c9quipe<\/em> a laiss\u00e9 entendre un potentiel int\u00e9r\u00eat de l\u2019AS Monaco pour Randal Kolo Muani. L\u2019attaquant de 26 ans, devenu ind\u00e9sirable au Paris Saint-Germain o\u00f9 il s&rsquo;\u00e9tait engag\u00e9 jusqu&rsquo;en 2028 pour 95 millions d&rsquo;euros, devrait trouver un nouveau point de chute en janvier et pourrait \u00eatre une solution pour l&rsquo;ASM afin de compenser l&rsquo;absence de Folarin Balogun <a href=\"https:\/\/www.ladiagonale.net\/index.php\/2024\/12\/16\/balogun-sera-absent-quatre-mois\/\" target=\"_blank\" rel=\"noreferrer noopener\">au cours des quatre prochains mois<\/a>. Il n&rsquo;en fallait en tout cas pas plus pour lancer les rumeurs et Adi H\u00fctter y a r\u00e9pondu en conf\u00e9rence de presse.<\/p>\n\n\n\n<p><em>\u00ab\u00a0Avec la blessure de Folarin<\/em> (Balogun)<em>, c&rsquo;est notre travail d&rsquo;ouvrir les yeux pour voir ce qu&rsquo;on peut faire au mercato,<\/em> a indiqu\u00e9 l&rsquo;Autrichien, dans des propos relay\u00e9s par <em>L&rsquo;\u00c9quipe<\/em>. <em>Tout le monde sait que ce n&rsquo;est jamais facile de recruter en hiver. Kolo Muani\u00a0? Ce serait bien<\/em> (Il sourit) <em>! Mais on doit \u00eatre honn\u00eate&#8230; Il y a beaucoup d&rsquo;attaquants en Europe qui pourraient nous aider. <\/em><\/p>\n\n\n\n<p>H\u00fctter semble en tout cas appr\u00e9cier le profil du joueur, tr\u00e8s d\u00e9cri\u00e9 depuis son arriv\u00e9e dans la capitale parisienne : <em>\u00abJe connais Kolo Muani depuis son passage \u00e0 Francfort, il y a marqu\u00e9 beaucoup de buts, ils \u00e9taient tr\u00e8s bons. \u00c7a pourrait \u00eatre un profil. Mais il y a beaucoup de choses qui entrent en compte. Et surtout il n&rsquo;est pas l&rsquo;un des moins chers\u00a0! On doit trouver une bonne solution pour la 2e partie de la saison. On a des profils en t\u00eate. On doit trouver quelqu&rsquo;un qui sait marquer des buts. Peu importe son \u00e2ge.\u00a0\u00bb<\/em><\/p>\n\n\n\n<p>Selon le quotidien, Leipzig et Manchester United seraient notamment sur les rangs. De son c\u00f4t\u00e9, Monaco ne serait pas enclin \u00e0 d\u00e9penser beaucoup pour un choix plut\u00f4t \u00e0 court-terme et voudrait privil\u00e9gier un pr\u00eat d&rsquo;un attaquant cet hiver.<\/p>\n","protected":false},"excerpt":{"rendered":"<p>Au d\u00e9tour d\u2019une formulation un peu vague, L\u2019\u00c9quipe a laiss\u00e9 entendre un potentiel int\u00e9r\u00eat de l\u2019AS Monaco pour Randal Kolo Muani. L\u2019attaquant de 26 ans, devenu ind\u00e9sirable au Paris Saint-Germain o\u00f9 il s&rsquo;\u00e9tait engag\u00e9 jusqu&rsquo;en 2028 pour 95 millions d&rsquo;euros, devrait trouver un nouveau point de chute en janvier et pourrait \u00eatre une solution pour [&#8230;]\n","protected":false},"author":2,"featured_media":0,"comment_status":"closed","ping_status":"open","sticky":false,"template":"","format":"standard","meta":[],"categories":[4,6],"tags":[576,86,111,742,110],"yoast_head":"<!-- This site is optimized with the Yoast SEO plugin v19.8 - https:\/\/yoast.com\/wordpress\/plugins\/seo\/ -->\n<title>H\u00fctter r\u00e9agit \u00e0 la rumeur Kolo Muani - La Diagonale<\/title>\n<meta name=\"robots\" content=\"index, follow, max-snippet:-1, max-image-preview:large, max-video-preview:-1\" \/>\n<link rel=\"canonical\" href=\"https:\/\/www.ladiagonale.net\/index.php\/2024\/12\/16\/hutter-reagit-a-la-rumeur-kolo-muani\/\" \/>\n<meta property=\"og:locale\" content=\"fr_FR\" \/>\n<meta property=\"og:type\" content=\"article\" \/>\n<meta property=\"og:title\" content=\"H\u00fctter r\u00e9agit \u00e0 la rumeur Kolo Muani - La Diagonale\" \/>\n<meta property=\"og:description\" content=\"Au d\u00e9tour d\u2019une formulation un peu vague, L\u2019\u00c9quipe a laiss\u00e9 entendre un potentiel int\u00e9r\u00eat de l\u2019AS Monaco pour Randal Kolo Muani. L\u2019attaquant de 26 ans, devenu ind\u00e9sirable au Paris Saint-Germain o\u00f9 il s&rsquo;\u00e9tait engag\u00e9 jusqu&rsquo;en 2028 pour 95 millions d&rsquo;euros, devrait trouver un nouveau point de chute en janvier et pourrait \u00eatre une solution pour [...]\" \/>\n<meta property=\"og:url\" content=\"https:\/\/www.ladiagonale.net\/index.php\/2024\/12\/16\/hutter-reagit-a-la-rumeur-kolo-muani\/\" \/>\n<meta property=\"og:site_name\" content=\"La Diagonale\" \/>\n<meta property=\"article:published_time\" content=\"2024-12-16T13:43:06+00:00\" \/>\n<meta property=\"article:modified_time\" content=\"2024-12-16T13:43:07+00:00\" \/>\n<meta property=\"og:image\" content=\"https:\/\/www.ladiagonale.net\/wp-content\/uploads\/2024\/12\/RKM.png\" \/>\n\t<meta property=\"og:image:width\" content=\"1160\" \/>\n\t<meta property=\"og:image:height\" content=\"650\" \/>\n\t<meta property=\"og:image:type\" content=\"image\/png\" \/>\n<meta name=\"author\" content=\"Damien Dellerba\" \/>\n<meta name=\"twitter:card\" content=\"summary_large_image\" \/>\n<meta name=\"twitter:image\" content=\"https:\/\/www.ladiagonale.net\/wp-content\/uploads\/2024\/12\/RKM.png\" \/>\n<meta name=\"twitter:label1\" content=\"\u00c9crit par\" \/>\n\t<meta name=\"twitter:data1\" content=\"Damien Dellerba\" \/>\n\t<meta name=\"twitter:label2\" content=\"Dur\u00e9e de lecture estim\u00e9e\" \/>\n\t<meta name=\"twitter:data2\" content=\"2 minutes\" \/>\n<script type=\"application\/ld+json\" class=\"yoast-schema-graph\">{\"@context\":\"https:\/\/schema.org\",\"@graph\":[{\"@type\":\"WebPage\",\"@id\":\"https:\/\/www.ladiagonale.net\/index.php\/2024\/12\/16\/hutter-reagit-a-la-rumeur-kolo-muani\/\",\"url\":\"https:\/\/www.ladiagonale.net\/index.php\/2024\/12\/16\/hutter-reagit-a-la-rumeur-kolo-muani\/\",\"name\":\"H\u00fctter r\u00e9agit \u00e0 la rumeur Kolo Muani - La Diagonale\",\"isPartOf\":{\"@id\":\"https:\/\/www.ladiagonale.net\/#website\"},\"datePublished\":\"2024-12-16T13:43:06+00:00\",\"dateModified\":\"2024-12-16T13:43:07+00:00\",\"author\":{\"@id\":\"https:\/\/www.ladiagonale.net\/#\/schema\/person\/79ff1e7b0853ed01b2aa26e64ad300bf\"},\"breadcrumb\":{\"@id\":\"https:\/\/www.ladiagonale.net\/index.php\/2024\/12\/16\/hutter-reagit-a-la-rumeur-kolo-muani\/#breadcrumb\"},\"inLanguage\":\"fr-FR\",\"potentialAction\":[{\"@type\":\"ReadAction\",\"target\":[\"https:\/\/www.ladiagonale.net\/index.php\/2024\/12\/16\/hutter-reagit-a-la-rumeur-kolo-muani\/\"]}]},{\"@type\":\"BreadcrumbList\",\"@id\":\"https:\/\/www.ladiagonale.net\/index.php\/2024\/12\/16\/hutter-reagit-a-la-rumeur-kolo-muani\/#breadcrumb\",\"itemListElement\":[{\"@type\":\"ListItem\",\"position\":1,\"name\":\"Accueil\",\"item\":\"https:\/\/www.ladiagonale.net\/\"},{\"@type\":\"ListItem\",\"position\":2,\"name\":\"H\u00fctter r\u00e9agit \u00e0 la rumeur Kolo Muani\"}]},{\"@type\":\"WebSite\",\"@id\":\"https:\/\/www.ladiagonale.net\/#website\",\"url\":\"https:\/\/www.ladiagonale.net\/\",\"name\":\"La Diagonale\",\"description\":\"Le site des supporters de l&#039;AS Monaco FC\",\"potentialAction\":[{\"@type\":\"SearchAction\",\"target\":{\"@type\":\"EntryPoint\",\"urlTemplate\":\"https:\/\/www.ladiagonale.net\/?s={search_term_string}\"},\"query-input\":\"required name=search_term_string\"}],\"inLanguage\":\"fr-FR\"},{\"@type\":\"Person\",\"@id\":\"https:\/\/www.ladiagonale.net\/#\/schema\/person\/79ff1e7b0853ed01b2aa26e64ad300bf\",\"name\":\"Damien Dellerba\",\"image\":{\"@type\":\"ImageObject\",\"inLanguage\":\"fr-FR\",\"@id\":\"https:\/\/www.ladiagonale.net\/#\/schema\/person\/image\/\",\"url\":\"https:\/\/secure.gravatar.com\/avatar\/c7850e06d3ff63cdbaee88b7fc16e2f0?s=96&d=mm&r=g\",\"contentUrl\":\"https:\/\/secure.gravatar.com\/avatar\/c7850e06d3ff63cdbaee88b7fc16e2f0?s=96&d=mm&r=g\",\"caption\":\"Damien Dellerba\"},\"url\":\"https:\/\/www.ladiagonale.net\/index.php\/author\/damien\/\"}]}<\/script>\n<!-- \/ Yoast SEO plugin. -->","yoast_head_json":{"title":"H\u00fctter r\u00e9agit \u00e0 la rumeur Kolo Muani - La Diagonale","robots":{"index":"index","follow":"follow","max-snippet":"max-snippet:-1","max-image-preview":"max-image-preview:large","max-video-preview":"max-video-preview:-1"},"canonical":"https:\/\/www.ladiagonale.net\/index.php\/2024\/12\/16\/hutter-reagit-a-la-rumeur-kolo-muani\/","og_locale":"fr_FR","og_type":"article","og_title":"H\u00fctter r\u00e9agit \u00e0 la rumeur Kolo Muani - La Diagonale","og_description":"Au d\u00e9tour d\u2019une formulation un peu vague, L\u2019\u00c9quipe a laiss\u00e9 entendre un potentiel int\u00e9r\u00eat de l\u2019AS Monaco pour Randal Kolo Muani. L\u2019attaquant de 26 ans, devenu ind\u00e9sirable au Paris Saint-Germain o\u00f9 il s&rsquo;\u00e9tait engag\u00e9 jusqu&rsquo;en 2028 pour 95 millions d&rsquo;euros, devrait trouver un nouveau point de chute en janvier et pourrait \u00eatre une solution pour [...]","og_url":"https:\/\/www.ladiagonale.net\/index.php\/2024\/12\/16\/hutter-reagit-a-la-rumeur-kolo-muani\/","og_site_name":"La Diagonale","article_published_time":"2024-12-16T13:43:06+00:00","article_modified_time":"2024-12-16T13:43:07+00:00","og_image":[{"width":1160,"height":650,"url":"https:\/\/www.ladiagonale.net\/wp-content\/uploads\/2024\/12\/RKM.png","type":"image\/png"}],"author":"Damien Dellerba","twitter_card":"summary_large_image","twitter_image":"https:\/\/www.ladiagonale.net\/wp-content\/uploads\/2024\/12\/RKM.png","twitter_misc":{"\u00c9crit par":"Damien Dellerba","Dur\u00e9e de lecture estim\u00e9e":"2 minutes"},"schema":{"@context":"https:\/\/schema.org","@graph":[{"@type":"WebPage","@id":"https:\/\/www.ladiagonale.net\/index.php\/2024\/12\/16\/hutter-reagit-a-la-rumeur-kolo-muani\/","url":"https:\/\/www.ladiagonale.net\/index.php\/2024\/12\/16\/hutter-reagit-a-la-rumeur-kolo-muani\/","name":"H\u00fctter r\u00e9agit \u00e0 la rumeur Kolo Muani - La Diagonale","isPartOf":{"@id":"https:\/\/www.ladiagonale.net\/#website"},"datePublished":"2024-12-16T13:43:06+00:00","dateModified":"2024-12-16T13:43:07+00:00","author":{"@id":"https:\/\/www.ladiagonale.net\/#\/schema\/person\/79ff1e7b0853ed01b2aa26e64ad300bf"},"breadcrumb":{"@id":"https:\/\/www.ladiagonale.net\/index.php\/2024\/12\/16\/hutter-reagit-a-la-rumeur-kolo-muani\/#breadcrumb"},"inLanguage":"fr-FR","potentialAction":[{"@type":"ReadAction","target":["https:\/\/www.ladiagonale.net\/index.php\/2024\/12\/16\/hutter-reagit-a-la-rumeur-kolo-muani\/"]}]},{"@type":"BreadcrumbList","@id":"https:\/\/www.ladiagonale.net\/index.php\/2024\/12\/16\/hutter-reagit-a-la-rumeur-kolo-muani\/#breadcrumb","itemListElement":[{"@type":"ListItem","position":1,"name":"Accueil","item":"https:\/\/www.ladiagonale.net\/"},{"@type":"ListItem","position":2,"name":"H\u00fctter r\u00e9agit \u00e0 la rumeur Kolo Muani"}]},{"@type":"WebSite","@id":"https:\/\/www.ladiagonale.net\/#website","url":"https:\/\/www.ladiagonale.net\/","name":"La Diagonale","description":"Le site des supporters de l&#039;AS Monaco FC","potentialAction":[{"@type":"SearchAction","target":{"@type":"EntryPoint","urlTemplate":"https:\/\/www.ladiagonale.net\/?s={search_term_string}"},"query-input":"required name=search_term_string"}],"inLanguage":"fr-FR"},{"@type":"Person","@id":"https:\/\/www.ladiagonale.net\/#\/schema\/person\/79ff1e7b0853ed01b2aa26e64ad300bf","name":"Damien Dellerba","image":{"@type":"ImageObject","inLanguage":"fr-FR","@id":"https:\/\/www.ladiagonale.net\/#\/schema\/person\/image\/","url":"https:\/\/secure.gravatar.com\/avatar\/c7850e06d3ff63cdbaee88b7fc16e2f0?s=96&d=mm&r=g","contentUrl":"https:\/\/secure.gravatar.com\/avatar\/c7850e06d3ff63cdbaee88b7fc16e2f0?s=96&d=mm&r=g","caption":"Damien Dellerba"},"url":"https:\/\/www.ladiagonale.net\/index.php\/author\/damien\/"}]}},"_links":{"self":[{"href":"https:\/\/www.ladiagonale.net\/index.php\/wp-json\/wp\/v2\/posts\/28359"}],"collection":[{"href":"https:\/\/www.ladiagonale.net\/index.php\/wp-json\/wp\/v2\/posts"}],"about":[{"href":"https:\/\/www.ladiagonale.net\/index.php\/wp-json\/wp\/v2\/types\/post"}],"author":[{"embeddable":true,"href":"https:\/\/www.ladiagonale.net\/index.php\/wp-json\/wp\/v2\/users\/2"}],"replies":[{"embeddable":true,"href":"https:\/\/www.ladiagonale.net\/index.php\/wp-json\/wp\/v2\/comments?post=28359"}],"version-history":[{"count":2,"href":"https:\/\/www.ladiagonale.net\/index.php\/wp-json\/wp\/v2\/posts\/28359\/revisions"}],"predecessor-version":[{"id":28362,"href":"https:\/\/www.ladiagonale.net\/index.php\/wp-json\/wp\/v2\/posts\/28359\/revisions\/28362"}],"wp:attachment":[{"href":"https:\/\/www.ladiagonale.net\/index.php\/wp-json\/wp\/v2\/media?parent=28359"}],"wp:term":[{"taxonomy":"category","embeddable":true,"href":"https:\/\/www.ladiagonale.net\/index.php\/wp-json\/wp\/v2\/categories?post=28359"},{"taxonomy":"post_tag","embeddable":true,"href":"https:\/\/www.ladiagonale.net\/index.php\/wp-json\/wp\/v2\/tags?post=28359"}],"curies":[{"name":"wp","href":"https:\/\/api.w.org\/{rel}","templated":true}]}}