{"id":28370,"date":"2024-12-16T18:01:52","date_gmt":"2024-12-16T17:01:52","guid":{"rendered":"https:\/\/www.ladiagonale.net\/?p=28370"},"modified":"2024-12-16T18:01:53","modified_gmt":"2024-12-16T17:01:53","slug":"akliouche-jai-une-marge-de-progression-enorme","status":"publish","type":"post","link":"https:\/\/www.ladiagonale.net\/index.php\/2024\/12\/16\/akliouche-jai-une-marge-de-progression-enorme\/","title":{"rendered":"Akliouche : \u00ab\u00a0J\u2019ai une marge de progression \u00e9norme\u00a0\u00bb"},"content":{"rendered":"\n\n\n<p>Maghnes Akliouche s\u2019est pr\u00e9sent\u00e9 en conf\u00e9rence de presse ce lundi pour \u00e9voquer la rencontre \u00e0 venir face au Paris Saint-Germain. \u00ab\u00a0<em>Paris sera un match important face \u00e0 une grande \u00e9quipe<\/em>, a-t-il commenc\u00e9. <em>Ils font de bonnes choses en championnat et sont invaincus. On sait que ce ne sera pas facile mais on va se donner les moyens de faire une bonne prestation pour aller chercher un r\u00e9sultat. C\u2019est \u00e9galement une \u00e9quipe qui joue la Ligue des Champions. Ce sera donc un match \u00e0 haute intensit\u00e9 avec de grands joueurs en face.<\/em>\u00a0\u00bb<\/p>\n\n\n\n<p>Pour beaucoup, ce Monaco-PSG peut repr\u00e9senter un match entre un favori et un outsider pour le titre. Mais l\u2019\u00e9cart est grand et Akliouche ne l\u2019envisage pas sous cet angle : \u00ab\u00a0<em>On ne se concentre pas sur \u00e7a. Notre objectif est clair, c\u2019est celui d\u2019\u00eatre sur le podium en Ligue 1 en fin de saison. Bien s\u00fbr, nous avons des ambitions \u00e9lev\u00e9es, et si on peut aller chercher le titre, on ira l\u2019obtenir. Mais le but est de gagner tous les matchs et celui de Paris est important. Comme je l\u2019ai dit, on va bien pr\u00e9parer cette rencontre et on donnera le maximum pour aller chercher les trois points.<\/em>\u00a0\u00bb<\/p>\n\n\n\n<p>L\u2019international Espoirs, r\u00e9guli\u00e8rement lou\u00e9 par son entra\u00eeneur Adi H\u00fctter, a aussi \u00e9voqu\u00e9 sa progression et estime qu\u2019il est loin d\u2019avoir atteint son plein potentiel : \u00ab\u00a0<em>C\u2019est l\u2019objectif de progresser ici, j\u2019ai tout pour. On m\u2019aide beaucoup au quotidien, j\u2019essaie de rendre cette confiance sur le terrain. Le but est donc d\u2019essayer de faire de bonnes choses et d\u2019\u00eatre dans une constante \u00e9volution. (\u2026) Je pense que je peux encore progresser partout. Il faut que je continue \u00e0 m\u2019am\u00e9liorer sur ma capacit\u00e9 \u00e0 r\u00e9p\u00e9ter les efforts sur le terrain. J\u2019ai une marge de progression \u00e9norme dans plein de domaines.<\/em>\u00a0\u00bb<\/p>\n\n\n\n<h3>Il ne se fixe pas d\u2019objectifs statistiques<\/h3>\n\n\n\n<p>Les matches jou\u00e9s r\u00e9cemment, en Ligue des champions, permettent aussi de progresser plus vite :\u00a0\u00ab\u00a0<em>Ce sont des matchs que l\u2019on garde \u00e0 l\u2019esprit et qu\u2019on regarde plusieurs fois car on apprend \u00e9norm\u00e9ment de choses, de par l\u2019adversaire ou l\u2019atmosph\u00e8re et le fait d\u2019affronter de grandes \u00e9quipes europ\u00e9ennes. (\u2026) Cela nous aide \u00e0 grandir et \u00e0 \u00e9voluer sur le plan personnel. C\u2019est une bonne exp\u00e9rience pour nous. On sait que ce sont des matchs tr\u00e8s regard\u00e9s et tr\u00e8s observ\u00e9s. C\u2019est parfois plus compliqu\u00e9 quand tu es un jeune joueur. On en aura d\u2019autres cette saison en Ligue des champions pour r\u00e9pondre pr\u00e9sent.<\/em>\u00a0\u00bb<\/p>\n\n\n\n<p>Le calendrier, plus dense, est aussi une donn\u00e9e nouvelle qu\u2019il faut g\u00e9rer : \u00ab\u00a0<em>Cela fait partie des choses sur lesquelles on doit \u00eatre capables de s\u2019adapter, c\u2019est ce que l\u2019on a fait sur ces six premiers mois. Jouer tous les 3 jours est nouveau pour beaucoup dans cette \u00e9quipe, mais c\u2019est ce que l\u2019on voulait, donc nous sommes contents de \u00e7a. Nos corps s\u2019habituent mentalement et physiquement, et petit \u00e0 petit, c\u2019est int\u00e9ressant pour nous. Ce n\u2019est que du bon et j\u2019esp\u00e8re qu\u2019on pourra continuer \u00e0 performer avec ce rythme assez soutenu. Je ne suis plus si jeune, j\u2019ai 22 ans, je me dois donc de le faire.<\/em>\u00a0\u00bb<\/p>\n\n\n\n<p>Contrairement \u00e0 Eliesse Ben Seghir, qui veut atteindre les dix buts et les dix passes d\u00e9cisives cette saison, Maghnes Akliouche ne vise pas un chiffre en particulier : \u00ab\u00a0<em>Honn\u00eatement, je ne me mets pas trop d\u2019objectifs statistiques car cela peut mettre une certaine limite. Je sais que je suis capable d\u2019avoir de bonnes statistiques, donc je vais donner le maximum pour en avoir et aider l\u2019\u00e9quipe par rapport \u00e0 \u00e7a.<\/em>\u00a0\u00bb Il a tout de m\u00eame avou\u00e9 qu\u2019il pouvait \u00ab<em>\u00a0faire beaucoup mieux<\/em>\u00a0\u00bb sur ce point.<\/p>\n","protected":false},"excerpt":{"rendered":"<p>Maghnes Akliouche s\u2019est pr\u00e9sent\u00e9 en conf\u00e9rence de presse ce lundi pour \u00e9voquer la rencontre \u00e0 venir face au Paris Saint-Germain. \u00ab\u00a0Paris sera un match important face \u00e0 une grande \u00e9quipe, a-t-il commenc\u00e9. Ils font de bonnes choses en championnat et sont invaincus. On sait que ce ne sera pas facile mais on va se donner [&#8230;]\n","protected":false},"author":2,"featured_media":0,"comment_status":"open","ping_status":"open","sticky":false,"template":"","format":"standard","meta":[],"categories":[6],"tags":[86,94,190,786],"yoast_head":"<!-- This site is optimized with the Yoast SEO plugin v19.8 - https:\/\/yoast.com\/wordpress\/plugins\/seo\/ -->\n<title>Akliouche : \u00ab\u00a0J\u2019ai une marge de progression \u00e9norme\u00a0\u00bb - La Diagonale<\/title>\n<meta name=\"robots\" content=\"index, follow, max-snippet:-1, max-image-preview:large, max-video-preview:-1\" \/>\n<link rel=\"canonical\" href=\"https:\/\/www.ladiagonale.net\/index.php\/2024\/12\/16\/akliouche-jai-une-marge-de-progression-enorme\/\" \/>\n<meta property=\"og:locale\" content=\"fr_FR\" \/>\n<meta property=\"og:type\" content=\"article\" \/>\n<meta property=\"og:title\" content=\"Akliouche : \u00ab\u00a0J\u2019ai une marge de progression \u00e9norme\u00a0\u00bb - La Diagonale\" \/>\n<meta property=\"og:description\" content=\"Maghnes Akliouche s\u2019est pr\u00e9sent\u00e9 en conf\u00e9rence de presse ce lundi pour \u00e9voquer la rencontre \u00e0 venir face au Paris Saint-Germain. \u00ab\u00a0Paris sera un match important face \u00e0 une grande \u00e9quipe, a-t-il commenc\u00e9. Ils font de bonnes choses en championnat et sont invaincus. On sait que ce ne sera pas facile mais on va se donner [...]\" \/>\n<meta property=\"og:url\" content=\"https:\/\/www.ladiagonale.net\/index.php\/2024\/12\/16\/akliouche-jai-une-marge-de-progression-enorme\/\" \/>\n<meta property=\"og:site_name\" content=\"La Diagonale\" \/>\n<meta property=\"article:published_time\" content=\"2024-12-16T17:01:52+00:00\" \/>\n<meta property=\"article:modified_time\" content=\"2024-12-16T17:01:53+00:00\" \/>\n<meta property=\"og:image\" content=\"https:\/\/www.ladiagonale.net\/wp-content\/uploads\/2024\/10\/akliouche.jpg\" \/>\n\t<meta property=\"og:image:width\" content=\"1160\" \/>\n\t<meta property=\"og:image:height\" content=\"650\" \/>\n\t<meta property=\"og:image:type\" content=\"image\/jpeg\" \/>\n<meta name=\"author\" content=\"Damien Dellerba\" \/>\n<meta name=\"twitter:card\" content=\"summary_large_image\" \/>\n<meta name=\"twitter:image\" content=\"https:\/\/www.ladiagonale.net\/wp-content\/uploads\/2024\/10\/akliouche.jpg\" \/>\n<meta name=\"twitter:label1\" content=\"\u00c9crit par\" \/>\n\t<meta name=\"twitter:data1\" content=\"Damien Dellerba\" \/>\n\t<meta name=\"twitter:label2\" content=\"Dur\u00e9e de lecture estim\u00e9e\" \/>\n\t<meta name=\"twitter:data2\" content=\"4 minutes\" \/>\n<script type=\"application\/ld+json\" class=\"yoast-schema-graph\">{\"@context\":\"https:\/\/schema.org\",\"@graph\":[{\"@type\":\"WebPage\",\"@id\":\"https:\/\/www.ladiagonale.net\/index.php\/2024\/12\/16\/akliouche-jai-une-marge-de-progression-enorme\/\",\"url\":\"https:\/\/www.ladiagonale.net\/index.php\/2024\/12\/16\/akliouche-jai-une-marge-de-progression-enorme\/\",\"name\":\"Akliouche : \u00ab\u00a0J\u2019ai une marge de progression \u00e9norme\u00a0\u00bb - La Diagonale\",\"isPartOf\":{\"@id\":\"https:\/\/www.ladiagonale.net\/#website\"},\"datePublished\":\"2024-12-16T17:01:52+00:00\",\"dateModified\":\"2024-12-16T17:01:53+00:00\",\"author\":{\"@id\":\"https:\/\/www.ladiagonale.net\/#\/schema\/person\/79ff1e7b0853ed01b2aa26e64ad300bf\"},\"breadcrumb\":{\"@id\":\"https:\/\/www.ladiagonale.net\/index.php\/2024\/12\/16\/akliouche-jai-une-marge-de-progression-enorme\/#breadcrumb\"},\"inLanguage\":\"fr-FR\",\"potentialAction\":[{\"@type\":\"ReadAction\",\"target\":[\"https:\/\/www.ladiagonale.net\/index.php\/2024\/12\/16\/akliouche-jai-une-marge-de-progression-enorme\/\"]}]},{\"@type\":\"BreadcrumbList\",\"@id\":\"https:\/\/www.ladiagonale.net\/index.php\/2024\/12\/16\/akliouche-jai-une-marge-de-progression-enorme\/#breadcrumb\",\"itemListElement\":[{\"@type\":\"ListItem\",\"position\":1,\"name\":\"Accueil\",\"item\":\"https:\/\/www.ladiagonale.net\/\"},{\"@type\":\"ListItem\",\"position\":2,\"name\":\"Akliouche : \u00ab\u00a0J\u2019ai une marge de progression \u00e9norme\u00a0\u00bb\"}]},{\"@type\":\"WebSite\",\"@id\":\"https:\/\/www.ladiagonale.net\/#website\",\"url\":\"https:\/\/www.ladiagonale.net\/\",\"name\":\"La Diagonale\",\"description\":\"Le site des supporters de l&#039;AS Monaco FC\",\"potentialAction\":[{\"@type\":\"SearchAction\",\"target\":{\"@type\":\"EntryPoint\",\"urlTemplate\":\"https:\/\/www.ladiagonale.net\/?s={search_term_string}\"},\"query-input\":\"required name=search_term_string\"}],\"inLanguage\":\"fr-FR\"},{\"@type\":\"Person\",\"@id\":\"https:\/\/www.ladiagonale.net\/#\/schema\/person\/79ff1e7b0853ed01b2aa26e64ad300bf\",\"name\":\"Damien Dellerba\",\"image\":{\"@type\":\"ImageObject\",\"inLanguage\":\"fr-FR\",\"@id\":\"https:\/\/www.ladiagonale.net\/#\/schema\/person\/image\/\",\"url\":\"https:\/\/secure.gravatar.com\/avatar\/c7850e06d3ff63cdbaee88b7fc16e2f0?s=96&d=mm&r=g\",\"contentUrl\":\"https:\/\/secure.gravatar.com\/avatar\/c7850e06d3ff63cdbaee88b7fc16e2f0?s=96&d=mm&r=g\",\"caption\":\"Damien Dellerba\"},\"url\":\"https:\/\/www.ladiagonale.net\/index.php\/author\/damien\/\"}]}<\/script>\n<!-- \/ Yoast SEO plugin. -->","yoast_head_json":{"title":"Akliouche : \u00ab\u00a0J\u2019ai une marge de progression \u00e9norme\u00a0\u00bb - La Diagonale","robots":{"index":"index","follow":"follow","max-snippet":"max-snippet:-1","max-image-preview":"max-image-preview:large","max-video-preview":"max-video-preview:-1"},"canonical":"https:\/\/www.ladiagonale.net\/index.php\/2024\/12\/16\/akliouche-jai-une-marge-de-progression-enorme\/","og_locale":"fr_FR","og_type":"article","og_title":"Akliouche : \u00ab\u00a0J\u2019ai une marge de progression \u00e9norme\u00a0\u00bb - La Diagonale","og_description":"Maghnes Akliouche s\u2019est pr\u00e9sent\u00e9 en conf\u00e9rence de presse ce lundi pour \u00e9voquer la rencontre \u00e0 venir face au Paris Saint-Germain. \u00ab\u00a0Paris sera un match important face \u00e0 une grande \u00e9quipe, a-t-il commenc\u00e9. Ils font de bonnes choses en championnat et sont invaincus. On sait que ce ne sera pas facile mais on va se donner [...]","og_url":"https:\/\/www.ladiagonale.net\/index.php\/2024\/12\/16\/akliouche-jai-une-marge-de-progression-enorme\/","og_site_name":"La Diagonale","article_published_time":"2024-12-16T17:01:52+00:00","article_modified_time":"2024-12-16T17:01:53+00:00","og_image":[{"width":1160,"height":650,"url":"https:\/\/www.ladiagonale.net\/wp-content\/uploads\/2024\/10\/akliouche.jpg","type":"image\/jpeg"}],"author":"Damien Dellerba","twitter_card":"summary_large_image","twitter_image":"https:\/\/www.ladiagonale.net\/wp-content\/uploads\/2024\/10\/akliouche.jpg","twitter_misc":{"\u00c9crit par":"Damien Dellerba","Dur\u00e9e de lecture estim\u00e9e":"4 minutes"},"schema":{"@context":"https:\/\/schema.org","@graph":[{"@type":"WebPage","@id":"https:\/\/www.ladiagonale.net\/index.php\/2024\/12\/16\/akliouche-jai-une-marge-de-progression-enorme\/","url":"https:\/\/www.ladiagonale.net\/index.php\/2024\/12\/16\/akliouche-jai-une-marge-de-progression-enorme\/","name":"Akliouche : \u00ab\u00a0J\u2019ai une marge de progression \u00e9norme\u00a0\u00bb - La Diagonale","isPartOf":{"@id":"https:\/\/www.ladiagonale.net\/#website"},"datePublished":"2024-12-16T17:01:52+00:00","dateModified":"2024-12-16T17:01:53+00:00","author":{"@id":"https:\/\/www.ladiagonale.net\/#\/schema\/person\/79ff1e7b0853ed01b2aa26e64ad300bf"},"breadcrumb":{"@id":"https:\/\/www.ladiagonale.net\/index.php\/2024\/12\/16\/akliouche-jai-une-marge-de-progression-enorme\/#breadcrumb"},"inLanguage":"fr-FR","potentialAction":[{"@type":"ReadAction","target":["https:\/\/www.ladiagonale.net\/index.php\/2024\/12\/16\/akliouche-jai-une-marge-de-progression-enorme\/"]}]},{"@type":"BreadcrumbList","@id":"https:\/\/www.ladiagonale.net\/index.php\/2024\/12\/16\/akliouche-jai-une-marge-de-progression-enorme\/#breadcrumb","itemListElement":[{"@type":"ListItem","position":1,"name":"Accueil","item":"https:\/\/www.ladiagonale.net\/"},{"@type":"ListItem","position":2,"name":"Akliouche : \u00ab\u00a0J\u2019ai une marge de progression \u00e9norme\u00a0\u00bb"}]},{"@type":"WebSite","@id":"https:\/\/www.ladiagonale.net\/#website","url":"https:\/\/www.ladiagonale.net\/","name":"La Diagonale","description":"Le site des supporters de l&#039;AS Monaco FC","potentialAction":[{"@type":"SearchAction","target":{"@type":"EntryPoint","urlTemplate":"https:\/\/www.ladiagonale.net\/?s={search_term_string}"},"query-input":"required name=search_term_string"}],"inLanguage":"fr-FR"},{"@type":"Person","@id":"https:\/\/www.ladiagonale.net\/#\/schema\/person\/79ff1e7b0853ed01b2aa26e64ad300bf","name":"Damien Dellerba","image":{"@type":"ImageObject","inLanguage":"fr-FR","@id":"https:\/\/www.ladiagonale.net\/#\/schema\/person\/image\/","url":"https:\/\/secure.gravatar.com\/avatar\/c7850e06d3ff63cdbaee88b7fc16e2f0?s=96&d=mm&r=g","contentUrl":"https:\/\/secure.gravatar.com\/avatar\/c7850e06d3ff63cdbaee88b7fc16e2f0?s=96&d=mm&r=g","caption":"Damien Dellerba"},"url":"https:\/\/www.ladiagonale.net\/index.php\/author\/damien\/"}]}},"_links":{"self":[{"href":"https:\/\/www.ladiagonale.net\/index.php\/wp-json\/wp\/v2\/posts\/28370"}],"collection":[{"href":"https:\/\/www.ladiagonale.net\/index.php\/wp-json\/wp\/v2\/posts"}],"about":[{"href":"https:\/\/www.ladiagonale.net\/index.php\/wp-json\/wp\/v2\/types\/post"}],"author":[{"embeddable":true,"href":"https:\/\/www.ladiagonale.net\/index.php\/wp-json\/wp\/v2\/users\/2"}],"replies":[{"embeddable":true,"href":"https:\/\/www.ladiagonale.net\/index.php\/wp-json\/wp\/v2\/comments?post=28370"}],"version-history":[{"count":1,"href":"https:\/\/www.ladiagonale.net\/index.php\/wp-json\/wp\/v2\/posts\/28370\/revisions"}],"predecessor-version":[{"id":28371,"href":"https:\/\/www.ladiagonale.net\/index.php\/wp-json\/wp\/v2\/posts\/28370\/revisions\/28371"}],"wp:attachment":[{"href":"https:\/\/www.ladiagonale.net\/index.php\/wp-json\/wp\/v2\/media?parent=28370"}],"wp:term":[{"taxonomy":"category","embeddable":true,"href":"https:\/\/www.ladiagonale.net\/index.php\/wp-json\/wp\/v2\/categories?post=28370"},{"taxonomy":"post_tag","embeddable":true,"href":"https:\/\/www.ladiagonale.net\/index.php\/wp-json\/wp\/v2\/tags?post=28370"}],"curies":[{"name":"wp","href":"https:\/\/api.w.org\/{rel}","templated":true}]}}