{"id":28372,"date":"2024-12-16T19:31:33","date_gmt":"2024-12-16T18:31:33","guid":{"rendered":"https:\/\/www.ladiagonale.net\/?p=28372"},"modified":"2024-12-16T19:33:29","modified_gmt":"2024-12-16T18:33:29","slug":"coulibaly-a-repris-lentrainement-collectif","status":"publish","type":"post","link":"https:\/\/www.ladiagonale.net\/index.php\/2024\/12\/16\/coulibaly-a-repris-lentrainement-collectif\/","title":{"rendered":"Coulibaly a repris l\u2019entra\u00eenement collectif"},"content":{"rendered":"\n\n\n<p>Mamadou Coulibaly entrevoit le bout du tunnel. Victime d\u2019une rupture des ligaments crois\u00e9s contre Nantes en mai, lors de la derni\u00e8re journ\u00e9e de la saison 2023-2024, le milieu de terrain de l\u2019AS Monaco a retrouv\u00e9 ce lundi le chemin de l\u2019entra\u00eenement collectif, derni\u00e8re \u00e9tape avant de pouvoir retrouver les terrains pour de bon, ce qui devrait \u00eatre le cas en 2025. Son retour \u00e0 l&rsquo;entra\u00eenement a d&rsquo;ailleurs \u00e9t\u00e9 c\u00e9l\u00e9br\u00e9 par le groupe au d\u00e9but de l&rsquo;entra\u00eenement. <\/p>\n\n\n\n<p>Pendant sa r\u00e9\u00e9ducation, le joueur de 20 ans a \u00e9t\u00e9 fermement soutenu au sein du club et sa pr\u00e9sence valoris\u00e9e par le staff. Il avait notamment \u00e9t\u00e9 int\u00e9gr\u00e9 au groupe lors du stage de pr\u00e9paration en Autriche, en juillet, et surtout, il avait sign\u00e9 une prolongation de contrat le 10 octobre dernier, le liant d\u00e9sormais avec l&rsquo;ASM jusqu&rsquo;en 2028. Coulibaly a fait ses d\u00e9buts chez les professionnels la saison derni\u00e8re et a disput\u00e9 six rencontres.<\/p>\n","protected":false},"excerpt":{"rendered":"<p>Mamadou Coulibaly entrevoit le bout du tunnel. Victime d\u2019une rupture des ligaments crois\u00e9s contre Nantes en mai, lors de la derni\u00e8re journ\u00e9e de la saison 2023-2024, le milieu de terrain de l\u2019AS Monaco a retrouv\u00e9 ce lundi le chemin de l\u2019entra\u00eenement collectif, derni\u00e8re \u00e9tape avant de pouvoir retrouver les terrains pour de bon, ce qui [&#8230;]\n","protected":false},"author":2,"featured_media":0,"comment_status":"open","ping_status":"open","sticky":false,"template":"","format":"standard","meta":[],"categories":[6],"tags":[86,196,459],"yoast_head":"<!-- This site is optimized with the Yoast SEO plugin v19.8 - https:\/\/yoast.com\/wordpress\/plugins\/seo\/ -->\n<title>Coulibaly a repris l\u2019entra\u00eenement collectif - La Diagonale<\/title>\n<meta name=\"robots\" content=\"index, follow, max-snippet:-1, max-image-preview:large, max-video-preview:-1\" \/>\n<link rel=\"canonical\" href=\"https:\/\/www.ladiagonale.net\/index.php\/2024\/12\/16\/coulibaly-a-repris-lentrainement-collectif\/\" \/>\n<meta property=\"og:locale\" content=\"fr_FR\" \/>\n<meta property=\"og:type\" content=\"article\" \/>\n<meta property=\"og:title\" content=\"Coulibaly a repris l\u2019entra\u00eenement collectif - La Diagonale\" \/>\n<meta property=\"og:description\" content=\"Mamadou Coulibaly entrevoit le bout du tunnel. Victime d\u2019une rupture des ligaments crois\u00e9s contre Nantes en mai, lors de la derni\u00e8re journ\u00e9e de la saison 2023-2024, le milieu de terrain de l\u2019AS Monaco a retrouv\u00e9 ce lundi le chemin de l\u2019entra\u00eenement collectif, derni\u00e8re \u00e9tape avant de pouvoir retrouver les terrains pour de bon, ce qui [...]\" \/>\n<meta property=\"og:url\" content=\"https:\/\/www.ladiagonale.net\/index.php\/2024\/12\/16\/coulibaly-a-repris-lentrainement-collectif\/\" \/>\n<meta property=\"og:site_name\" content=\"La Diagonale\" \/>\n<meta property=\"article:published_time\" content=\"2024-12-16T18:31:33+00:00\" \/>\n<meta property=\"article:modified_time\" content=\"2024-12-16T18:33:29+00:00\" \/>\n<meta property=\"og:image\" content=\"https:\/\/www.ladiagonale.net\/wp-content\/uploads\/2024\/12\/MCoulibaly.png\" \/>\n\t<meta property=\"og:image:width\" content=\"1160\" \/>\n\t<meta property=\"og:image:height\" content=\"650\" \/>\n\t<meta property=\"og:image:type\" content=\"image\/png\" \/>\n<meta name=\"author\" content=\"Damien Dellerba\" \/>\n<meta name=\"twitter:card\" content=\"summary_large_image\" \/>\n<meta name=\"twitter:image\" content=\"https:\/\/www.ladiagonale.net\/wp-content\/uploads\/2024\/12\/MCoulibaly.png\" \/>\n<meta name=\"twitter:label1\" content=\"\u00c9crit par\" \/>\n\t<meta name=\"twitter:data1\" content=\"Damien Dellerba\" \/>\n\t<meta name=\"twitter:label2\" content=\"Dur\u00e9e de lecture estim\u00e9e\" \/>\n\t<meta name=\"twitter:data2\" content=\"1 minute\" \/>\n<script type=\"application\/ld+json\" class=\"yoast-schema-graph\">{\"@context\":\"https:\/\/schema.org\",\"@graph\":[{\"@type\":\"WebPage\",\"@id\":\"https:\/\/www.ladiagonale.net\/index.php\/2024\/12\/16\/coulibaly-a-repris-lentrainement-collectif\/\",\"url\":\"https:\/\/www.ladiagonale.net\/index.php\/2024\/12\/16\/coulibaly-a-repris-lentrainement-collectif\/\",\"name\":\"Coulibaly a repris l\u2019entra\u00eenement collectif - La Diagonale\",\"isPartOf\":{\"@id\":\"https:\/\/www.ladiagonale.net\/#website\"},\"datePublished\":\"2024-12-16T18:31:33+00:00\",\"dateModified\":\"2024-12-16T18:33:29+00:00\",\"author\":{\"@id\":\"https:\/\/www.ladiagonale.net\/#\/schema\/person\/79ff1e7b0853ed01b2aa26e64ad300bf\"},\"breadcrumb\":{\"@id\":\"https:\/\/www.ladiagonale.net\/index.php\/2024\/12\/16\/coulibaly-a-repris-lentrainement-collectif\/#breadcrumb\"},\"inLanguage\":\"fr-FR\",\"potentialAction\":[{\"@type\":\"ReadAction\",\"target\":[\"https:\/\/www.ladiagonale.net\/index.php\/2024\/12\/16\/coulibaly-a-repris-lentrainement-collectif\/\"]}]},{\"@type\":\"BreadcrumbList\",\"@id\":\"https:\/\/www.ladiagonale.net\/index.php\/2024\/12\/16\/coulibaly-a-repris-lentrainement-collectif\/#breadcrumb\",\"itemListElement\":[{\"@type\":\"ListItem\",\"position\":1,\"name\":\"Accueil\",\"item\":\"https:\/\/www.ladiagonale.net\/\"},{\"@type\":\"ListItem\",\"position\":2,\"name\":\"Coulibaly a repris l\u2019entra\u00eenement collectif\"}]},{\"@type\":\"WebSite\",\"@id\":\"https:\/\/www.ladiagonale.net\/#website\",\"url\":\"https:\/\/www.ladiagonale.net\/\",\"name\":\"La Diagonale\",\"description\":\"Le site des supporters de l&#039;AS Monaco FC\",\"potentialAction\":[{\"@type\":\"SearchAction\",\"target\":{\"@type\":\"EntryPoint\",\"urlTemplate\":\"https:\/\/www.ladiagonale.net\/?s={search_term_string}\"},\"query-input\":\"required name=search_term_string\"}],\"inLanguage\":\"fr-FR\"},{\"@type\":\"Person\",\"@id\":\"https:\/\/www.ladiagonale.net\/#\/schema\/person\/79ff1e7b0853ed01b2aa26e64ad300bf\",\"name\":\"Damien Dellerba\",\"image\":{\"@type\":\"ImageObject\",\"inLanguage\":\"fr-FR\",\"@id\":\"https:\/\/www.ladiagonale.net\/#\/schema\/person\/image\/\",\"url\":\"https:\/\/secure.gravatar.com\/avatar\/c7850e06d3ff63cdbaee88b7fc16e2f0?s=96&d=mm&r=g\",\"contentUrl\":\"https:\/\/secure.gravatar.com\/avatar\/c7850e06d3ff63cdbaee88b7fc16e2f0?s=96&d=mm&r=g\",\"caption\":\"Damien Dellerba\"},\"url\":\"https:\/\/www.ladiagonale.net\/index.php\/author\/damien\/\"}]}<\/script>\n<!-- \/ Yoast SEO plugin. -->","yoast_head_json":{"title":"Coulibaly a repris l\u2019entra\u00eenement collectif - La Diagonale","robots":{"index":"index","follow":"follow","max-snippet":"max-snippet:-1","max-image-preview":"max-image-preview:large","max-video-preview":"max-video-preview:-1"},"canonical":"https:\/\/www.ladiagonale.net\/index.php\/2024\/12\/16\/coulibaly-a-repris-lentrainement-collectif\/","og_locale":"fr_FR","og_type":"article","og_title":"Coulibaly a repris l\u2019entra\u00eenement collectif - La Diagonale","og_description":"Mamadou Coulibaly entrevoit le bout du tunnel. Victime d\u2019une rupture des ligaments crois\u00e9s contre Nantes en mai, lors de la derni\u00e8re journ\u00e9e de la saison 2023-2024, le milieu de terrain de l\u2019AS Monaco a retrouv\u00e9 ce lundi le chemin de l\u2019entra\u00eenement collectif, derni\u00e8re \u00e9tape avant de pouvoir retrouver les terrains pour de bon, ce qui [...]","og_url":"https:\/\/www.ladiagonale.net\/index.php\/2024\/12\/16\/coulibaly-a-repris-lentrainement-collectif\/","og_site_name":"La Diagonale","article_published_time":"2024-12-16T18:31:33+00:00","article_modified_time":"2024-12-16T18:33:29+00:00","og_image":[{"width":1160,"height":650,"url":"https:\/\/www.ladiagonale.net\/wp-content\/uploads\/2024\/12\/MCoulibaly.png","type":"image\/png"}],"author":"Damien Dellerba","twitter_card":"summary_large_image","twitter_image":"https:\/\/www.ladiagonale.net\/wp-content\/uploads\/2024\/12\/MCoulibaly.png","twitter_misc":{"\u00c9crit par":"Damien Dellerba","Dur\u00e9e de lecture estim\u00e9e":"1 minute"},"schema":{"@context":"https:\/\/schema.org","@graph":[{"@type":"WebPage","@id":"https:\/\/www.ladiagonale.net\/index.php\/2024\/12\/16\/coulibaly-a-repris-lentrainement-collectif\/","url":"https:\/\/www.ladiagonale.net\/index.php\/2024\/12\/16\/coulibaly-a-repris-lentrainement-collectif\/","name":"Coulibaly a repris l\u2019entra\u00eenement collectif - La Diagonale","isPartOf":{"@id":"https:\/\/www.ladiagonale.net\/#website"},"datePublished":"2024-12-16T18:31:33+00:00","dateModified":"2024-12-16T18:33:29+00:00","author":{"@id":"https:\/\/www.ladiagonale.net\/#\/schema\/person\/79ff1e7b0853ed01b2aa26e64ad300bf"},"breadcrumb":{"@id":"https:\/\/www.ladiagonale.net\/index.php\/2024\/12\/16\/coulibaly-a-repris-lentrainement-collectif\/#breadcrumb"},"inLanguage":"fr-FR","potentialAction":[{"@type":"ReadAction","target":["https:\/\/www.ladiagonale.net\/index.php\/2024\/12\/16\/coulibaly-a-repris-lentrainement-collectif\/"]}]},{"@type":"BreadcrumbList","@id":"https:\/\/www.ladiagonale.net\/index.php\/2024\/12\/16\/coulibaly-a-repris-lentrainement-collectif\/#breadcrumb","itemListElement":[{"@type":"ListItem","position":1,"name":"Accueil","item":"https:\/\/www.ladiagonale.net\/"},{"@type":"ListItem","position":2,"name":"Coulibaly a repris l\u2019entra\u00eenement collectif"}]},{"@type":"WebSite","@id":"https:\/\/www.ladiagonale.net\/#website","url":"https:\/\/www.ladiagonale.net\/","name":"La Diagonale","description":"Le site des supporters de l&#039;AS Monaco FC","potentialAction":[{"@type":"SearchAction","target":{"@type":"EntryPoint","urlTemplate":"https:\/\/www.ladiagonale.net\/?s={search_term_string}"},"query-input":"required name=search_term_string"}],"inLanguage":"fr-FR"},{"@type":"Person","@id":"https:\/\/www.ladiagonale.net\/#\/schema\/person\/79ff1e7b0853ed01b2aa26e64ad300bf","name":"Damien Dellerba","image":{"@type":"ImageObject","inLanguage":"fr-FR","@id":"https:\/\/www.ladiagonale.net\/#\/schema\/person\/image\/","url":"https:\/\/secure.gravatar.com\/avatar\/c7850e06d3ff63cdbaee88b7fc16e2f0?s=96&d=mm&r=g","contentUrl":"https:\/\/secure.gravatar.com\/avatar\/c7850e06d3ff63cdbaee88b7fc16e2f0?s=96&d=mm&r=g","caption":"Damien Dellerba"},"url":"https:\/\/www.ladiagonale.net\/index.php\/author\/damien\/"}]}},"_links":{"self":[{"href":"https:\/\/www.ladiagonale.net\/index.php\/wp-json\/wp\/v2\/posts\/28372"}],"collection":[{"href":"https:\/\/www.ladiagonale.net\/index.php\/wp-json\/wp\/v2\/posts"}],"about":[{"href":"https:\/\/www.ladiagonale.net\/index.php\/wp-json\/wp\/v2\/types\/post"}],"author":[{"embeddable":true,"href":"https:\/\/www.ladiagonale.net\/index.php\/wp-json\/wp\/v2\/users\/2"}],"replies":[{"embeddable":true,"href":"https:\/\/www.ladiagonale.net\/index.php\/wp-json\/wp\/v2\/comments?post=28372"}],"version-history":[{"count":2,"href":"https:\/\/www.ladiagonale.net\/index.php\/wp-json\/wp\/v2\/posts\/28372\/revisions"}],"predecessor-version":[{"id":28375,"href":"https:\/\/www.ladiagonale.net\/index.php\/wp-json\/wp\/v2\/posts\/28372\/revisions\/28375"}],"wp:attachment":[{"href":"https:\/\/www.ladiagonale.net\/index.php\/wp-json\/wp\/v2\/media?parent=28372"}],"wp:term":[{"taxonomy":"category","embeddable":true,"href":"https:\/\/www.ladiagonale.net\/index.php\/wp-json\/wp\/v2\/categories?post=28372"},{"taxonomy":"post_tag","embeddable":true,"href":"https:\/\/www.ladiagonale.net\/index.php\/wp-json\/wp\/v2\/tags?post=28372"}],"curies":[{"name":"wp","href":"https:\/\/api.w.org\/{rel}","templated":true}]}}