{"id":28410,"date":"2024-12-18T13:57:15","date_gmt":"2024-12-18T12:57:15","guid":{"rendered":"https:\/\/www.ladiagonale.net\/?p=28410"},"modified":"2024-12-18T14:36:32","modified_gmt":"2024-12-18T13:36:32","slug":"le-groupe-monegasque-zakaria-de-nouveau-forfait","status":"publish","type":"post","link":"https:\/\/www.ladiagonale.net\/index.php\/2024\/12\/18\/le-groupe-monegasque-zakaria-de-nouveau-forfait\/","title":{"rendered":"Le groupe mon\u00e9gasque : Zakaria toujours forfait"},"content":{"rendered":"\n\n\n<p>Adi H\u00fctter et son staff ont attendu jusqu&rsquo;au dernier moment pour savoir s&rsquo;ils pourraient compter sur Denis Zakaria pour le choc face au PSG mais la r\u00e9ponse est n\u00e9gative. Le milieu de terrain suisse n&rsquo;est pas suffisamment remis de sa blessure \u00e0 un ischio-jambier. <\/p>\n\n\n\n<p>Christian Mawissa est lui aussi forfait, touch\u00e9 \u00e0 l&rsquo;ischio droit, et il rejoint l&rsquo;infirmerie d\u00e9j\u00e0 bien pleine avec Radoslaw Majecki, Kr\u00e9pin Diatta (adducteurs), Folarin Balogun (\u00e9paule) et Edan Diop. Chass\u00e9-crois\u00e9 entre Vanderson et Jordan Teze au niveau des suspensions. Le Br\u00e9silien revient quand le N\u00e9erlandais regardera ses partenaires depuis les tribunes. <\/p>\n\n\n\n<p>Sa\u00efmon Bouabr\u00e9 a \u00e9t\u00e9 appel\u00e9 par Adi H\u00fctter, comme le d\u00e9fenseur central Bradel Kiwa et l&rsquo;attaquant Lucas Michal. Toujours pas Joan Tincres, en revanche.<\/p>\n\n\n\n<h3 class=\"wp-block-heading\">Le groupe mon\u00e9gasque<\/h3>\n\n\n\n<ul class=\"wp-block-list\">\n<li><strong>Gardiens : <\/strong>K\u00f6hn, Lienard, Stawiecki.<\/li>\n\n\n\n<li><strong>D\u00e9fenseurs : <\/strong>C. Henrique, Kehrer, Kiwa, Ouattara, Salisu, Singo, Vanderson.<\/li>\n\n\n\n<li><strong>Milieux : <\/strong>Akliouche, Ben Seghir, Bouabr\u00e9, Camara, Golovin, Magassa, Matazo, Minamino.<\/li>\n\n\n\n<li><strong>Attaquants : <\/strong>Embolo, Ilenikhena, Michal.<\/li>\n<\/ul>\n\n\n\n<p><em>Absents : <\/em>Teze (suspendu), Mawissa, Majecki, Balogun, Zakaria, Diatta, Diop (bless\u00e9s), Coulibaly (reprise).<\/p>\n","protected":false},"excerpt":{"rendered":"<p>Adi H\u00fctter et son staff ont attendu jusqu&rsquo;au dernier moment pour savoir s&rsquo;ils pourraient compter sur Denis Zakaria pour le choc face au PSG mais la r\u00e9ponse est n\u00e9gative. Le milieu de terrain suisse n&rsquo;est pas suffisamment remis de sa blessure \u00e0 un ischio-jambier. Christian Mawissa est lui aussi forfait, touch\u00e9 \u00e0 l&rsquo;ischio droit, et [&#8230;]\n","protected":false},"author":2,"featured_media":0,"comment_status":"open","ping_status":"open","sticky":false,"template":"","format":"standard","meta":[],"categories":[4,6],"tags":[86,225,94,786],"yoast_head":"<!-- This site is optimized with the Yoast SEO plugin v19.8 - https:\/\/yoast.com\/wordpress\/plugins\/seo\/ -->\n<title>Le groupe mon\u00e9gasque : Zakaria toujours forfait - La Diagonale<\/title>\n<meta name=\"robots\" content=\"index, follow, max-snippet:-1, max-image-preview:large, max-video-preview:-1\" \/>\n<link rel=\"canonical\" href=\"https:\/\/www.ladiagonale.net\/index.php\/2024\/12\/18\/le-groupe-monegasque-zakaria-de-nouveau-forfait\/\" \/>\n<meta property=\"og:locale\" content=\"fr_FR\" \/>\n<meta property=\"og:type\" content=\"article\" \/>\n<meta property=\"og:title\" content=\"Le groupe mon\u00e9gasque : Zakaria toujours forfait - La Diagonale\" \/>\n<meta property=\"og:description\" content=\"Adi H\u00fctter et son staff ont attendu jusqu&rsquo;au dernier moment pour savoir s&rsquo;ils pourraient compter sur Denis Zakaria pour le choc face au PSG mais la r\u00e9ponse est n\u00e9gative. Le milieu de terrain suisse n&rsquo;est pas suffisamment remis de sa blessure \u00e0 un ischio-jambier. Christian Mawissa est lui aussi forfait, touch\u00e9 \u00e0 l&rsquo;ischio droit, et [...]\" \/>\n<meta property=\"og:url\" content=\"https:\/\/www.ladiagonale.net\/index.php\/2024\/12\/18\/le-groupe-monegasque-zakaria-de-nouveau-forfait\/\" \/>\n<meta property=\"og:site_name\" content=\"La Diagonale\" \/>\n<meta property=\"article:published_time\" content=\"2024-12-18T12:57:15+00:00\" \/>\n<meta property=\"article:modified_time\" content=\"2024-12-18T13:36:32+00:00\" \/>\n<meta property=\"og:image\" content=\"https:\/\/www.ladiagonale.net\/wp-content\/uploads\/2024\/11\/Zakarialens.png\" \/>\n\t<meta property=\"og:image:width\" content=\"1160\" \/>\n\t<meta property=\"og:image:height\" content=\"650\" \/>\n\t<meta property=\"og:image:type\" content=\"image\/png\" \/>\n<meta name=\"author\" content=\"Damien Dellerba\" \/>\n<meta name=\"twitter:card\" content=\"summary_large_image\" \/>\n<meta name=\"twitter:image\" content=\"https:\/\/www.ladiagonale.net\/wp-content\/uploads\/2024\/11\/Zakarialens.png\" \/>\n<meta name=\"twitter:label1\" content=\"\u00c9crit par\" \/>\n\t<meta name=\"twitter:data1\" content=\"Damien Dellerba\" \/>\n\t<meta name=\"twitter:label2\" content=\"Dur\u00e9e de lecture estim\u00e9e\" \/>\n\t<meta name=\"twitter:data2\" content=\"1 minute\" \/>\n<script type=\"application\/ld+json\" class=\"yoast-schema-graph\">{\"@context\":\"https:\/\/schema.org\",\"@graph\":[{\"@type\":\"WebPage\",\"@id\":\"https:\/\/www.ladiagonale.net\/index.php\/2024\/12\/18\/le-groupe-monegasque-zakaria-de-nouveau-forfait\/\",\"url\":\"https:\/\/www.ladiagonale.net\/index.php\/2024\/12\/18\/le-groupe-monegasque-zakaria-de-nouveau-forfait\/\",\"name\":\"Le groupe mon\u00e9gasque : Zakaria toujours forfait - La Diagonale\",\"isPartOf\":{\"@id\":\"https:\/\/www.ladiagonale.net\/#website\"},\"datePublished\":\"2024-12-18T12:57:15+00:00\",\"dateModified\":\"2024-12-18T13:36:32+00:00\",\"author\":{\"@id\":\"https:\/\/www.ladiagonale.net\/#\/schema\/person\/79ff1e7b0853ed01b2aa26e64ad300bf\"},\"breadcrumb\":{\"@id\":\"https:\/\/www.ladiagonale.net\/index.php\/2024\/12\/18\/le-groupe-monegasque-zakaria-de-nouveau-forfait\/#breadcrumb\"},\"inLanguage\":\"fr-FR\",\"potentialAction\":[{\"@type\":\"ReadAction\",\"target\":[\"https:\/\/www.ladiagonale.net\/index.php\/2024\/12\/18\/le-groupe-monegasque-zakaria-de-nouveau-forfait\/\"]}]},{\"@type\":\"BreadcrumbList\",\"@id\":\"https:\/\/www.ladiagonale.net\/index.php\/2024\/12\/18\/le-groupe-monegasque-zakaria-de-nouveau-forfait\/#breadcrumb\",\"itemListElement\":[{\"@type\":\"ListItem\",\"position\":1,\"name\":\"Accueil\",\"item\":\"https:\/\/www.ladiagonale.net\/\"},{\"@type\":\"ListItem\",\"position\":2,\"name\":\"Le groupe mon\u00e9gasque : Zakaria toujours forfait\"}]},{\"@type\":\"WebSite\",\"@id\":\"https:\/\/www.ladiagonale.net\/#website\",\"url\":\"https:\/\/www.ladiagonale.net\/\",\"name\":\"La Diagonale\",\"description\":\"Le site des supporters de l&#039;AS Monaco FC\",\"potentialAction\":[{\"@type\":\"SearchAction\",\"target\":{\"@type\":\"EntryPoint\",\"urlTemplate\":\"https:\/\/www.ladiagonale.net\/?s={search_term_string}\"},\"query-input\":\"required name=search_term_string\"}],\"inLanguage\":\"fr-FR\"},{\"@type\":\"Person\",\"@id\":\"https:\/\/www.ladiagonale.net\/#\/schema\/person\/79ff1e7b0853ed01b2aa26e64ad300bf\",\"name\":\"Damien Dellerba\",\"image\":{\"@type\":\"ImageObject\",\"inLanguage\":\"fr-FR\",\"@id\":\"https:\/\/www.ladiagonale.net\/#\/schema\/person\/image\/\",\"url\":\"https:\/\/secure.gravatar.com\/avatar\/c7850e06d3ff63cdbaee88b7fc16e2f0?s=96&d=mm&r=g\",\"contentUrl\":\"https:\/\/secure.gravatar.com\/avatar\/c7850e06d3ff63cdbaee88b7fc16e2f0?s=96&d=mm&r=g\",\"caption\":\"Damien Dellerba\"},\"url\":\"https:\/\/www.ladiagonale.net\/index.php\/author\/damien\/\"}]}<\/script>\n<!-- \/ Yoast SEO plugin. -->","yoast_head_json":{"title":"Le groupe mon\u00e9gasque : Zakaria toujours forfait - La Diagonale","robots":{"index":"index","follow":"follow","max-snippet":"max-snippet:-1","max-image-preview":"max-image-preview:large","max-video-preview":"max-video-preview:-1"},"canonical":"https:\/\/www.ladiagonale.net\/index.php\/2024\/12\/18\/le-groupe-monegasque-zakaria-de-nouveau-forfait\/","og_locale":"fr_FR","og_type":"article","og_title":"Le groupe mon\u00e9gasque : Zakaria toujours forfait - La Diagonale","og_description":"Adi H\u00fctter et son staff ont attendu jusqu&rsquo;au dernier moment pour savoir s&rsquo;ils pourraient compter sur Denis Zakaria pour le choc face au PSG mais la r\u00e9ponse est n\u00e9gative. Le milieu de terrain suisse n&rsquo;est pas suffisamment remis de sa blessure \u00e0 un ischio-jambier. Christian Mawissa est lui aussi forfait, touch\u00e9 \u00e0 l&rsquo;ischio droit, et [...]","og_url":"https:\/\/www.ladiagonale.net\/index.php\/2024\/12\/18\/le-groupe-monegasque-zakaria-de-nouveau-forfait\/","og_site_name":"La Diagonale","article_published_time":"2024-12-18T12:57:15+00:00","article_modified_time":"2024-12-18T13:36:32+00:00","og_image":[{"width":1160,"height":650,"url":"https:\/\/www.ladiagonale.net\/wp-content\/uploads\/2024\/11\/Zakarialens.png","type":"image\/png"}],"author":"Damien Dellerba","twitter_card":"summary_large_image","twitter_image":"https:\/\/www.ladiagonale.net\/wp-content\/uploads\/2024\/11\/Zakarialens.png","twitter_misc":{"\u00c9crit par":"Damien Dellerba","Dur\u00e9e de lecture estim\u00e9e":"1 minute"},"schema":{"@context":"https:\/\/schema.org","@graph":[{"@type":"WebPage","@id":"https:\/\/www.ladiagonale.net\/index.php\/2024\/12\/18\/le-groupe-monegasque-zakaria-de-nouveau-forfait\/","url":"https:\/\/www.ladiagonale.net\/index.php\/2024\/12\/18\/le-groupe-monegasque-zakaria-de-nouveau-forfait\/","name":"Le groupe mon\u00e9gasque : Zakaria toujours forfait - La Diagonale","isPartOf":{"@id":"https:\/\/www.ladiagonale.net\/#website"},"datePublished":"2024-12-18T12:57:15+00:00","dateModified":"2024-12-18T13:36:32+00:00","author":{"@id":"https:\/\/www.ladiagonale.net\/#\/schema\/person\/79ff1e7b0853ed01b2aa26e64ad300bf"},"breadcrumb":{"@id":"https:\/\/www.ladiagonale.net\/index.php\/2024\/12\/18\/le-groupe-monegasque-zakaria-de-nouveau-forfait\/#breadcrumb"},"inLanguage":"fr-FR","potentialAction":[{"@type":"ReadAction","target":["https:\/\/www.ladiagonale.net\/index.php\/2024\/12\/18\/le-groupe-monegasque-zakaria-de-nouveau-forfait\/"]}]},{"@type":"BreadcrumbList","@id":"https:\/\/www.ladiagonale.net\/index.php\/2024\/12\/18\/le-groupe-monegasque-zakaria-de-nouveau-forfait\/#breadcrumb","itemListElement":[{"@type":"ListItem","position":1,"name":"Accueil","item":"https:\/\/www.ladiagonale.net\/"},{"@type":"ListItem","position":2,"name":"Le groupe mon\u00e9gasque : Zakaria toujours forfait"}]},{"@type":"WebSite","@id":"https:\/\/www.ladiagonale.net\/#website","url":"https:\/\/www.ladiagonale.net\/","name":"La Diagonale","description":"Le site des supporters de l&#039;AS Monaco FC","potentialAction":[{"@type":"SearchAction","target":{"@type":"EntryPoint","urlTemplate":"https:\/\/www.ladiagonale.net\/?s={search_term_string}"},"query-input":"required name=search_term_string"}],"inLanguage":"fr-FR"},{"@type":"Person","@id":"https:\/\/www.ladiagonale.net\/#\/schema\/person\/79ff1e7b0853ed01b2aa26e64ad300bf","name":"Damien Dellerba","image":{"@type":"ImageObject","inLanguage":"fr-FR","@id":"https:\/\/www.ladiagonale.net\/#\/schema\/person\/image\/","url":"https:\/\/secure.gravatar.com\/avatar\/c7850e06d3ff63cdbaee88b7fc16e2f0?s=96&d=mm&r=g","contentUrl":"https:\/\/secure.gravatar.com\/avatar\/c7850e06d3ff63cdbaee88b7fc16e2f0?s=96&d=mm&r=g","caption":"Damien Dellerba"},"url":"https:\/\/www.ladiagonale.net\/index.php\/author\/damien\/"}]}},"_links":{"self":[{"href":"https:\/\/www.ladiagonale.net\/index.php\/wp-json\/wp\/v2\/posts\/28410"}],"collection":[{"href":"https:\/\/www.ladiagonale.net\/index.php\/wp-json\/wp\/v2\/posts"}],"about":[{"href":"https:\/\/www.ladiagonale.net\/index.php\/wp-json\/wp\/v2\/types\/post"}],"author":[{"embeddable":true,"href":"https:\/\/www.ladiagonale.net\/index.php\/wp-json\/wp\/v2\/users\/2"}],"replies":[{"embeddable":true,"href":"https:\/\/www.ladiagonale.net\/index.php\/wp-json\/wp\/v2\/comments?post=28410"}],"version-history":[{"count":3,"href":"https:\/\/www.ladiagonale.net\/index.php\/wp-json\/wp\/v2\/posts\/28410\/revisions"}],"predecessor-version":[{"id":28415,"href":"https:\/\/www.ladiagonale.net\/index.php\/wp-json\/wp\/v2\/posts\/28410\/revisions\/28415"}],"wp:attachment":[{"href":"https:\/\/www.ladiagonale.net\/index.php\/wp-json\/wp\/v2\/media?parent=28410"}],"wp:term":[{"taxonomy":"category","embeddable":true,"href":"https:\/\/www.ladiagonale.net\/index.php\/wp-json\/wp\/v2\/categories?post=28410"},{"taxonomy":"post_tag","embeddable":true,"href":"https:\/\/www.ladiagonale.net\/index.php\/wp-json\/wp\/v2\/tags?post=28410"}],"curies":[{"name":"wp","href":"https:\/\/api.w.org\/{rel}","templated":true}]}}