{"id":28445,"date":"2024-12-19T14:44:06","date_gmt":"2024-12-19T13:44:06","guid":{"rendered":"https:\/\/www.ladiagonale.net\/?p=28445"},"modified":"2024-12-19T14:44:06","modified_gmt":"2024-12-19T13:44:06","slug":"tirage-clement-pour-lasm-en-gambardella","status":"publish","type":"post","link":"https:\/\/www.ladiagonale.net\/index.php\/2024\/12\/19\/tirage-clement-pour-lasm-en-gambardella\/","title":{"rendered":"Tirage cl\u00e9ment pour l\u2019ASM en Gambardella"},"content":{"rendered":"\n<p>Vainqueurs de Marignane (3-1) lors du 1er tour f\u00e9d\u00e9ral de la Coupe Gambardella, les U18 de l\u2019AS Monaco connaissent leur prochain adversaire pour les 32es de finale. Le tirage a \u00e9t\u00e9 plut\u00f4t favorable aux joueurs de Fr\u00e9d\u00e9ric Barilaro et Manu Dos Santos, puisqu\u2019ils seront oppos\u00e9s au club de Montredon-Bonneveine, qui \u00e9volue en U18 R1.<\/p>\n\n\n\n<p>Les Mon\u00e9gasques se d\u00e9placeront dans la banlieue de Marseille le week-end des 11 et 12 janvier pour cette rencontre avec la ferme intention de poursuivre leur aventure.<\/p>\n\n\n","protected":false},"excerpt":{"rendered":"<p>Vainqueurs de Marignane (3-1) lors du 1er tour f\u00e9d\u00e9ral de la Coupe Gambardella, les U18 de l\u2019AS Monaco connaissent leur prochain adversaire pour les 32es de finale. Le tirage a \u00e9t\u00e9 plut\u00f4t favorable aux joueurs de Fr\u00e9d\u00e9ric Barilaro et Manu Dos Santos, puisqu\u2019ils seront oppos\u00e9s au club de Montredon-Bonneveine, qui \u00e9volue en U18 R1. Les [&#8230;]\n","protected":false},"author":2,"featured_media":0,"comment_status":"open","ping_status":"open","sticky":false,"template":"","format":"standard","meta":[],"categories":[6],"tags":[76,86,321,952],"yoast_head":"<!-- This site is optimized with the Yoast SEO plugin v19.8 - https:\/\/yoast.com\/wordpress\/plugins\/seo\/ -->\n<title>Tirage cl\u00e9ment pour l\u2019ASM en Gambardella - La Diagonale<\/title>\n<meta name=\"robots\" content=\"index, follow, max-snippet:-1, max-image-preview:large, max-video-preview:-1\" \/>\n<link rel=\"canonical\" href=\"https:\/\/www.ladiagonale.net\/index.php\/2024\/12\/19\/tirage-clement-pour-lasm-en-gambardella\/\" \/>\n<meta property=\"og:locale\" content=\"fr_FR\" \/>\n<meta property=\"og:type\" content=\"article\" \/>\n<meta property=\"og:title\" content=\"Tirage cl\u00e9ment pour l\u2019ASM en Gambardella - La Diagonale\" \/>\n<meta property=\"og:description\" content=\"Vainqueurs de Marignane (3-1) lors du 1er tour f\u00e9d\u00e9ral de la Coupe Gambardella, les U18 de l\u2019AS Monaco connaissent leur prochain adversaire pour les 32es de finale. Le tirage a \u00e9t\u00e9 plut\u00f4t favorable aux joueurs de Fr\u00e9d\u00e9ric Barilaro et Manu Dos Santos, puisqu\u2019ils seront oppos\u00e9s au club de Montredon-Bonneveine, qui \u00e9volue en U18 R1. Les [...]\" \/>\n<meta property=\"og:url\" content=\"https:\/\/www.ladiagonale.net\/index.php\/2024\/12\/19\/tirage-clement-pour-lasm-en-gambardella\/\" \/>\n<meta property=\"og:site_name\" content=\"La Diagonale\" \/>\n<meta property=\"article:published_time\" content=\"2024-12-19T13:44:06+00:00\" \/>\n<meta property=\"og:image\" content=\"https:\/\/www.ladiagonale.net\/wp-content\/uploads\/2024\/12\/nibombe-tott.jpg\" \/>\n\t<meta property=\"og:image:width\" content=\"1160\" \/>\n\t<meta property=\"og:image:height\" content=\"650\" \/>\n\t<meta property=\"og:image:type\" content=\"image\/jpeg\" \/>\n<meta name=\"author\" content=\"Damien Dellerba\" \/>\n<meta name=\"twitter:card\" content=\"summary_large_image\" \/>\n<meta name=\"twitter:image\" content=\"https:\/\/www.ladiagonale.net\/wp-content\/uploads\/2024\/12\/nibombe-tott.jpg\" \/>\n<meta name=\"twitter:label1\" content=\"\u00c9crit par\" \/>\n\t<meta name=\"twitter:data1\" content=\"Damien Dellerba\" \/>\n\t<meta name=\"twitter:label2\" content=\"Dur\u00e9e de lecture estim\u00e9e\" \/>\n\t<meta name=\"twitter:data2\" content=\"1 minute\" \/>\n<script type=\"application\/ld+json\" class=\"yoast-schema-graph\">{\"@context\":\"https:\/\/schema.org\",\"@graph\":[{\"@type\":\"WebPage\",\"@id\":\"https:\/\/www.ladiagonale.net\/index.php\/2024\/12\/19\/tirage-clement-pour-lasm-en-gambardella\/\",\"url\":\"https:\/\/www.ladiagonale.net\/index.php\/2024\/12\/19\/tirage-clement-pour-lasm-en-gambardella\/\",\"name\":\"Tirage cl\u00e9ment pour l\u2019ASM en Gambardella - La Diagonale\",\"isPartOf\":{\"@id\":\"https:\/\/www.ladiagonale.net\/#website\"},\"datePublished\":\"2024-12-19T13:44:06+00:00\",\"dateModified\":\"2024-12-19T13:44:06+00:00\",\"author\":{\"@id\":\"https:\/\/www.ladiagonale.net\/#\/schema\/person\/79ff1e7b0853ed01b2aa26e64ad300bf\"},\"breadcrumb\":{\"@id\":\"https:\/\/www.ladiagonale.net\/index.php\/2024\/12\/19\/tirage-clement-pour-lasm-en-gambardella\/#breadcrumb\"},\"inLanguage\":\"fr-FR\",\"potentialAction\":[{\"@type\":\"ReadAction\",\"target\":[\"https:\/\/www.ladiagonale.net\/index.php\/2024\/12\/19\/tirage-clement-pour-lasm-en-gambardella\/\"]}]},{\"@type\":\"BreadcrumbList\",\"@id\":\"https:\/\/www.ladiagonale.net\/index.php\/2024\/12\/19\/tirage-clement-pour-lasm-en-gambardella\/#breadcrumb\",\"itemListElement\":[{\"@type\":\"ListItem\",\"position\":1,\"name\":\"Accueil\",\"item\":\"https:\/\/www.ladiagonale.net\/\"},{\"@type\":\"ListItem\",\"position\":2,\"name\":\"Tirage cl\u00e9ment pour l\u2019ASM en Gambardella\"}]},{\"@type\":\"WebSite\",\"@id\":\"https:\/\/www.ladiagonale.net\/#website\",\"url\":\"https:\/\/www.ladiagonale.net\/\",\"name\":\"La Diagonale\",\"description\":\"Le site des supporters de l&#039;AS Monaco FC\",\"potentialAction\":[{\"@type\":\"SearchAction\",\"target\":{\"@type\":\"EntryPoint\",\"urlTemplate\":\"https:\/\/www.ladiagonale.net\/?s={search_term_string}\"},\"query-input\":\"required name=search_term_string\"}],\"inLanguage\":\"fr-FR\"},{\"@type\":\"Person\",\"@id\":\"https:\/\/www.ladiagonale.net\/#\/schema\/person\/79ff1e7b0853ed01b2aa26e64ad300bf\",\"name\":\"Damien Dellerba\",\"image\":{\"@type\":\"ImageObject\",\"inLanguage\":\"fr-FR\",\"@id\":\"https:\/\/www.ladiagonale.net\/#\/schema\/person\/image\/\",\"url\":\"https:\/\/secure.gravatar.com\/avatar\/c7850e06d3ff63cdbaee88b7fc16e2f0?s=96&d=mm&r=g\",\"contentUrl\":\"https:\/\/secure.gravatar.com\/avatar\/c7850e06d3ff63cdbaee88b7fc16e2f0?s=96&d=mm&r=g\",\"caption\":\"Damien Dellerba\"},\"url\":\"https:\/\/www.ladiagonale.net\/index.php\/author\/damien\/\"}]}<\/script>\n<!-- \/ Yoast SEO plugin. -->","yoast_head_json":{"title":"Tirage cl\u00e9ment pour l\u2019ASM en Gambardella - La Diagonale","robots":{"index":"index","follow":"follow","max-snippet":"max-snippet:-1","max-image-preview":"max-image-preview:large","max-video-preview":"max-video-preview:-1"},"canonical":"https:\/\/www.ladiagonale.net\/index.php\/2024\/12\/19\/tirage-clement-pour-lasm-en-gambardella\/","og_locale":"fr_FR","og_type":"article","og_title":"Tirage cl\u00e9ment pour l\u2019ASM en Gambardella - La Diagonale","og_description":"Vainqueurs de Marignane (3-1) lors du 1er tour f\u00e9d\u00e9ral de la Coupe Gambardella, les U18 de l\u2019AS Monaco connaissent leur prochain adversaire pour les 32es de finale. Le tirage a \u00e9t\u00e9 plut\u00f4t favorable aux joueurs de Fr\u00e9d\u00e9ric Barilaro et Manu Dos Santos, puisqu\u2019ils seront oppos\u00e9s au club de Montredon-Bonneveine, qui \u00e9volue en U18 R1. Les [...]","og_url":"https:\/\/www.ladiagonale.net\/index.php\/2024\/12\/19\/tirage-clement-pour-lasm-en-gambardella\/","og_site_name":"La Diagonale","article_published_time":"2024-12-19T13:44:06+00:00","og_image":[{"width":1160,"height":650,"url":"https:\/\/www.ladiagonale.net\/wp-content\/uploads\/2024\/12\/nibombe-tott.jpg","type":"image\/jpeg"}],"author":"Damien Dellerba","twitter_card":"summary_large_image","twitter_image":"https:\/\/www.ladiagonale.net\/wp-content\/uploads\/2024\/12\/nibombe-tott.jpg","twitter_misc":{"\u00c9crit par":"Damien Dellerba","Dur\u00e9e de lecture estim\u00e9e":"1 minute"},"schema":{"@context":"https:\/\/schema.org","@graph":[{"@type":"WebPage","@id":"https:\/\/www.ladiagonale.net\/index.php\/2024\/12\/19\/tirage-clement-pour-lasm-en-gambardella\/","url":"https:\/\/www.ladiagonale.net\/index.php\/2024\/12\/19\/tirage-clement-pour-lasm-en-gambardella\/","name":"Tirage cl\u00e9ment pour l\u2019ASM en Gambardella - La Diagonale","isPartOf":{"@id":"https:\/\/www.ladiagonale.net\/#website"},"datePublished":"2024-12-19T13:44:06+00:00","dateModified":"2024-12-19T13:44:06+00:00","author":{"@id":"https:\/\/www.ladiagonale.net\/#\/schema\/person\/79ff1e7b0853ed01b2aa26e64ad300bf"},"breadcrumb":{"@id":"https:\/\/www.ladiagonale.net\/index.php\/2024\/12\/19\/tirage-clement-pour-lasm-en-gambardella\/#breadcrumb"},"inLanguage":"fr-FR","potentialAction":[{"@type":"ReadAction","target":["https:\/\/www.ladiagonale.net\/index.php\/2024\/12\/19\/tirage-clement-pour-lasm-en-gambardella\/"]}]},{"@type":"BreadcrumbList","@id":"https:\/\/www.ladiagonale.net\/index.php\/2024\/12\/19\/tirage-clement-pour-lasm-en-gambardella\/#breadcrumb","itemListElement":[{"@type":"ListItem","position":1,"name":"Accueil","item":"https:\/\/www.ladiagonale.net\/"},{"@type":"ListItem","position":2,"name":"Tirage cl\u00e9ment pour l\u2019ASM en Gambardella"}]},{"@type":"WebSite","@id":"https:\/\/www.ladiagonale.net\/#website","url":"https:\/\/www.ladiagonale.net\/","name":"La Diagonale","description":"Le site des supporters de l&#039;AS Monaco FC","potentialAction":[{"@type":"SearchAction","target":{"@type":"EntryPoint","urlTemplate":"https:\/\/www.ladiagonale.net\/?s={search_term_string}"},"query-input":"required name=search_term_string"}],"inLanguage":"fr-FR"},{"@type":"Person","@id":"https:\/\/www.ladiagonale.net\/#\/schema\/person\/79ff1e7b0853ed01b2aa26e64ad300bf","name":"Damien Dellerba","image":{"@type":"ImageObject","inLanguage":"fr-FR","@id":"https:\/\/www.ladiagonale.net\/#\/schema\/person\/image\/","url":"https:\/\/secure.gravatar.com\/avatar\/c7850e06d3ff63cdbaee88b7fc16e2f0?s=96&d=mm&r=g","contentUrl":"https:\/\/secure.gravatar.com\/avatar\/c7850e06d3ff63cdbaee88b7fc16e2f0?s=96&d=mm&r=g","caption":"Damien Dellerba"},"url":"https:\/\/www.ladiagonale.net\/index.php\/author\/damien\/"}]}},"_links":{"self":[{"href":"https:\/\/www.ladiagonale.net\/index.php\/wp-json\/wp\/v2\/posts\/28445"}],"collection":[{"href":"https:\/\/www.ladiagonale.net\/index.php\/wp-json\/wp\/v2\/posts"}],"about":[{"href":"https:\/\/www.ladiagonale.net\/index.php\/wp-json\/wp\/v2\/types\/post"}],"author":[{"embeddable":true,"href":"https:\/\/www.ladiagonale.net\/index.php\/wp-json\/wp\/v2\/users\/2"}],"replies":[{"embeddable":true,"href":"https:\/\/www.ladiagonale.net\/index.php\/wp-json\/wp\/v2\/comments?post=28445"}],"version-history":[{"count":1,"href":"https:\/\/www.ladiagonale.net\/index.php\/wp-json\/wp\/v2\/posts\/28445\/revisions"}],"predecessor-version":[{"id":28446,"href":"https:\/\/www.ladiagonale.net\/index.php\/wp-json\/wp\/v2\/posts\/28445\/revisions\/28446"}],"wp:attachment":[{"href":"https:\/\/www.ladiagonale.net\/index.php\/wp-json\/wp\/v2\/media?parent=28445"}],"wp:term":[{"taxonomy":"category","embeddable":true,"href":"https:\/\/www.ladiagonale.net\/index.php\/wp-json\/wp\/v2\/categories?post=28445"},{"taxonomy":"post_tag","embeddable":true,"href":"https:\/\/www.ladiagonale.net\/index.php\/wp-json\/wp\/v2\/tags?post=28445"}],"curies":[{"name":"wp","href":"https:\/\/api.w.org\/{rel}","templated":true}]}}