{"id":28581,"date":"2024-12-30T15:48:36","date_gmt":"2024-12-30T14:48:36","guid":{"rendered":"https:\/\/www.ladiagonale.net\/?p=28581"},"modified":"2024-12-30T15:48:37","modified_gmt":"2024-12-30T14:48:37","slug":"le-costaricien-ugalde-cible-en-attaque","status":"publish","type":"post","link":"https:\/\/www.ladiagonale.net\/index.php\/2024\/12\/30\/le-costaricien-ugalde-cible-en-attaque\/","title":{"rendered":"Le Costaricien Ugalde cibl\u00e9 en attaque ?"},"content":{"rendered":"\n<p>L\u2019AS Monaco est confront\u00e9e \u00e0 la blessure de Folarin Balogun et pr\u00e9voit de se renforcer en attaque lors du mercato hivernal qui doit ouvrir ses portes mercredi. Les recruteurs mon\u00e9gasques auraient dans le viseur un buteur costaricien, Manfred Ugalde, qui \u00e9volue au Spartak Moscou. L\u2019information a \u00e9t\u00e9 r\u00e9v\u00e9l\u00e9e par Mohamed Toubache-Ter et confirm\u00e9e par <em>L\u2019\u00c9quipe<\/em>, qui a donn\u00e9 d\u2019avantage de pr\u00e9cisions.<\/p>\n\n\n\n<p>L\u2019ASM serait notamment int\u00e9ress\u00e9e par le profil du joueur de 22 ans depuis plusieurs semaines mais ne travaillait pas \u00e0 une \u00e9ventuelle arriv\u00e9e avant l\u2019\u00e9t\u00e9 2025. D&rsquo;autres part, les dirigeants mon\u00e9gasques ne semblaient chercher qu\u2019une solution \u00e0 court-terme en visant un joueur en pr\u00eat mais cette possibilit\u00e9 semble difficile \u00e0 envisager pour un joueur pay\u00e9 13 millions d&rsquo;euros en janvier dernier et dont le contrat court jusqu&rsquo;en juin 2028, qui plus est en grande forme.<\/p>\n\n\n\n<p>Depuis le d\u00e9but de la saison, l&rsquo;international costaricien (18 s\u00e9lections, 3 buts) a en effet inscrit 16 buts en 22 matches toutes comp\u00e9titions confondues, ce qui permet notamment au Spartak Moscou d&rsquo;\u00eatre \u00e0 la lutte pour le titre en championnat (3<sup>e<\/sup>, \u00e0 deux points du leader Krasnodar)<\/p>\n\n\n","protected":false},"excerpt":{"rendered":"<p>L\u2019AS Monaco est confront\u00e9e \u00e0 la blessure de Folarin Balogun et pr\u00e9voit de se renforcer en attaque lors du mercato hivernal qui doit ouvrir ses portes mercredi. Les recruteurs mon\u00e9gasques auraient dans le viseur un buteur costaricien, Manfred Ugalde, qui \u00e9volue au Spartak Moscou. L\u2019information a \u00e9t\u00e9 r\u00e9v\u00e9l\u00e9e par Mohamed Toubache-Ter et confirm\u00e9e par L\u2019\u00c9quipe, [&#8230;]\n","protected":false},"author":2,"featured_media":0,"comment_status":"open","ping_status":"open","sticky":false,"template":"","format":"standard","meta":[],"categories":[6],"tags":[86,963,111,110],"yoast_head":"<!-- This site is optimized with the Yoast SEO plugin v19.8 - https:\/\/yoast.com\/wordpress\/plugins\/seo\/ -->\n<title>Le Costaricien Ugalde cibl\u00e9 en attaque ? - La Diagonale<\/title>\n<meta name=\"robots\" content=\"index, follow, max-snippet:-1, max-image-preview:large, max-video-preview:-1\" \/>\n<link rel=\"canonical\" href=\"https:\/\/www.ladiagonale.net\/index.php\/2024\/12\/30\/le-costaricien-ugalde-cible-en-attaque\/\" \/>\n<meta property=\"og:locale\" content=\"fr_FR\" \/>\n<meta property=\"og:type\" content=\"article\" \/>\n<meta property=\"og:title\" content=\"Le Costaricien Ugalde cibl\u00e9 en attaque ? - La Diagonale\" \/>\n<meta property=\"og:description\" content=\"L\u2019AS Monaco est confront\u00e9e \u00e0 la blessure de Folarin Balogun et pr\u00e9voit de se renforcer en attaque lors du mercato hivernal qui doit ouvrir ses portes mercredi. Les recruteurs mon\u00e9gasques auraient dans le viseur un buteur costaricien, Manfred Ugalde, qui \u00e9volue au Spartak Moscou. L\u2019information a \u00e9t\u00e9 r\u00e9v\u00e9l\u00e9e par Mohamed Toubache-Ter et confirm\u00e9e par L\u2019\u00c9quipe, [...]\" \/>\n<meta property=\"og:url\" content=\"https:\/\/www.ladiagonale.net\/index.php\/2024\/12\/30\/le-costaricien-ugalde-cible-en-attaque\/\" \/>\n<meta property=\"og:site_name\" content=\"La Diagonale\" \/>\n<meta property=\"article:published_time\" content=\"2024-12-30T14:48:36+00:00\" \/>\n<meta property=\"article:modified_time\" content=\"2024-12-30T14:48:37+00:00\" \/>\n<meta property=\"og:image\" content=\"https:\/\/www.ladiagonale.net\/wp-content\/uploads\/2024\/12\/ugalde.png\" \/>\n\t<meta property=\"og:image:width\" content=\"1160\" \/>\n\t<meta property=\"og:image:height\" content=\"650\" \/>\n\t<meta property=\"og:image:type\" content=\"image\/png\" \/>\n<meta name=\"author\" content=\"Damien Dellerba\" \/>\n<meta name=\"twitter:card\" content=\"summary_large_image\" \/>\n<meta name=\"twitter:image\" content=\"https:\/\/www.ladiagonale.net\/wp-content\/uploads\/2024\/12\/ugalde.png\" \/>\n<meta name=\"twitter:label1\" content=\"\u00c9crit par\" \/>\n\t<meta name=\"twitter:data1\" content=\"Damien Dellerba\" \/>\n\t<meta name=\"twitter:label2\" content=\"Dur\u00e9e de lecture estim\u00e9e\" \/>\n\t<meta name=\"twitter:data2\" content=\"1 minute\" \/>\n<script type=\"application\/ld+json\" class=\"yoast-schema-graph\">{\"@context\":\"https:\/\/schema.org\",\"@graph\":[{\"@type\":\"WebPage\",\"@id\":\"https:\/\/www.ladiagonale.net\/index.php\/2024\/12\/30\/le-costaricien-ugalde-cible-en-attaque\/\",\"url\":\"https:\/\/www.ladiagonale.net\/index.php\/2024\/12\/30\/le-costaricien-ugalde-cible-en-attaque\/\",\"name\":\"Le Costaricien Ugalde cibl\u00e9 en attaque ? - La Diagonale\",\"isPartOf\":{\"@id\":\"https:\/\/www.ladiagonale.net\/#website\"},\"datePublished\":\"2024-12-30T14:48:36+00:00\",\"dateModified\":\"2024-12-30T14:48:37+00:00\",\"author\":{\"@id\":\"https:\/\/www.ladiagonale.net\/#\/schema\/person\/79ff1e7b0853ed01b2aa26e64ad300bf\"},\"breadcrumb\":{\"@id\":\"https:\/\/www.ladiagonale.net\/index.php\/2024\/12\/30\/le-costaricien-ugalde-cible-en-attaque\/#breadcrumb\"},\"inLanguage\":\"fr-FR\",\"potentialAction\":[{\"@type\":\"ReadAction\",\"target\":[\"https:\/\/www.ladiagonale.net\/index.php\/2024\/12\/30\/le-costaricien-ugalde-cible-en-attaque\/\"]}]},{\"@type\":\"BreadcrumbList\",\"@id\":\"https:\/\/www.ladiagonale.net\/index.php\/2024\/12\/30\/le-costaricien-ugalde-cible-en-attaque\/#breadcrumb\",\"itemListElement\":[{\"@type\":\"ListItem\",\"position\":1,\"name\":\"Accueil\",\"item\":\"https:\/\/www.ladiagonale.net\/\"},{\"@type\":\"ListItem\",\"position\":2,\"name\":\"Le Costaricien Ugalde cibl\u00e9 en attaque ?\"}]},{\"@type\":\"WebSite\",\"@id\":\"https:\/\/www.ladiagonale.net\/#website\",\"url\":\"https:\/\/www.ladiagonale.net\/\",\"name\":\"La Diagonale\",\"description\":\"Le site des supporters de l&#039;AS Monaco FC\",\"potentialAction\":[{\"@type\":\"SearchAction\",\"target\":{\"@type\":\"EntryPoint\",\"urlTemplate\":\"https:\/\/www.ladiagonale.net\/?s={search_term_string}\"},\"query-input\":\"required name=search_term_string\"}],\"inLanguage\":\"fr-FR\"},{\"@type\":\"Person\",\"@id\":\"https:\/\/www.ladiagonale.net\/#\/schema\/person\/79ff1e7b0853ed01b2aa26e64ad300bf\",\"name\":\"Damien Dellerba\",\"image\":{\"@type\":\"ImageObject\",\"inLanguage\":\"fr-FR\",\"@id\":\"https:\/\/www.ladiagonale.net\/#\/schema\/person\/image\/\",\"url\":\"https:\/\/secure.gravatar.com\/avatar\/c7850e06d3ff63cdbaee88b7fc16e2f0?s=96&d=mm&r=g\",\"contentUrl\":\"https:\/\/secure.gravatar.com\/avatar\/c7850e06d3ff63cdbaee88b7fc16e2f0?s=96&d=mm&r=g\",\"caption\":\"Damien Dellerba\"},\"url\":\"https:\/\/www.ladiagonale.net\/index.php\/author\/damien\/\"}]}<\/script>\n<!-- \/ Yoast SEO plugin. -->","yoast_head_json":{"title":"Le Costaricien Ugalde cibl\u00e9 en attaque ? - La Diagonale","robots":{"index":"index","follow":"follow","max-snippet":"max-snippet:-1","max-image-preview":"max-image-preview:large","max-video-preview":"max-video-preview:-1"},"canonical":"https:\/\/www.ladiagonale.net\/index.php\/2024\/12\/30\/le-costaricien-ugalde-cible-en-attaque\/","og_locale":"fr_FR","og_type":"article","og_title":"Le Costaricien Ugalde cibl\u00e9 en attaque ? - La Diagonale","og_description":"L\u2019AS Monaco est confront\u00e9e \u00e0 la blessure de Folarin Balogun et pr\u00e9voit de se renforcer en attaque lors du mercato hivernal qui doit ouvrir ses portes mercredi. Les recruteurs mon\u00e9gasques auraient dans le viseur un buteur costaricien, Manfred Ugalde, qui \u00e9volue au Spartak Moscou. L\u2019information a \u00e9t\u00e9 r\u00e9v\u00e9l\u00e9e par Mohamed Toubache-Ter et confirm\u00e9e par L\u2019\u00c9quipe, [...]","og_url":"https:\/\/www.ladiagonale.net\/index.php\/2024\/12\/30\/le-costaricien-ugalde-cible-en-attaque\/","og_site_name":"La Diagonale","article_published_time":"2024-12-30T14:48:36+00:00","article_modified_time":"2024-12-30T14:48:37+00:00","og_image":[{"width":1160,"height":650,"url":"https:\/\/www.ladiagonale.net\/wp-content\/uploads\/2024\/12\/ugalde.png","type":"image\/png"}],"author":"Damien Dellerba","twitter_card":"summary_large_image","twitter_image":"https:\/\/www.ladiagonale.net\/wp-content\/uploads\/2024\/12\/ugalde.png","twitter_misc":{"\u00c9crit par":"Damien Dellerba","Dur\u00e9e de lecture estim\u00e9e":"1 minute"},"schema":{"@context":"https:\/\/schema.org","@graph":[{"@type":"WebPage","@id":"https:\/\/www.ladiagonale.net\/index.php\/2024\/12\/30\/le-costaricien-ugalde-cible-en-attaque\/","url":"https:\/\/www.ladiagonale.net\/index.php\/2024\/12\/30\/le-costaricien-ugalde-cible-en-attaque\/","name":"Le Costaricien Ugalde cibl\u00e9 en attaque ? - La Diagonale","isPartOf":{"@id":"https:\/\/www.ladiagonale.net\/#website"},"datePublished":"2024-12-30T14:48:36+00:00","dateModified":"2024-12-30T14:48:37+00:00","author":{"@id":"https:\/\/www.ladiagonale.net\/#\/schema\/person\/79ff1e7b0853ed01b2aa26e64ad300bf"},"breadcrumb":{"@id":"https:\/\/www.ladiagonale.net\/index.php\/2024\/12\/30\/le-costaricien-ugalde-cible-en-attaque\/#breadcrumb"},"inLanguage":"fr-FR","potentialAction":[{"@type":"ReadAction","target":["https:\/\/www.ladiagonale.net\/index.php\/2024\/12\/30\/le-costaricien-ugalde-cible-en-attaque\/"]}]},{"@type":"BreadcrumbList","@id":"https:\/\/www.ladiagonale.net\/index.php\/2024\/12\/30\/le-costaricien-ugalde-cible-en-attaque\/#breadcrumb","itemListElement":[{"@type":"ListItem","position":1,"name":"Accueil","item":"https:\/\/www.ladiagonale.net\/"},{"@type":"ListItem","position":2,"name":"Le Costaricien Ugalde cibl\u00e9 en attaque ?"}]},{"@type":"WebSite","@id":"https:\/\/www.ladiagonale.net\/#website","url":"https:\/\/www.ladiagonale.net\/","name":"La Diagonale","description":"Le site des supporters de l&#039;AS Monaco FC","potentialAction":[{"@type":"SearchAction","target":{"@type":"EntryPoint","urlTemplate":"https:\/\/www.ladiagonale.net\/?s={search_term_string}"},"query-input":"required name=search_term_string"}],"inLanguage":"fr-FR"},{"@type":"Person","@id":"https:\/\/www.ladiagonale.net\/#\/schema\/person\/79ff1e7b0853ed01b2aa26e64ad300bf","name":"Damien Dellerba","image":{"@type":"ImageObject","inLanguage":"fr-FR","@id":"https:\/\/www.ladiagonale.net\/#\/schema\/person\/image\/","url":"https:\/\/secure.gravatar.com\/avatar\/c7850e06d3ff63cdbaee88b7fc16e2f0?s=96&d=mm&r=g","contentUrl":"https:\/\/secure.gravatar.com\/avatar\/c7850e06d3ff63cdbaee88b7fc16e2f0?s=96&d=mm&r=g","caption":"Damien Dellerba"},"url":"https:\/\/www.ladiagonale.net\/index.php\/author\/damien\/"}]}},"_links":{"self":[{"href":"https:\/\/www.ladiagonale.net\/index.php\/wp-json\/wp\/v2\/posts\/28581"}],"collection":[{"href":"https:\/\/www.ladiagonale.net\/index.php\/wp-json\/wp\/v2\/posts"}],"about":[{"href":"https:\/\/www.ladiagonale.net\/index.php\/wp-json\/wp\/v2\/types\/post"}],"author":[{"embeddable":true,"href":"https:\/\/www.ladiagonale.net\/index.php\/wp-json\/wp\/v2\/users\/2"}],"replies":[{"embeddable":true,"href":"https:\/\/www.ladiagonale.net\/index.php\/wp-json\/wp\/v2\/comments?post=28581"}],"version-history":[{"count":1,"href":"https:\/\/www.ladiagonale.net\/index.php\/wp-json\/wp\/v2\/posts\/28581\/revisions"}],"predecessor-version":[{"id":28583,"href":"https:\/\/www.ladiagonale.net\/index.php\/wp-json\/wp\/v2\/posts\/28581\/revisions\/28583"}],"wp:attachment":[{"href":"https:\/\/www.ladiagonale.net\/index.php\/wp-json\/wp\/v2\/media?parent=28581"}],"wp:term":[{"taxonomy":"category","embeddable":true,"href":"https:\/\/www.ladiagonale.net\/index.php\/wp-json\/wp\/v2\/categories?post=28581"},{"taxonomy":"post_tag","embeddable":true,"href":"https:\/\/www.ladiagonale.net\/index.php\/wp-json\/wp\/v2\/tags?post=28581"}],"curies":[{"name":"wp","href":"https:\/\/api.w.org\/{rel}","templated":true}]}}