{"id":28638,"date":"2025-01-03T23:21:55","date_gmt":"2025-01-03T22:21:55","guid":{"rendered":"https:\/\/www.ladiagonale.net\/?p=28638"},"modified":"2025-01-03T23:28:48","modified_gmt":"2025-01-03T22:28:48","slug":"nantes-aurait-revu-son-offre-a-la-hausse-pour-matazo","status":"publish","type":"post","link":"https:\/\/www.ladiagonale.net\/index.php\/2025\/01\/03\/nantes-aurait-revu-son-offre-a-la-hausse-pour-matazo\/","title":{"rendered":"Nantes aurait revu son offre \u00e0 la hausse pour Matazo"},"content":{"rendered":"\n<p>Alors que Mamadou Coulibaly a effectu\u00e9 <a href=\"https:\/\/www.ladiagonale.net\/index.php\/2025\/01\/02\/un-groupe-de-25-avec-zakaria-majecki-et-coulibaly-pour-le-trophee-des-champions\/\" target=\"_blank\" rel=\"noreferrer noopener\">son retour dans le groupe \u00e9largi<\/a> d\u2019Adi H\u00fctter avant le Troph\u00e9e des champions, l\u2019AS Monaco pourrait ouvrir la porte pour Eliot Matazo (22 ans). Le milieu de terrain belge serait toujours courtis\u00e9 par Nantes, comme l\u2019avait r\u00e9v\u00e9l\u00e9 <em>L\u2019\u00c9quipe<\/em> quelques jours plus t\u00f4t, et selon Sacha Tavolieri, le club dirig\u00e9 par Waldemar Kita aurait formul\u00e9 une seconde offre \u00e0 l\u2019ASM, sup\u00e9rieure \u00e0 la premi\u00e8re, pour tenter de convaincre les dirigeants mon\u00e9gasques. Comme l\u2019indique le journaliste belge, Nantes serait d\u00e9sormais dans l\u2019optique d\u2019un transfert d\u00e9finitif.<\/p>\n\n\n\n<p>Confront\u00e9 \u00e0 un faible temps de jeu (sept apparitions pour 182 minutes de jeu), Matazo serait enclin \u00e0 rejoindre l&rsquo;actuel 14<sup>e<\/sup> de Ligue 1. Il est sous contrat en Principaut\u00e9 jusqu\u2019en juin 2026.<\/p>\n\n\n","protected":false},"excerpt":{"rendered":"<p>Alors que Mamadou Coulibaly a effectu\u00e9 son retour dans le groupe \u00e9largi d\u2019Adi H\u00fctter avant le Troph\u00e9e des champions, l\u2019AS Monaco pourrait ouvrir la porte pour Eliot Matazo (22 ans). Le milieu de terrain belge serait toujours courtis\u00e9 par Nantes, comme l\u2019avait r\u00e9v\u00e9l\u00e9 L\u2019\u00c9quipe quelques jours plus t\u00f4t, et selon Sacha Tavolieri, le club dirig\u00e9 [&#8230;]\n","protected":false},"author":2,"featured_media":0,"comment_status":"open","ping_status":"open","sticky":false,"template":"","format":"standard","meta":[],"categories":[6],"tags":[86,145,111,110],"yoast_head":"<!-- This site is optimized with the Yoast SEO plugin v19.8 - https:\/\/yoast.com\/wordpress\/plugins\/seo\/ -->\n<title>Nantes aurait revu son offre \u00e0 la hausse pour Matazo - La Diagonale<\/title>\n<meta name=\"robots\" content=\"index, follow, max-snippet:-1, max-image-preview:large, max-video-preview:-1\" \/>\n<link rel=\"canonical\" href=\"https:\/\/www.ladiagonale.net\/index.php\/2025\/01\/03\/nantes-aurait-revu-son-offre-a-la-hausse-pour-matazo\/\" \/>\n<meta property=\"og:locale\" content=\"fr_FR\" \/>\n<meta property=\"og:type\" content=\"article\" \/>\n<meta property=\"og:title\" content=\"Nantes aurait revu son offre \u00e0 la hausse pour Matazo - La Diagonale\" \/>\n<meta property=\"og:description\" content=\"Alors que Mamadou Coulibaly a effectu\u00e9 son retour dans le groupe \u00e9largi d\u2019Adi H\u00fctter avant le Troph\u00e9e des champions, l\u2019AS Monaco pourrait ouvrir la porte pour Eliot Matazo (22 ans). Le milieu de terrain belge serait toujours courtis\u00e9 par Nantes, comme l\u2019avait r\u00e9v\u00e9l\u00e9 L\u2019\u00c9quipe quelques jours plus t\u00f4t, et selon Sacha Tavolieri, le club dirig\u00e9 [...]\" \/>\n<meta property=\"og:url\" content=\"https:\/\/www.ladiagonale.net\/index.php\/2025\/01\/03\/nantes-aurait-revu-son-offre-a-la-hausse-pour-matazo\/\" \/>\n<meta property=\"og:site_name\" content=\"La Diagonale\" \/>\n<meta property=\"article:published_time\" content=\"2025-01-03T22:21:55+00:00\" \/>\n<meta property=\"article:modified_time\" content=\"2025-01-03T22:28:48+00:00\" \/>\n<meta property=\"og:image\" content=\"https:\/\/www.ladiagonale.net\/wp-content\/uploads\/2024\/12\/Matazo2.png\" \/>\n\t<meta property=\"og:image:width\" content=\"1160\" \/>\n\t<meta property=\"og:image:height\" content=\"650\" \/>\n\t<meta property=\"og:image:type\" content=\"image\/png\" \/>\n<meta name=\"author\" content=\"Damien Dellerba\" \/>\n<meta name=\"twitter:card\" content=\"summary_large_image\" \/>\n<meta name=\"twitter:image\" content=\"https:\/\/www.ladiagonale.net\/wp-content\/uploads\/2024\/12\/Matazo2.png\" \/>\n<meta name=\"twitter:label1\" content=\"\u00c9crit par\" \/>\n\t<meta name=\"twitter:data1\" content=\"Damien Dellerba\" \/>\n\t<meta name=\"twitter:label2\" content=\"Dur\u00e9e de lecture estim\u00e9e\" \/>\n\t<meta name=\"twitter:data2\" content=\"1 minute\" \/>\n<script type=\"application\/ld+json\" class=\"yoast-schema-graph\">{\"@context\":\"https:\/\/schema.org\",\"@graph\":[{\"@type\":\"WebPage\",\"@id\":\"https:\/\/www.ladiagonale.net\/index.php\/2025\/01\/03\/nantes-aurait-revu-son-offre-a-la-hausse-pour-matazo\/\",\"url\":\"https:\/\/www.ladiagonale.net\/index.php\/2025\/01\/03\/nantes-aurait-revu-son-offre-a-la-hausse-pour-matazo\/\",\"name\":\"Nantes aurait revu son offre \u00e0 la hausse pour Matazo - La Diagonale\",\"isPartOf\":{\"@id\":\"https:\/\/www.ladiagonale.net\/#website\"},\"datePublished\":\"2025-01-03T22:21:55+00:00\",\"dateModified\":\"2025-01-03T22:28:48+00:00\",\"author\":{\"@id\":\"https:\/\/www.ladiagonale.net\/#\/schema\/person\/79ff1e7b0853ed01b2aa26e64ad300bf\"},\"breadcrumb\":{\"@id\":\"https:\/\/www.ladiagonale.net\/index.php\/2025\/01\/03\/nantes-aurait-revu-son-offre-a-la-hausse-pour-matazo\/#breadcrumb\"},\"inLanguage\":\"fr-FR\",\"potentialAction\":[{\"@type\":\"ReadAction\",\"target\":[\"https:\/\/www.ladiagonale.net\/index.php\/2025\/01\/03\/nantes-aurait-revu-son-offre-a-la-hausse-pour-matazo\/\"]}]},{\"@type\":\"BreadcrumbList\",\"@id\":\"https:\/\/www.ladiagonale.net\/index.php\/2025\/01\/03\/nantes-aurait-revu-son-offre-a-la-hausse-pour-matazo\/#breadcrumb\",\"itemListElement\":[{\"@type\":\"ListItem\",\"position\":1,\"name\":\"Accueil\",\"item\":\"https:\/\/www.ladiagonale.net\/\"},{\"@type\":\"ListItem\",\"position\":2,\"name\":\"Nantes aurait revu son offre \u00e0 la hausse pour Matazo\"}]},{\"@type\":\"WebSite\",\"@id\":\"https:\/\/www.ladiagonale.net\/#website\",\"url\":\"https:\/\/www.ladiagonale.net\/\",\"name\":\"La Diagonale\",\"description\":\"Le site des supporters de l&#039;AS Monaco FC\",\"potentialAction\":[{\"@type\":\"SearchAction\",\"target\":{\"@type\":\"EntryPoint\",\"urlTemplate\":\"https:\/\/www.ladiagonale.net\/?s={search_term_string}\"},\"query-input\":\"required name=search_term_string\"}],\"inLanguage\":\"fr-FR\"},{\"@type\":\"Person\",\"@id\":\"https:\/\/www.ladiagonale.net\/#\/schema\/person\/79ff1e7b0853ed01b2aa26e64ad300bf\",\"name\":\"Damien Dellerba\",\"image\":{\"@type\":\"ImageObject\",\"inLanguage\":\"fr-FR\",\"@id\":\"https:\/\/www.ladiagonale.net\/#\/schema\/person\/image\/\",\"url\":\"https:\/\/secure.gravatar.com\/avatar\/c7850e06d3ff63cdbaee88b7fc16e2f0?s=96&d=mm&r=g\",\"contentUrl\":\"https:\/\/secure.gravatar.com\/avatar\/c7850e06d3ff63cdbaee88b7fc16e2f0?s=96&d=mm&r=g\",\"caption\":\"Damien Dellerba\"},\"url\":\"https:\/\/www.ladiagonale.net\/index.php\/author\/damien\/\"}]}<\/script>\n<!-- \/ Yoast SEO plugin. -->","yoast_head_json":{"title":"Nantes aurait revu son offre \u00e0 la hausse pour Matazo - La Diagonale","robots":{"index":"index","follow":"follow","max-snippet":"max-snippet:-1","max-image-preview":"max-image-preview:large","max-video-preview":"max-video-preview:-1"},"canonical":"https:\/\/www.ladiagonale.net\/index.php\/2025\/01\/03\/nantes-aurait-revu-son-offre-a-la-hausse-pour-matazo\/","og_locale":"fr_FR","og_type":"article","og_title":"Nantes aurait revu son offre \u00e0 la hausse pour Matazo - La Diagonale","og_description":"Alors que Mamadou Coulibaly a effectu\u00e9 son retour dans le groupe \u00e9largi d\u2019Adi H\u00fctter avant le Troph\u00e9e des champions, l\u2019AS Monaco pourrait ouvrir la porte pour Eliot Matazo (22 ans). Le milieu de terrain belge serait toujours courtis\u00e9 par Nantes, comme l\u2019avait r\u00e9v\u00e9l\u00e9 L\u2019\u00c9quipe quelques jours plus t\u00f4t, et selon Sacha Tavolieri, le club dirig\u00e9 [...]","og_url":"https:\/\/www.ladiagonale.net\/index.php\/2025\/01\/03\/nantes-aurait-revu-son-offre-a-la-hausse-pour-matazo\/","og_site_name":"La Diagonale","article_published_time":"2025-01-03T22:21:55+00:00","article_modified_time":"2025-01-03T22:28:48+00:00","og_image":[{"width":1160,"height":650,"url":"https:\/\/www.ladiagonale.net\/wp-content\/uploads\/2024\/12\/Matazo2.png","type":"image\/png"}],"author":"Damien Dellerba","twitter_card":"summary_large_image","twitter_image":"https:\/\/www.ladiagonale.net\/wp-content\/uploads\/2024\/12\/Matazo2.png","twitter_misc":{"\u00c9crit par":"Damien Dellerba","Dur\u00e9e de lecture estim\u00e9e":"1 minute"},"schema":{"@context":"https:\/\/schema.org","@graph":[{"@type":"WebPage","@id":"https:\/\/www.ladiagonale.net\/index.php\/2025\/01\/03\/nantes-aurait-revu-son-offre-a-la-hausse-pour-matazo\/","url":"https:\/\/www.ladiagonale.net\/index.php\/2025\/01\/03\/nantes-aurait-revu-son-offre-a-la-hausse-pour-matazo\/","name":"Nantes aurait revu son offre \u00e0 la hausse pour Matazo - La Diagonale","isPartOf":{"@id":"https:\/\/www.ladiagonale.net\/#website"},"datePublished":"2025-01-03T22:21:55+00:00","dateModified":"2025-01-03T22:28:48+00:00","author":{"@id":"https:\/\/www.ladiagonale.net\/#\/schema\/person\/79ff1e7b0853ed01b2aa26e64ad300bf"},"breadcrumb":{"@id":"https:\/\/www.ladiagonale.net\/index.php\/2025\/01\/03\/nantes-aurait-revu-son-offre-a-la-hausse-pour-matazo\/#breadcrumb"},"inLanguage":"fr-FR","potentialAction":[{"@type":"ReadAction","target":["https:\/\/www.ladiagonale.net\/index.php\/2025\/01\/03\/nantes-aurait-revu-son-offre-a-la-hausse-pour-matazo\/"]}]},{"@type":"BreadcrumbList","@id":"https:\/\/www.ladiagonale.net\/index.php\/2025\/01\/03\/nantes-aurait-revu-son-offre-a-la-hausse-pour-matazo\/#breadcrumb","itemListElement":[{"@type":"ListItem","position":1,"name":"Accueil","item":"https:\/\/www.ladiagonale.net\/"},{"@type":"ListItem","position":2,"name":"Nantes aurait revu son offre \u00e0 la hausse pour Matazo"}]},{"@type":"WebSite","@id":"https:\/\/www.ladiagonale.net\/#website","url":"https:\/\/www.ladiagonale.net\/","name":"La Diagonale","description":"Le site des supporters de l&#039;AS Monaco FC","potentialAction":[{"@type":"SearchAction","target":{"@type":"EntryPoint","urlTemplate":"https:\/\/www.ladiagonale.net\/?s={search_term_string}"},"query-input":"required name=search_term_string"}],"inLanguage":"fr-FR"},{"@type":"Person","@id":"https:\/\/www.ladiagonale.net\/#\/schema\/person\/79ff1e7b0853ed01b2aa26e64ad300bf","name":"Damien Dellerba","image":{"@type":"ImageObject","inLanguage":"fr-FR","@id":"https:\/\/www.ladiagonale.net\/#\/schema\/person\/image\/","url":"https:\/\/secure.gravatar.com\/avatar\/c7850e06d3ff63cdbaee88b7fc16e2f0?s=96&d=mm&r=g","contentUrl":"https:\/\/secure.gravatar.com\/avatar\/c7850e06d3ff63cdbaee88b7fc16e2f0?s=96&d=mm&r=g","caption":"Damien Dellerba"},"url":"https:\/\/www.ladiagonale.net\/index.php\/author\/damien\/"}]}},"_links":{"self":[{"href":"https:\/\/www.ladiagonale.net\/index.php\/wp-json\/wp\/v2\/posts\/28638"}],"collection":[{"href":"https:\/\/www.ladiagonale.net\/index.php\/wp-json\/wp\/v2\/posts"}],"about":[{"href":"https:\/\/www.ladiagonale.net\/index.php\/wp-json\/wp\/v2\/types\/post"}],"author":[{"embeddable":true,"href":"https:\/\/www.ladiagonale.net\/index.php\/wp-json\/wp\/v2\/users\/2"}],"replies":[{"embeddable":true,"href":"https:\/\/www.ladiagonale.net\/index.php\/wp-json\/wp\/v2\/comments?post=28638"}],"version-history":[{"count":4,"href":"https:\/\/www.ladiagonale.net\/index.php\/wp-json\/wp\/v2\/posts\/28638\/revisions"}],"predecessor-version":[{"id":28642,"href":"https:\/\/www.ladiagonale.net\/index.php\/wp-json\/wp\/v2\/posts\/28638\/revisions\/28642"}],"wp:attachment":[{"href":"https:\/\/www.ladiagonale.net\/index.php\/wp-json\/wp\/v2\/media?parent=28638"}],"wp:term":[{"taxonomy":"category","embeddable":true,"href":"https:\/\/www.ladiagonale.net\/index.php\/wp-json\/wp\/v2\/categories?post=28638"},{"taxonomy":"post_tag","embeddable":true,"href":"https:\/\/www.ladiagonale.net\/index.php\/wp-json\/wp\/v2\/tags?post=28638"}],"curies":[{"name":"wp","href":"https:\/\/api.w.org\/{rel}","templated":true}]}}