{"id":28643,"date":"2025-01-03T23:58:42","date_gmt":"2025-01-03T22:58:42","guid":{"rendered":"https:\/\/www.ladiagonale.net\/?p=28643"},"modified":"2025-01-04T00:07:03","modified_gmt":"2025-01-03T23:07:03","slug":"le-sturm-graz-exigerait-20-millions-deuros-pour-biereth","status":"publish","type":"post","link":"https:\/\/www.ladiagonale.net\/index.php\/2025\/01\/03\/le-sturm-graz-exigerait-20-millions-deuros-pour-biereth\/","title":{"rendered":"Le Sturm Graz exigerait 20 millions d\u2019euros pour Biereth"},"content":{"rendered":"\n<p>L\u2019AS Monaco souhaiterait attirer l\u2019attaquant danois Mika Biereth pour pallier la blessure de Folarin Balogun pour les prochains mois. Si le club de la Principaut\u00e9 semble avoir d\u00e9j\u00e0 r\u00e9ussi \u00e0 convaincre le joueur pour un contrat de cinq saisons, il n\u2019en serait pas de m\u00eame avec son propri\u00e9taire, le Sturm Graz. Selon le journaliste belge Sacha Tavolieri, le leader du championnat autrichien attendrait 20 millions d\u2019euros pour envisager la cession de son buteur, recrut\u00e9 cet \u00e9t\u00e9 contre un peu moins de cinq millions d\u2019euros. Une somme qui refroidirait l&rsquo;ASM, qui aurait commenc\u00e9 \u00e0 explorer d&rsquo;autres pistes.<\/p>\n\n\n\n<p>Biereth (21 ans) se r\u00e9v\u00e8le performant en Autriche, avec 14 buts inscrits en 25 matches depuis le d\u00e9but de la saison. Il est sous contrat jusqu&rsquo;en juin 2028. Mais une autre explication \u00e0 ces exigences financi\u00e8res \u00e9lev\u00e9es de la part du Sturm Graz pourrait \u00e9galement se trouver dans le pourcentage \u00e0 la revente qui semble avoir \u00e9t\u00e9 accord\u00e9 \u00e0 Arsenal au moment de son recrutement en juillet dernier.<\/p>\n\n\n","protected":false},"excerpt":{"rendered":"<p>L\u2019AS Monaco souhaiterait attirer l\u2019attaquant danois Mika Biereth pour pallier la blessure de Folarin Balogun pour les prochains mois. Si le club de la Principaut\u00e9 semble avoir d\u00e9j\u00e0 r\u00e9ussi \u00e0 convaincre le joueur pour un contrat de cinq saisons, il n\u2019en serait pas de m\u00eame avec son propri\u00e9taire, le Sturm Graz. Selon le journaliste belge [&#8230;]\n","protected":false},"author":2,"featured_media":0,"comment_status":"open","ping_status":"open","sticky":false,"template":"","format":"standard","meta":[],"categories":[6],"tags":[86,111,965,110],"yoast_head":"<!-- This site is optimized with the Yoast SEO plugin v19.8 - https:\/\/yoast.com\/wordpress\/plugins\/seo\/ -->\n<title>Le Sturm Graz exigerait 20 millions d\u2019euros pour Biereth - La Diagonale<\/title>\n<meta name=\"robots\" content=\"index, follow, max-snippet:-1, max-image-preview:large, max-video-preview:-1\" \/>\n<link rel=\"canonical\" href=\"https:\/\/www.ladiagonale.net\/index.php\/2025\/01\/03\/le-sturm-graz-exigerait-20-millions-deuros-pour-biereth\/\" \/>\n<meta property=\"og:locale\" content=\"fr_FR\" \/>\n<meta property=\"og:type\" content=\"article\" \/>\n<meta property=\"og:title\" content=\"Le Sturm Graz exigerait 20 millions d\u2019euros pour Biereth - La Diagonale\" \/>\n<meta property=\"og:description\" content=\"L\u2019AS Monaco souhaiterait attirer l\u2019attaquant danois Mika Biereth pour pallier la blessure de Folarin Balogun pour les prochains mois. Si le club de la Principaut\u00e9 semble avoir d\u00e9j\u00e0 r\u00e9ussi \u00e0 convaincre le joueur pour un contrat de cinq saisons, il n\u2019en serait pas de m\u00eame avec son propri\u00e9taire, le Sturm Graz. Selon le journaliste belge [...]\" \/>\n<meta property=\"og:url\" content=\"https:\/\/www.ladiagonale.net\/index.php\/2025\/01\/03\/le-sturm-graz-exigerait-20-millions-deuros-pour-biereth\/\" \/>\n<meta property=\"og:site_name\" content=\"La Diagonale\" \/>\n<meta property=\"article:published_time\" content=\"2025-01-03T22:58:42+00:00\" \/>\n<meta property=\"article:modified_time\" content=\"2025-01-03T23:07:03+00:00\" \/>\n<meta property=\"og:image\" content=\"https:\/\/www.ladiagonale.net\/wp-content\/uploads\/2025\/01\/biereth.png\" \/>\n\t<meta property=\"og:image:width\" content=\"1160\" \/>\n\t<meta property=\"og:image:height\" content=\"650\" \/>\n\t<meta property=\"og:image:type\" content=\"image\/png\" \/>\n<meta name=\"author\" content=\"Damien Dellerba\" \/>\n<meta name=\"twitter:card\" content=\"summary_large_image\" \/>\n<meta name=\"twitter:image\" content=\"https:\/\/www.ladiagonale.net\/wp-content\/uploads\/2025\/01\/biereth.png\" \/>\n<meta name=\"twitter:label1\" content=\"\u00c9crit par\" \/>\n\t<meta name=\"twitter:data1\" content=\"Damien Dellerba\" \/>\n\t<meta name=\"twitter:label2\" content=\"Dur\u00e9e de lecture estim\u00e9e\" \/>\n\t<meta name=\"twitter:data2\" content=\"1 minute\" \/>\n<script type=\"application\/ld+json\" class=\"yoast-schema-graph\">{\"@context\":\"https:\/\/schema.org\",\"@graph\":[{\"@type\":\"WebPage\",\"@id\":\"https:\/\/www.ladiagonale.net\/index.php\/2025\/01\/03\/le-sturm-graz-exigerait-20-millions-deuros-pour-biereth\/\",\"url\":\"https:\/\/www.ladiagonale.net\/index.php\/2025\/01\/03\/le-sturm-graz-exigerait-20-millions-deuros-pour-biereth\/\",\"name\":\"Le Sturm Graz exigerait 20 millions d\u2019euros pour Biereth - La Diagonale\",\"isPartOf\":{\"@id\":\"https:\/\/www.ladiagonale.net\/#website\"},\"datePublished\":\"2025-01-03T22:58:42+00:00\",\"dateModified\":\"2025-01-03T23:07:03+00:00\",\"author\":{\"@id\":\"https:\/\/www.ladiagonale.net\/#\/schema\/person\/79ff1e7b0853ed01b2aa26e64ad300bf\"},\"breadcrumb\":{\"@id\":\"https:\/\/www.ladiagonale.net\/index.php\/2025\/01\/03\/le-sturm-graz-exigerait-20-millions-deuros-pour-biereth\/#breadcrumb\"},\"inLanguage\":\"fr-FR\",\"potentialAction\":[{\"@type\":\"ReadAction\",\"target\":[\"https:\/\/www.ladiagonale.net\/index.php\/2025\/01\/03\/le-sturm-graz-exigerait-20-millions-deuros-pour-biereth\/\"]}]},{\"@type\":\"BreadcrumbList\",\"@id\":\"https:\/\/www.ladiagonale.net\/index.php\/2025\/01\/03\/le-sturm-graz-exigerait-20-millions-deuros-pour-biereth\/#breadcrumb\",\"itemListElement\":[{\"@type\":\"ListItem\",\"position\":1,\"name\":\"Accueil\",\"item\":\"https:\/\/www.ladiagonale.net\/\"},{\"@type\":\"ListItem\",\"position\":2,\"name\":\"Le Sturm Graz exigerait 20 millions d\u2019euros pour Biereth\"}]},{\"@type\":\"WebSite\",\"@id\":\"https:\/\/www.ladiagonale.net\/#website\",\"url\":\"https:\/\/www.ladiagonale.net\/\",\"name\":\"La Diagonale\",\"description\":\"Le site des supporters de l&#039;AS Monaco FC\",\"potentialAction\":[{\"@type\":\"SearchAction\",\"target\":{\"@type\":\"EntryPoint\",\"urlTemplate\":\"https:\/\/www.ladiagonale.net\/?s={search_term_string}\"},\"query-input\":\"required name=search_term_string\"}],\"inLanguage\":\"fr-FR\"},{\"@type\":\"Person\",\"@id\":\"https:\/\/www.ladiagonale.net\/#\/schema\/person\/79ff1e7b0853ed01b2aa26e64ad300bf\",\"name\":\"Damien Dellerba\",\"image\":{\"@type\":\"ImageObject\",\"inLanguage\":\"fr-FR\",\"@id\":\"https:\/\/www.ladiagonale.net\/#\/schema\/person\/image\/\",\"url\":\"https:\/\/secure.gravatar.com\/avatar\/c7850e06d3ff63cdbaee88b7fc16e2f0?s=96&d=mm&r=g\",\"contentUrl\":\"https:\/\/secure.gravatar.com\/avatar\/c7850e06d3ff63cdbaee88b7fc16e2f0?s=96&d=mm&r=g\",\"caption\":\"Damien Dellerba\"},\"url\":\"https:\/\/www.ladiagonale.net\/index.php\/author\/damien\/\"}]}<\/script>\n<!-- \/ Yoast SEO plugin. -->","yoast_head_json":{"title":"Le Sturm Graz exigerait 20 millions d\u2019euros pour Biereth - La Diagonale","robots":{"index":"index","follow":"follow","max-snippet":"max-snippet:-1","max-image-preview":"max-image-preview:large","max-video-preview":"max-video-preview:-1"},"canonical":"https:\/\/www.ladiagonale.net\/index.php\/2025\/01\/03\/le-sturm-graz-exigerait-20-millions-deuros-pour-biereth\/","og_locale":"fr_FR","og_type":"article","og_title":"Le Sturm Graz exigerait 20 millions d\u2019euros pour Biereth - La Diagonale","og_description":"L\u2019AS Monaco souhaiterait attirer l\u2019attaquant danois Mika Biereth pour pallier la blessure de Folarin Balogun pour les prochains mois. Si le club de la Principaut\u00e9 semble avoir d\u00e9j\u00e0 r\u00e9ussi \u00e0 convaincre le joueur pour un contrat de cinq saisons, il n\u2019en serait pas de m\u00eame avec son propri\u00e9taire, le Sturm Graz. Selon le journaliste belge [...]","og_url":"https:\/\/www.ladiagonale.net\/index.php\/2025\/01\/03\/le-sturm-graz-exigerait-20-millions-deuros-pour-biereth\/","og_site_name":"La Diagonale","article_published_time":"2025-01-03T22:58:42+00:00","article_modified_time":"2025-01-03T23:07:03+00:00","og_image":[{"width":1160,"height":650,"url":"https:\/\/www.ladiagonale.net\/wp-content\/uploads\/2025\/01\/biereth.png","type":"image\/png"}],"author":"Damien Dellerba","twitter_card":"summary_large_image","twitter_image":"https:\/\/www.ladiagonale.net\/wp-content\/uploads\/2025\/01\/biereth.png","twitter_misc":{"\u00c9crit par":"Damien Dellerba","Dur\u00e9e de lecture estim\u00e9e":"1 minute"},"schema":{"@context":"https:\/\/schema.org","@graph":[{"@type":"WebPage","@id":"https:\/\/www.ladiagonale.net\/index.php\/2025\/01\/03\/le-sturm-graz-exigerait-20-millions-deuros-pour-biereth\/","url":"https:\/\/www.ladiagonale.net\/index.php\/2025\/01\/03\/le-sturm-graz-exigerait-20-millions-deuros-pour-biereth\/","name":"Le Sturm Graz exigerait 20 millions d\u2019euros pour Biereth - La Diagonale","isPartOf":{"@id":"https:\/\/www.ladiagonale.net\/#website"},"datePublished":"2025-01-03T22:58:42+00:00","dateModified":"2025-01-03T23:07:03+00:00","author":{"@id":"https:\/\/www.ladiagonale.net\/#\/schema\/person\/79ff1e7b0853ed01b2aa26e64ad300bf"},"breadcrumb":{"@id":"https:\/\/www.ladiagonale.net\/index.php\/2025\/01\/03\/le-sturm-graz-exigerait-20-millions-deuros-pour-biereth\/#breadcrumb"},"inLanguage":"fr-FR","potentialAction":[{"@type":"ReadAction","target":["https:\/\/www.ladiagonale.net\/index.php\/2025\/01\/03\/le-sturm-graz-exigerait-20-millions-deuros-pour-biereth\/"]}]},{"@type":"BreadcrumbList","@id":"https:\/\/www.ladiagonale.net\/index.php\/2025\/01\/03\/le-sturm-graz-exigerait-20-millions-deuros-pour-biereth\/#breadcrumb","itemListElement":[{"@type":"ListItem","position":1,"name":"Accueil","item":"https:\/\/www.ladiagonale.net\/"},{"@type":"ListItem","position":2,"name":"Le Sturm Graz exigerait 20 millions d\u2019euros pour Biereth"}]},{"@type":"WebSite","@id":"https:\/\/www.ladiagonale.net\/#website","url":"https:\/\/www.ladiagonale.net\/","name":"La Diagonale","description":"Le site des supporters de l&#039;AS Monaco FC","potentialAction":[{"@type":"SearchAction","target":{"@type":"EntryPoint","urlTemplate":"https:\/\/www.ladiagonale.net\/?s={search_term_string}"},"query-input":"required name=search_term_string"}],"inLanguage":"fr-FR"},{"@type":"Person","@id":"https:\/\/www.ladiagonale.net\/#\/schema\/person\/79ff1e7b0853ed01b2aa26e64ad300bf","name":"Damien Dellerba","image":{"@type":"ImageObject","inLanguage":"fr-FR","@id":"https:\/\/www.ladiagonale.net\/#\/schema\/person\/image\/","url":"https:\/\/secure.gravatar.com\/avatar\/c7850e06d3ff63cdbaee88b7fc16e2f0?s=96&d=mm&r=g","contentUrl":"https:\/\/secure.gravatar.com\/avatar\/c7850e06d3ff63cdbaee88b7fc16e2f0?s=96&d=mm&r=g","caption":"Damien Dellerba"},"url":"https:\/\/www.ladiagonale.net\/index.php\/author\/damien\/"}]}},"_links":{"self":[{"href":"https:\/\/www.ladiagonale.net\/index.php\/wp-json\/wp\/v2\/posts\/28643"}],"collection":[{"href":"https:\/\/www.ladiagonale.net\/index.php\/wp-json\/wp\/v2\/posts"}],"about":[{"href":"https:\/\/www.ladiagonale.net\/index.php\/wp-json\/wp\/v2\/types\/post"}],"author":[{"embeddable":true,"href":"https:\/\/www.ladiagonale.net\/index.php\/wp-json\/wp\/v2\/users\/2"}],"replies":[{"embeddable":true,"href":"https:\/\/www.ladiagonale.net\/index.php\/wp-json\/wp\/v2\/comments?post=28643"}],"version-history":[{"count":6,"href":"https:\/\/www.ladiagonale.net\/index.php\/wp-json\/wp\/v2\/posts\/28643\/revisions"}],"predecessor-version":[{"id":28650,"href":"https:\/\/www.ladiagonale.net\/index.php\/wp-json\/wp\/v2\/posts\/28643\/revisions\/28650"}],"wp:attachment":[{"href":"https:\/\/www.ladiagonale.net\/index.php\/wp-json\/wp\/v2\/media?parent=28643"}],"wp:term":[{"taxonomy":"category","embeddable":true,"href":"https:\/\/www.ladiagonale.net\/index.php\/wp-json\/wp\/v2\/categories?post=28643"},{"taxonomy":"post_tag","embeddable":true,"href":"https:\/\/www.ladiagonale.net\/index.php\/wp-json\/wp\/v2\/tags?post=28643"}],"curies":[{"name":"wp","href":"https:\/\/api.w.org\/{rel}","templated":true}]}}