{"id":28686,"date":"2025-01-04T17:37:13","date_gmt":"2025-01-04T16:37:13","guid":{"rendered":"https:\/\/www.ladiagonale.net\/?p=28686"},"modified":"2025-01-04T20:13:42","modified_gmt":"2025-01-04T19:13:42","slug":"scuro-beaucoup-de-clubs-surpayent-en-hiver","status":"publish","type":"post","link":"https:\/\/www.ladiagonale.net\/index.php\/2025\/01\/04\/scuro-beaucoup-de-clubs-surpayent-en-hiver\/","title":{"rendered":"Scuro ouvre la porte \u00e0 un transfert d\u2019un attaquant cet hiver"},"content":{"rendered":"\n\n\n<p>L\u2019AS Monaco a annonc\u00e9 \u00eatre \u00e0 la recherche d\u2019une solution en attaque pour pallier la blessure de Folarin Balogun, forfait pour les prochains mois. Deux pistes ont \u00e9t\u00e9 \u00e9voqu\u00e9es dans les m\u00e9dias, celles menant <a href=\"https:\/\/www.ladiagonale.net\/index.php\/2024\/12\/30\/le-costaricien-ugalde-cible-en-attaque\/\" target=\"_blank\" rel=\"noreferrer noopener\">\u00e0 Manfred Ugalde<\/a> (Spartak Moscou) et <a href=\"https:\/\/www.ladiagonale.net\/index.php\/2025\/01\/03\/le-sturm-graz-exigerait-20-millions-deuros-pour-biereth\/\" target=\"_blank\" rel=\"noreferrer noopener\">plus r\u00e9cemment \u00e0 Mika Biereth<\/a> (Sturm Graz) : \u00ab&nbsp;<em>On ne peut rien dire sur eux, <\/em>a indiqu\u00e9 Thiago Scuro dans un sourire \u00e0 <em>RMC Sport.&nbsp;On sait tous que le buteur est un de nos besoins. On esp\u00e8re avoir des solutions au plus vite car on a un gros calendrier ces deux prochains mois. C&rsquo;est important d&rsquo;apporter des options \u00e0 Adi (H\u00fctter).<\/em>&nbsp;\u00bb<\/p>\n\n\n\n<p>Pour le directeur g\u00e9n\u00e9ral mon\u00e9gasque, il faudra \u00eatre efficient sans se h\u00e2ter et \u00e9viter d\u2019agir dans la pr\u00e9cipitation, surtout pour ne pas aligner des sommes d\u00e9raisonnables. Mais alors qu\u2019un pr\u00eat pour du court-terme \u00e9tait envisag\u00e9, Scuro a ouvert la porte \u00e0 un transfert : \u00ab&nbsp;<em>On veut toujours que ce soit le plus rapide possible, mais on doit aussi \u00eatre responsable, faire les choses dans l&rsquo;ordre. En hiver, beaucoup de clubs surpayent et ce n&rsquo;est pas notre mani\u00e8re de faire, nous voulons \u00eatre intelligents. \u00c7a peut \u00eatre un pr\u00eat ou pas, une solution \u00e0 court ou long terme. Le premier crit\u00e8re est la capacit\u00e9 \u00e0 \u00eatre performant.<\/em>&nbsp;\u00bb<\/p>\n","protected":false},"excerpt":{"rendered":"<p>L\u2019AS Monaco a annonc\u00e9 \u00eatre \u00e0 la recherche d\u2019une solution en attaque pour pallier la blessure de Folarin Balogun, forfait pour les prochains mois. Deux pistes ont \u00e9t\u00e9 \u00e9voqu\u00e9es dans les m\u00e9dias, celles menant \u00e0 Manfred Ugalde (Spartak Moscou) et plus r\u00e9cemment \u00e0 Mika Biereth (Sturm Graz) : \u00ab&nbsp;On ne peut rien dire sur eux, [&#8230;]\n","protected":false},"author":2,"featured_media":0,"comment_status":"open","ping_status":"open","sticky":false,"template":"","format":"standard","meta":[],"categories":[6],"tags":[86,111,479,110],"yoast_head":"<!-- This site is optimized with the Yoast SEO plugin v19.8 - https:\/\/yoast.com\/wordpress\/plugins\/seo\/ -->\n<title>Scuro ouvre la porte \u00e0 un transfert d\u2019un attaquant cet hiver - La Diagonale<\/title>\n<meta name=\"robots\" content=\"index, follow, max-snippet:-1, max-image-preview:large, max-video-preview:-1\" \/>\n<link rel=\"canonical\" href=\"https:\/\/www.ladiagonale.net\/index.php\/2025\/01\/04\/scuro-beaucoup-de-clubs-surpayent-en-hiver\/\" \/>\n<meta property=\"og:locale\" content=\"fr_FR\" \/>\n<meta property=\"og:type\" content=\"article\" \/>\n<meta property=\"og:title\" content=\"Scuro ouvre la porte \u00e0 un transfert d\u2019un attaquant cet hiver - La Diagonale\" \/>\n<meta property=\"og:description\" content=\"L\u2019AS Monaco a annonc\u00e9 \u00eatre \u00e0 la recherche d\u2019une solution en attaque pour pallier la blessure de Folarin Balogun, forfait pour les prochains mois. Deux pistes ont \u00e9t\u00e9 \u00e9voqu\u00e9es dans les m\u00e9dias, celles menant \u00e0 Manfred Ugalde (Spartak Moscou) et plus r\u00e9cemment \u00e0 Mika Biereth (Sturm Graz) : \u00ab&nbsp;On ne peut rien dire sur eux, [...]\" \/>\n<meta property=\"og:url\" content=\"https:\/\/www.ladiagonale.net\/index.php\/2025\/01\/04\/scuro-beaucoup-de-clubs-surpayent-en-hiver\/\" \/>\n<meta property=\"og:site_name\" content=\"La Diagonale\" \/>\n<meta property=\"article:published_time\" content=\"2025-01-04T16:37:13+00:00\" \/>\n<meta property=\"article:modified_time\" content=\"2025-01-04T19:13:42+00:00\" \/>\n<meta property=\"og:image\" content=\"https:\/\/www.ladiagonale.net\/wp-content\/uploads\/2024\/01\/scuro-2.png\" \/>\n\t<meta property=\"og:image:width\" content=\"1160\" \/>\n\t<meta property=\"og:image:height\" content=\"650\" \/>\n\t<meta property=\"og:image:type\" content=\"image\/png\" \/>\n<meta name=\"author\" content=\"Damien Dellerba\" \/>\n<meta name=\"twitter:card\" content=\"summary_large_image\" \/>\n<meta name=\"twitter:image\" content=\"https:\/\/www.ladiagonale.net\/wp-content\/uploads\/2024\/01\/scuro-2.png\" \/>\n<meta name=\"twitter:label1\" content=\"\u00c9crit par\" \/>\n\t<meta name=\"twitter:data1\" content=\"Damien Dellerba\" \/>\n\t<meta name=\"twitter:label2\" content=\"Dur\u00e9e de lecture estim\u00e9e\" \/>\n\t<meta name=\"twitter:data2\" content=\"1 minute\" \/>\n<script type=\"application\/ld+json\" class=\"yoast-schema-graph\">{\"@context\":\"https:\/\/schema.org\",\"@graph\":[{\"@type\":\"WebPage\",\"@id\":\"https:\/\/www.ladiagonale.net\/index.php\/2025\/01\/04\/scuro-beaucoup-de-clubs-surpayent-en-hiver\/\",\"url\":\"https:\/\/www.ladiagonale.net\/index.php\/2025\/01\/04\/scuro-beaucoup-de-clubs-surpayent-en-hiver\/\",\"name\":\"Scuro ouvre la porte \u00e0 un transfert d\u2019un attaquant cet hiver - La Diagonale\",\"isPartOf\":{\"@id\":\"https:\/\/www.ladiagonale.net\/#website\"},\"datePublished\":\"2025-01-04T16:37:13+00:00\",\"dateModified\":\"2025-01-04T19:13:42+00:00\",\"author\":{\"@id\":\"https:\/\/www.ladiagonale.net\/#\/schema\/person\/79ff1e7b0853ed01b2aa26e64ad300bf\"},\"breadcrumb\":{\"@id\":\"https:\/\/www.ladiagonale.net\/index.php\/2025\/01\/04\/scuro-beaucoup-de-clubs-surpayent-en-hiver\/#breadcrumb\"},\"inLanguage\":\"fr-FR\",\"potentialAction\":[{\"@type\":\"ReadAction\",\"target\":[\"https:\/\/www.ladiagonale.net\/index.php\/2025\/01\/04\/scuro-beaucoup-de-clubs-surpayent-en-hiver\/\"]}]},{\"@type\":\"BreadcrumbList\",\"@id\":\"https:\/\/www.ladiagonale.net\/index.php\/2025\/01\/04\/scuro-beaucoup-de-clubs-surpayent-en-hiver\/#breadcrumb\",\"itemListElement\":[{\"@type\":\"ListItem\",\"position\":1,\"name\":\"Accueil\",\"item\":\"https:\/\/www.ladiagonale.net\/\"},{\"@type\":\"ListItem\",\"position\":2,\"name\":\"Scuro ouvre la porte \u00e0 un transfert d\u2019un attaquant cet hiver\"}]},{\"@type\":\"WebSite\",\"@id\":\"https:\/\/www.ladiagonale.net\/#website\",\"url\":\"https:\/\/www.ladiagonale.net\/\",\"name\":\"La Diagonale\",\"description\":\"Le site des supporters de l&#039;AS Monaco FC\",\"potentialAction\":[{\"@type\":\"SearchAction\",\"target\":{\"@type\":\"EntryPoint\",\"urlTemplate\":\"https:\/\/www.ladiagonale.net\/?s={search_term_string}\"},\"query-input\":\"required name=search_term_string\"}],\"inLanguage\":\"fr-FR\"},{\"@type\":\"Person\",\"@id\":\"https:\/\/www.ladiagonale.net\/#\/schema\/person\/79ff1e7b0853ed01b2aa26e64ad300bf\",\"name\":\"Damien Dellerba\",\"image\":{\"@type\":\"ImageObject\",\"inLanguage\":\"fr-FR\",\"@id\":\"https:\/\/www.ladiagonale.net\/#\/schema\/person\/image\/\",\"url\":\"https:\/\/secure.gravatar.com\/avatar\/c7850e06d3ff63cdbaee88b7fc16e2f0?s=96&d=mm&r=g\",\"contentUrl\":\"https:\/\/secure.gravatar.com\/avatar\/c7850e06d3ff63cdbaee88b7fc16e2f0?s=96&d=mm&r=g\",\"caption\":\"Damien Dellerba\"},\"url\":\"https:\/\/www.ladiagonale.net\/index.php\/author\/damien\/\"}]}<\/script>\n<!-- \/ Yoast SEO plugin. -->","yoast_head_json":{"title":"Scuro ouvre la porte \u00e0 un transfert d\u2019un attaquant cet hiver - La Diagonale","robots":{"index":"index","follow":"follow","max-snippet":"max-snippet:-1","max-image-preview":"max-image-preview:large","max-video-preview":"max-video-preview:-1"},"canonical":"https:\/\/www.ladiagonale.net\/index.php\/2025\/01\/04\/scuro-beaucoup-de-clubs-surpayent-en-hiver\/","og_locale":"fr_FR","og_type":"article","og_title":"Scuro ouvre la porte \u00e0 un transfert d\u2019un attaquant cet hiver - La Diagonale","og_description":"L\u2019AS Monaco a annonc\u00e9 \u00eatre \u00e0 la recherche d\u2019une solution en attaque pour pallier la blessure de Folarin Balogun, forfait pour les prochains mois. Deux pistes ont \u00e9t\u00e9 \u00e9voqu\u00e9es dans les m\u00e9dias, celles menant \u00e0 Manfred Ugalde (Spartak Moscou) et plus r\u00e9cemment \u00e0 Mika Biereth (Sturm Graz) : \u00ab&nbsp;On ne peut rien dire sur eux, [...]","og_url":"https:\/\/www.ladiagonale.net\/index.php\/2025\/01\/04\/scuro-beaucoup-de-clubs-surpayent-en-hiver\/","og_site_name":"La Diagonale","article_published_time":"2025-01-04T16:37:13+00:00","article_modified_time":"2025-01-04T19:13:42+00:00","og_image":[{"width":1160,"height":650,"url":"https:\/\/www.ladiagonale.net\/wp-content\/uploads\/2024\/01\/scuro-2.png","type":"image\/png"}],"author":"Damien Dellerba","twitter_card":"summary_large_image","twitter_image":"https:\/\/www.ladiagonale.net\/wp-content\/uploads\/2024\/01\/scuro-2.png","twitter_misc":{"\u00c9crit par":"Damien Dellerba","Dur\u00e9e de lecture estim\u00e9e":"1 minute"},"schema":{"@context":"https:\/\/schema.org","@graph":[{"@type":"WebPage","@id":"https:\/\/www.ladiagonale.net\/index.php\/2025\/01\/04\/scuro-beaucoup-de-clubs-surpayent-en-hiver\/","url":"https:\/\/www.ladiagonale.net\/index.php\/2025\/01\/04\/scuro-beaucoup-de-clubs-surpayent-en-hiver\/","name":"Scuro ouvre la porte \u00e0 un transfert d\u2019un attaquant cet hiver - La Diagonale","isPartOf":{"@id":"https:\/\/www.ladiagonale.net\/#website"},"datePublished":"2025-01-04T16:37:13+00:00","dateModified":"2025-01-04T19:13:42+00:00","author":{"@id":"https:\/\/www.ladiagonale.net\/#\/schema\/person\/79ff1e7b0853ed01b2aa26e64ad300bf"},"breadcrumb":{"@id":"https:\/\/www.ladiagonale.net\/index.php\/2025\/01\/04\/scuro-beaucoup-de-clubs-surpayent-en-hiver\/#breadcrumb"},"inLanguage":"fr-FR","potentialAction":[{"@type":"ReadAction","target":["https:\/\/www.ladiagonale.net\/index.php\/2025\/01\/04\/scuro-beaucoup-de-clubs-surpayent-en-hiver\/"]}]},{"@type":"BreadcrumbList","@id":"https:\/\/www.ladiagonale.net\/index.php\/2025\/01\/04\/scuro-beaucoup-de-clubs-surpayent-en-hiver\/#breadcrumb","itemListElement":[{"@type":"ListItem","position":1,"name":"Accueil","item":"https:\/\/www.ladiagonale.net\/"},{"@type":"ListItem","position":2,"name":"Scuro ouvre la porte \u00e0 un transfert d\u2019un attaquant cet hiver"}]},{"@type":"WebSite","@id":"https:\/\/www.ladiagonale.net\/#website","url":"https:\/\/www.ladiagonale.net\/","name":"La Diagonale","description":"Le site des supporters de l&#039;AS Monaco FC","potentialAction":[{"@type":"SearchAction","target":{"@type":"EntryPoint","urlTemplate":"https:\/\/www.ladiagonale.net\/?s={search_term_string}"},"query-input":"required name=search_term_string"}],"inLanguage":"fr-FR"},{"@type":"Person","@id":"https:\/\/www.ladiagonale.net\/#\/schema\/person\/79ff1e7b0853ed01b2aa26e64ad300bf","name":"Damien Dellerba","image":{"@type":"ImageObject","inLanguage":"fr-FR","@id":"https:\/\/www.ladiagonale.net\/#\/schema\/person\/image\/","url":"https:\/\/secure.gravatar.com\/avatar\/c7850e06d3ff63cdbaee88b7fc16e2f0?s=96&d=mm&r=g","contentUrl":"https:\/\/secure.gravatar.com\/avatar\/c7850e06d3ff63cdbaee88b7fc16e2f0?s=96&d=mm&r=g","caption":"Damien Dellerba"},"url":"https:\/\/www.ladiagonale.net\/index.php\/author\/damien\/"}]}},"_links":{"self":[{"href":"https:\/\/www.ladiagonale.net\/index.php\/wp-json\/wp\/v2\/posts\/28686"}],"collection":[{"href":"https:\/\/www.ladiagonale.net\/index.php\/wp-json\/wp\/v2\/posts"}],"about":[{"href":"https:\/\/www.ladiagonale.net\/index.php\/wp-json\/wp\/v2\/types\/post"}],"author":[{"embeddable":true,"href":"https:\/\/www.ladiagonale.net\/index.php\/wp-json\/wp\/v2\/users\/2"}],"replies":[{"embeddable":true,"href":"https:\/\/www.ladiagonale.net\/index.php\/wp-json\/wp\/v2\/comments?post=28686"}],"version-history":[{"count":4,"href":"https:\/\/www.ladiagonale.net\/index.php\/wp-json\/wp\/v2\/posts\/28686\/revisions"}],"predecessor-version":[{"id":28695,"href":"https:\/\/www.ladiagonale.net\/index.php\/wp-json\/wp\/v2\/posts\/28686\/revisions\/28695"}],"wp:attachment":[{"href":"https:\/\/www.ladiagonale.net\/index.php\/wp-json\/wp\/v2\/media?parent=28686"}],"wp:term":[{"taxonomy":"category","embeddable":true,"href":"https:\/\/www.ladiagonale.net\/index.php\/wp-json\/wp\/v2\/categories?post=28686"},{"taxonomy":"post_tag","embeddable":true,"href":"https:\/\/www.ladiagonale.net\/index.php\/wp-json\/wp\/v2\/tags?post=28686"}],"curies":[{"name":"wp","href":"https:\/\/api.w.org\/{rel}","templated":true}]}}