{"id":28775,"date":"2025-01-09T17:55:39","date_gmt":"2025-01-09T16:55:39","guid":{"rendered":"https:\/\/www.ladiagonale.net\/?p=28775"},"modified":"2025-01-09T19:34:45","modified_gmt":"2025-01-09T18:34:45","slug":"accord-proche-pour-biereth","status":"publish","type":"post","link":"https:\/\/www.ladiagonale.net\/index.php\/2025\/01\/09\/accord-proche-pour-biereth\/","title":{"rendered":"Accord proche pour Biereth ?"},"content":{"rendered":"\n\n\n<p>Mika Biereth sera-t-il le nouvel attaquant de l\u2019AS Monaco ? Plusieurs pistes avaient \u00e9t\u00e9 \u00e9voqu\u00e9es ces derniers jours, mais il semblerait que celle menant \u00e0 Mika Biereth soit la plus chaude. Selon <em>Foot Mercato<\/em> et Sacha Tavolieri, Monaco et Sturm Graz ne seraient pas loin de s\u2019entendre sur le montant du transfert, pour l\u2019instant inf\u00e9rieur aux 20 millions d\u2019euros r\u00e9clam\u00e9s par les Autrichiens. Mais la derni\u00e8re proposition formul\u00e9e par les dirigeants mon\u00e9gasques, annonc\u00e9e sup\u00e9rieure \u00e0 15 millions (bonus compris) avec un pourcentage \u00e0 la revente, semble avoir rapproch\u00e9 les deux clubs.<\/p>\n\n\n\n<p>L&rsquo;Italien Fabrizio Romano s&rsquo;est montr\u00e9 plus vague sur ce dossier, confirmant seulement que les discussions se poursuivaient entre les deux parties pour l&rsquo;attaquant de 21 ans, sous contrat jusqu&rsquo;en juin 2028. Entre l&rsquo;ASM et Biereth, en revanche, il semble que l&rsquo;accord soit d\u00e9j\u00e0 trouv\u00e9 pour un contrat portant sur les cinq prochaines ann\u00e9es.<\/p>\n","protected":false},"excerpt":{"rendered":"<p>Mika Biereth sera-t-il le nouvel attaquant de l\u2019AS Monaco ? Plusieurs pistes avaient \u00e9t\u00e9 \u00e9voqu\u00e9es ces derniers jours, mais il semblerait que celle menant \u00e0 Mika Biereth soit la plus chaude. Selon Foot Mercato et Sacha Tavolieri, Monaco et Sturm Graz ne seraient pas loin de s\u2019entendre sur le montant du transfert, pour l\u2019instant inf\u00e9rieur [&#8230;]\n","protected":false},"author":2,"featured_media":0,"comment_status":"open","ping_status":"open","sticky":false,"template":"","format":"standard","meta":[],"categories":[6],"tags":[86,111,965,110],"yoast_head":"<!-- This site is optimized with the Yoast SEO plugin v19.8 - https:\/\/yoast.com\/wordpress\/plugins\/seo\/ -->\n<title>Accord proche pour Biereth ? - La Diagonale<\/title>\n<meta name=\"robots\" content=\"index, follow, max-snippet:-1, max-image-preview:large, max-video-preview:-1\" \/>\n<link rel=\"canonical\" href=\"https:\/\/www.ladiagonale.net\/index.php\/2025\/01\/09\/accord-proche-pour-biereth\/\" \/>\n<meta property=\"og:locale\" content=\"fr_FR\" \/>\n<meta property=\"og:type\" content=\"article\" \/>\n<meta property=\"og:title\" content=\"Accord proche pour Biereth ? - La Diagonale\" \/>\n<meta property=\"og:description\" content=\"Mika Biereth sera-t-il le nouvel attaquant de l\u2019AS Monaco ? Plusieurs pistes avaient \u00e9t\u00e9 \u00e9voqu\u00e9es ces derniers jours, mais il semblerait que celle menant \u00e0 Mika Biereth soit la plus chaude. Selon Foot Mercato et Sacha Tavolieri, Monaco et Sturm Graz ne seraient pas loin de s\u2019entendre sur le montant du transfert, pour l\u2019instant inf\u00e9rieur [...]\" \/>\n<meta property=\"og:url\" content=\"https:\/\/www.ladiagonale.net\/index.php\/2025\/01\/09\/accord-proche-pour-biereth\/\" \/>\n<meta property=\"og:site_name\" content=\"La Diagonale\" \/>\n<meta property=\"article:published_time\" content=\"2025-01-09T16:55:39+00:00\" \/>\n<meta property=\"article:modified_time\" content=\"2025-01-09T18:34:45+00:00\" \/>\n<meta property=\"og:image\" content=\"https:\/\/www.ladiagonale.net\/wp-content\/uploads\/2025\/01\/biereth.png\" \/>\n\t<meta property=\"og:image:width\" content=\"1160\" \/>\n\t<meta property=\"og:image:height\" content=\"650\" \/>\n\t<meta property=\"og:image:type\" content=\"image\/png\" \/>\n<meta name=\"author\" content=\"Damien Dellerba\" \/>\n<meta name=\"twitter:card\" content=\"summary_large_image\" \/>\n<meta name=\"twitter:image\" content=\"https:\/\/www.ladiagonale.net\/wp-content\/uploads\/2025\/01\/biereth.png\" \/>\n<meta name=\"twitter:label1\" content=\"\u00c9crit par\" \/>\n\t<meta name=\"twitter:data1\" content=\"Damien Dellerba\" \/>\n\t<meta name=\"twitter:label2\" content=\"Dur\u00e9e de lecture estim\u00e9e\" \/>\n\t<meta name=\"twitter:data2\" content=\"1 minute\" \/>\n<script type=\"application\/ld+json\" class=\"yoast-schema-graph\">{\"@context\":\"https:\/\/schema.org\",\"@graph\":[{\"@type\":\"WebPage\",\"@id\":\"https:\/\/www.ladiagonale.net\/index.php\/2025\/01\/09\/accord-proche-pour-biereth\/\",\"url\":\"https:\/\/www.ladiagonale.net\/index.php\/2025\/01\/09\/accord-proche-pour-biereth\/\",\"name\":\"Accord proche pour Biereth ? - La Diagonale\",\"isPartOf\":{\"@id\":\"https:\/\/www.ladiagonale.net\/#website\"},\"datePublished\":\"2025-01-09T16:55:39+00:00\",\"dateModified\":\"2025-01-09T18:34:45+00:00\",\"author\":{\"@id\":\"https:\/\/www.ladiagonale.net\/#\/schema\/person\/79ff1e7b0853ed01b2aa26e64ad300bf\"},\"breadcrumb\":{\"@id\":\"https:\/\/www.ladiagonale.net\/index.php\/2025\/01\/09\/accord-proche-pour-biereth\/#breadcrumb\"},\"inLanguage\":\"fr-FR\",\"potentialAction\":[{\"@type\":\"ReadAction\",\"target\":[\"https:\/\/www.ladiagonale.net\/index.php\/2025\/01\/09\/accord-proche-pour-biereth\/\"]}]},{\"@type\":\"BreadcrumbList\",\"@id\":\"https:\/\/www.ladiagonale.net\/index.php\/2025\/01\/09\/accord-proche-pour-biereth\/#breadcrumb\",\"itemListElement\":[{\"@type\":\"ListItem\",\"position\":1,\"name\":\"Accueil\",\"item\":\"https:\/\/www.ladiagonale.net\/\"},{\"@type\":\"ListItem\",\"position\":2,\"name\":\"Accord proche pour Biereth ?\"}]},{\"@type\":\"WebSite\",\"@id\":\"https:\/\/www.ladiagonale.net\/#website\",\"url\":\"https:\/\/www.ladiagonale.net\/\",\"name\":\"La Diagonale\",\"description\":\"Le site des supporters de l&#039;AS Monaco FC\",\"potentialAction\":[{\"@type\":\"SearchAction\",\"target\":{\"@type\":\"EntryPoint\",\"urlTemplate\":\"https:\/\/www.ladiagonale.net\/?s={search_term_string}\"},\"query-input\":\"required name=search_term_string\"}],\"inLanguage\":\"fr-FR\"},{\"@type\":\"Person\",\"@id\":\"https:\/\/www.ladiagonale.net\/#\/schema\/person\/79ff1e7b0853ed01b2aa26e64ad300bf\",\"name\":\"Damien Dellerba\",\"image\":{\"@type\":\"ImageObject\",\"inLanguage\":\"fr-FR\",\"@id\":\"https:\/\/www.ladiagonale.net\/#\/schema\/person\/image\/\",\"url\":\"https:\/\/secure.gravatar.com\/avatar\/c7850e06d3ff63cdbaee88b7fc16e2f0?s=96&d=mm&r=g\",\"contentUrl\":\"https:\/\/secure.gravatar.com\/avatar\/c7850e06d3ff63cdbaee88b7fc16e2f0?s=96&d=mm&r=g\",\"caption\":\"Damien Dellerba\"},\"url\":\"https:\/\/www.ladiagonale.net\/index.php\/author\/damien\/\"}]}<\/script>\n<!-- \/ Yoast SEO plugin. -->","yoast_head_json":{"title":"Accord proche pour Biereth ? - La Diagonale","robots":{"index":"index","follow":"follow","max-snippet":"max-snippet:-1","max-image-preview":"max-image-preview:large","max-video-preview":"max-video-preview:-1"},"canonical":"https:\/\/www.ladiagonale.net\/index.php\/2025\/01\/09\/accord-proche-pour-biereth\/","og_locale":"fr_FR","og_type":"article","og_title":"Accord proche pour Biereth ? - La Diagonale","og_description":"Mika Biereth sera-t-il le nouvel attaquant de l\u2019AS Monaco ? Plusieurs pistes avaient \u00e9t\u00e9 \u00e9voqu\u00e9es ces derniers jours, mais il semblerait que celle menant \u00e0 Mika Biereth soit la plus chaude. Selon Foot Mercato et Sacha Tavolieri, Monaco et Sturm Graz ne seraient pas loin de s\u2019entendre sur le montant du transfert, pour l\u2019instant inf\u00e9rieur [...]","og_url":"https:\/\/www.ladiagonale.net\/index.php\/2025\/01\/09\/accord-proche-pour-biereth\/","og_site_name":"La Diagonale","article_published_time":"2025-01-09T16:55:39+00:00","article_modified_time":"2025-01-09T18:34:45+00:00","og_image":[{"width":1160,"height":650,"url":"https:\/\/www.ladiagonale.net\/wp-content\/uploads\/2025\/01\/biereth.png","type":"image\/png"}],"author":"Damien Dellerba","twitter_card":"summary_large_image","twitter_image":"https:\/\/www.ladiagonale.net\/wp-content\/uploads\/2025\/01\/biereth.png","twitter_misc":{"\u00c9crit par":"Damien Dellerba","Dur\u00e9e de lecture estim\u00e9e":"1 minute"},"schema":{"@context":"https:\/\/schema.org","@graph":[{"@type":"WebPage","@id":"https:\/\/www.ladiagonale.net\/index.php\/2025\/01\/09\/accord-proche-pour-biereth\/","url":"https:\/\/www.ladiagonale.net\/index.php\/2025\/01\/09\/accord-proche-pour-biereth\/","name":"Accord proche pour Biereth ? - La Diagonale","isPartOf":{"@id":"https:\/\/www.ladiagonale.net\/#website"},"datePublished":"2025-01-09T16:55:39+00:00","dateModified":"2025-01-09T18:34:45+00:00","author":{"@id":"https:\/\/www.ladiagonale.net\/#\/schema\/person\/79ff1e7b0853ed01b2aa26e64ad300bf"},"breadcrumb":{"@id":"https:\/\/www.ladiagonale.net\/index.php\/2025\/01\/09\/accord-proche-pour-biereth\/#breadcrumb"},"inLanguage":"fr-FR","potentialAction":[{"@type":"ReadAction","target":["https:\/\/www.ladiagonale.net\/index.php\/2025\/01\/09\/accord-proche-pour-biereth\/"]}]},{"@type":"BreadcrumbList","@id":"https:\/\/www.ladiagonale.net\/index.php\/2025\/01\/09\/accord-proche-pour-biereth\/#breadcrumb","itemListElement":[{"@type":"ListItem","position":1,"name":"Accueil","item":"https:\/\/www.ladiagonale.net\/"},{"@type":"ListItem","position":2,"name":"Accord proche pour Biereth ?"}]},{"@type":"WebSite","@id":"https:\/\/www.ladiagonale.net\/#website","url":"https:\/\/www.ladiagonale.net\/","name":"La Diagonale","description":"Le site des supporters de l&#039;AS Monaco FC","potentialAction":[{"@type":"SearchAction","target":{"@type":"EntryPoint","urlTemplate":"https:\/\/www.ladiagonale.net\/?s={search_term_string}"},"query-input":"required name=search_term_string"}],"inLanguage":"fr-FR"},{"@type":"Person","@id":"https:\/\/www.ladiagonale.net\/#\/schema\/person\/79ff1e7b0853ed01b2aa26e64ad300bf","name":"Damien Dellerba","image":{"@type":"ImageObject","inLanguage":"fr-FR","@id":"https:\/\/www.ladiagonale.net\/#\/schema\/person\/image\/","url":"https:\/\/secure.gravatar.com\/avatar\/c7850e06d3ff63cdbaee88b7fc16e2f0?s=96&d=mm&r=g","contentUrl":"https:\/\/secure.gravatar.com\/avatar\/c7850e06d3ff63cdbaee88b7fc16e2f0?s=96&d=mm&r=g","caption":"Damien Dellerba"},"url":"https:\/\/www.ladiagonale.net\/index.php\/author\/damien\/"}]}},"_links":{"self":[{"href":"https:\/\/www.ladiagonale.net\/index.php\/wp-json\/wp\/v2\/posts\/28775"}],"collection":[{"href":"https:\/\/www.ladiagonale.net\/index.php\/wp-json\/wp\/v2\/posts"}],"about":[{"href":"https:\/\/www.ladiagonale.net\/index.php\/wp-json\/wp\/v2\/types\/post"}],"author":[{"embeddable":true,"href":"https:\/\/www.ladiagonale.net\/index.php\/wp-json\/wp\/v2\/users\/2"}],"replies":[{"embeddable":true,"href":"https:\/\/www.ladiagonale.net\/index.php\/wp-json\/wp\/v2\/comments?post=28775"}],"version-history":[{"count":4,"href":"https:\/\/www.ladiagonale.net\/index.php\/wp-json\/wp\/v2\/posts\/28775\/revisions"}],"predecessor-version":[{"id":28786,"href":"https:\/\/www.ladiagonale.net\/index.php\/wp-json\/wp\/v2\/posts\/28775\/revisions\/28786"}],"wp:attachment":[{"href":"https:\/\/www.ladiagonale.net\/index.php\/wp-json\/wp\/v2\/media?parent=28775"}],"wp:term":[{"taxonomy":"category","embeddable":true,"href":"https:\/\/www.ladiagonale.net\/index.php\/wp-json\/wp\/v2\/categories?post=28775"},{"taxonomy":"post_tag","embeddable":true,"href":"https:\/\/www.ladiagonale.net\/index.php\/wp-json\/wp\/v2\/tags?post=28775"}],"curies":[{"name":"wp","href":"https:\/\/api.w.org\/{rel}","templated":true}]}}