{"id":28778,"date":"2025-01-09T18:16:11","date_gmt":"2025-01-09T17:16:11","guid":{"rendered":"https:\/\/www.ladiagonale.net\/?p=28778"},"modified":"2025-01-09T19:31:22","modified_gmt":"2025-01-09T18:31:22","slug":"monaco-veut-plus-pour-matazo","status":"publish","type":"post","link":"https:\/\/www.ladiagonale.net\/index.php\/2025\/01\/09\/monaco-veut-plus-pour-matazo\/","title":{"rendered":"Monaco demande plus pour Matazo"},"content":{"rendered":"\n\n\n<p>La n\u00e9gociation est un art difficile et l&rsquo;AS Monaco s&rsquo;y confronte en ce moment, aussi bien dans le sens des arriv\u00e9es que des d\u00e9parts. Si les dirigeants mon\u00e9gasques ont d\u00fb se rapprocher des exigences du Sturm Graz pour Mika Biereth, il semble qu&rsquo;ils n&rsquo;aient pas r\u00e9ussi \u00e0 convaincre leurs homologues nantais de faire de m\u00eame pour c\u00e9der Eliot Matazo. Selon le journaliste belge Sacha Tavolieri, Monaco aurait trouv\u00e9 la seconde proposition nantaise insuffisante et attendrait plus d&rsquo;argent.<\/p>\n\n\n\n<p>Matazo, qui dispose d&rsquo;un contrat en Principaut\u00e9 jusqu&rsquo;en 2026, ne devrait pas s&rsquo;\u00e9terniser du c\u00f4t\u00e9 du Rocher, o\u00f9 son avenir ne semble plus s&rsquo;\u00e9crire. Apr\u00e8s la premi\u00e8re moiti\u00e9 de saison, il a jou\u00e9 sept rencontres, profitant surtout des absences pour gagner du temps de jeu.<\/p>\n","protected":false},"excerpt":{"rendered":"<p>La n\u00e9gociation est un art difficile et l&rsquo;AS Monaco s&rsquo;y confronte en ce moment, aussi bien dans le sens des arriv\u00e9es que des d\u00e9parts. Si les dirigeants mon\u00e9gasques ont d\u00fb se rapprocher des exigences du Sturm Graz pour Mika Biereth, il semble qu&rsquo;ils n&rsquo;aient pas r\u00e9ussi \u00e0 convaincre leurs homologues nantais de faire de m\u00eame [&#8230;]\n","protected":false},"author":2,"featured_media":0,"comment_status":"open","ping_status":"open","sticky":false,"template":"","format":"standard","meta":[],"categories":[6],"tags":[86,145,111,110],"yoast_head":"<!-- This site is optimized with the Yoast SEO plugin v19.8 - https:\/\/yoast.com\/wordpress\/plugins\/seo\/ -->\n<title>Monaco demande plus pour Matazo - La Diagonale<\/title>\n<meta name=\"robots\" content=\"index, follow, max-snippet:-1, max-image-preview:large, max-video-preview:-1\" \/>\n<link rel=\"canonical\" href=\"https:\/\/www.ladiagonale.net\/index.php\/2025\/01\/09\/monaco-veut-plus-pour-matazo\/\" \/>\n<meta property=\"og:locale\" content=\"fr_FR\" \/>\n<meta property=\"og:type\" content=\"article\" \/>\n<meta property=\"og:title\" content=\"Monaco demande plus pour Matazo - La Diagonale\" \/>\n<meta property=\"og:description\" content=\"La n\u00e9gociation est un art difficile et l&rsquo;AS Monaco s&rsquo;y confronte en ce moment, aussi bien dans le sens des arriv\u00e9es que des d\u00e9parts. Si les dirigeants mon\u00e9gasques ont d\u00fb se rapprocher des exigences du Sturm Graz pour Mika Biereth, il semble qu&rsquo;ils n&rsquo;aient pas r\u00e9ussi \u00e0 convaincre leurs homologues nantais de faire de m\u00eame [...]\" \/>\n<meta property=\"og:url\" content=\"https:\/\/www.ladiagonale.net\/index.php\/2025\/01\/09\/monaco-veut-plus-pour-matazo\/\" \/>\n<meta property=\"og:site_name\" content=\"La Diagonale\" \/>\n<meta property=\"article:published_time\" content=\"2025-01-09T17:16:11+00:00\" \/>\n<meta property=\"article:modified_time\" content=\"2025-01-09T18:31:22+00:00\" \/>\n<meta property=\"og:image\" content=\"https:\/\/www.ladiagonale.net\/wp-content\/uploads\/2024\/12\/Matazo2.png\" \/>\n\t<meta property=\"og:image:width\" content=\"1160\" \/>\n\t<meta property=\"og:image:height\" content=\"650\" \/>\n\t<meta property=\"og:image:type\" content=\"image\/png\" \/>\n<meta name=\"author\" content=\"Damien Dellerba\" \/>\n<meta name=\"twitter:card\" content=\"summary_large_image\" \/>\n<meta name=\"twitter:image\" content=\"https:\/\/www.ladiagonale.net\/wp-content\/uploads\/2024\/12\/Matazo2.png\" \/>\n<meta name=\"twitter:label1\" content=\"\u00c9crit par\" \/>\n\t<meta name=\"twitter:data1\" content=\"Damien Dellerba\" \/>\n\t<meta name=\"twitter:label2\" content=\"Dur\u00e9e de lecture estim\u00e9e\" \/>\n\t<meta name=\"twitter:data2\" content=\"1 minute\" \/>\n<script type=\"application\/ld+json\" class=\"yoast-schema-graph\">{\"@context\":\"https:\/\/schema.org\",\"@graph\":[{\"@type\":\"WebPage\",\"@id\":\"https:\/\/www.ladiagonale.net\/index.php\/2025\/01\/09\/monaco-veut-plus-pour-matazo\/\",\"url\":\"https:\/\/www.ladiagonale.net\/index.php\/2025\/01\/09\/monaco-veut-plus-pour-matazo\/\",\"name\":\"Monaco demande plus pour Matazo - La Diagonale\",\"isPartOf\":{\"@id\":\"https:\/\/www.ladiagonale.net\/#website\"},\"datePublished\":\"2025-01-09T17:16:11+00:00\",\"dateModified\":\"2025-01-09T18:31:22+00:00\",\"author\":{\"@id\":\"https:\/\/www.ladiagonale.net\/#\/schema\/person\/79ff1e7b0853ed01b2aa26e64ad300bf\"},\"breadcrumb\":{\"@id\":\"https:\/\/www.ladiagonale.net\/index.php\/2025\/01\/09\/monaco-veut-plus-pour-matazo\/#breadcrumb\"},\"inLanguage\":\"fr-FR\",\"potentialAction\":[{\"@type\":\"ReadAction\",\"target\":[\"https:\/\/www.ladiagonale.net\/index.php\/2025\/01\/09\/monaco-veut-plus-pour-matazo\/\"]}]},{\"@type\":\"BreadcrumbList\",\"@id\":\"https:\/\/www.ladiagonale.net\/index.php\/2025\/01\/09\/monaco-veut-plus-pour-matazo\/#breadcrumb\",\"itemListElement\":[{\"@type\":\"ListItem\",\"position\":1,\"name\":\"Accueil\",\"item\":\"https:\/\/www.ladiagonale.net\/\"},{\"@type\":\"ListItem\",\"position\":2,\"name\":\"Monaco demande plus pour Matazo\"}]},{\"@type\":\"WebSite\",\"@id\":\"https:\/\/www.ladiagonale.net\/#website\",\"url\":\"https:\/\/www.ladiagonale.net\/\",\"name\":\"La Diagonale\",\"description\":\"Le site des supporters de l&#039;AS Monaco FC\",\"potentialAction\":[{\"@type\":\"SearchAction\",\"target\":{\"@type\":\"EntryPoint\",\"urlTemplate\":\"https:\/\/www.ladiagonale.net\/?s={search_term_string}\"},\"query-input\":\"required name=search_term_string\"}],\"inLanguage\":\"fr-FR\"},{\"@type\":\"Person\",\"@id\":\"https:\/\/www.ladiagonale.net\/#\/schema\/person\/79ff1e7b0853ed01b2aa26e64ad300bf\",\"name\":\"Damien Dellerba\",\"image\":{\"@type\":\"ImageObject\",\"inLanguage\":\"fr-FR\",\"@id\":\"https:\/\/www.ladiagonale.net\/#\/schema\/person\/image\/\",\"url\":\"https:\/\/secure.gravatar.com\/avatar\/c7850e06d3ff63cdbaee88b7fc16e2f0?s=96&d=mm&r=g\",\"contentUrl\":\"https:\/\/secure.gravatar.com\/avatar\/c7850e06d3ff63cdbaee88b7fc16e2f0?s=96&d=mm&r=g\",\"caption\":\"Damien Dellerba\"},\"url\":\"https:\/\/www.ladiagonale.net\/index.php\/author\/damien\/\"}]}<\/script>\n<!-- \/ Yoast SEO plugin. -->","yoast_head_json":{"title":"Monaco demande plus pour Matazo - La Diagonale","robots":{"index":"index","follow":"follow","max-snippet":"max-snippet:-1","max-image-preview":"max-image-preview:large","max-video-preview":"max-video-preview:-1"},"canonical":"https:\/\/www.ladiagonale.net\/index.php\/2025\/01\/09\/monaco-veut-plus-pour-matazo\/","og_locale":"fr_FR","og_type":"article","og_title":"Monaco demande plus pour Matazo - La Diagonale","og_description":"La n\u00e9gociation est un art difficile et l&rsquo;AS Monaco s&rsquo;y confronte en ce moment, aussi bien dans le sens des arriv\u00e9es que des d\u00e9parts. Si les dirigeants mon\u00e9gasques ont d\u00fb se rapprocher des exigences du Sturm Graz pour Mika Biereth, il semble qu&rsquo;ils n&rsquo;aient pas r\u00e9ussi \u00e0 convaincre leurs homologues nantais de faire de m\u00eame [...]","og_url":"https:\/\/www.ladiagonale.net\/index.php\/2025\/01\/09\/monaco-veut-plus-pour-matazo\/","og_site_name":"La Diagonale","article_published_time":"2025-01-09T17:16:11+00:00","article_modified_time":"2025-01-09T18:31:22+00:00","og_image":[{"width":1160,"height":650,"url":"https:\/\/www.ladiagonale.net\/wp-content\/uploads\/2024\/12\/Matazo2.png","type":"image\/png"}],"author":"Damien Dellerba","twitter_card":"summary_large_image","twitter_image":"https:\/\/www.ladiagonale.net\/wp-content\/uploads\/2024\/12\/Matazo2.png","twitter_misc":{"\u00c9crit par":"Damien Dellerba","Dur\u00e9e de lecture estim\u00e9e":"1 minute"},"schema":{"@context":"https:\/\/schema.org","@graph":[{"@type":"WebPage","@id":"https:\/\/www.ladiagonale.net\/index.php\/2025\/01\/09\/monaco-veut-plus-pour-matazo\/","url":"https:\/\/www.ladiagonale.net\/index.php\/2025\/01\/09\/monaco-veut-plus-pour-matazo\/","name":"Monaco demande plus pour Matazo - La Diagonale","isPartOf":{"@id":"https:\/\/www.ladiagonale.net\/#website"},"datePublished":"2025-01-09T17:16:11+00:00","dateModified":"2025-01-09T18:31:22+00:00","author":{"@id":"https:\/\/www.ladiagonale.net\/#\/schema\/person\/79ff1e7b0853ed01b2aa26e64ad300bf"},"breadcrumb":{"@id":"https:\/\/www.ladiagonale.net\/index.php\/2025\/01\/09\/monaco-veut-plus-pour-matazo\/#breadcrumb"},"inLanguage":"fr-FR","potentialAction":[{"@type":"ReadAction","target":["https:\/\/www.ladiagonale.net\/index.php\/2025\/01\/09\/monaco-veut-plus-pour-matazo\/"]}]},{"@type":"BreadcrumbList","@id":"https:\/\/www.ladiagonale.net\/index.php\/2025\/01\/09\/monaco-veut-plus-pour-matazo\/#breadcrumb","itemListElement":[{"@type":"ListItem","position":1,"name":"Accueil","item":"https:\/\/www.ladiagonale.net\/"},{"@type":"ListItem","position":2,"name":"Monaco demande plus pour Matazo"}]},{"@type":"WebSite","@id":"https:\/\/www.ladiagonale.net\/#website","url":"https:\/\/www.ladiagonale.net\/","name":"La Diagonale","description":"Le site des supporters de l&#039;AS Monaco FC","potentialAction":[{"@type":"SearchAction","target":{"@type":"EntryPoint","urlTemplate":"https:\/\/www.ladiagonale.net\/?s={search_term_string}"},"query-input":"required name=search_term_string"}],"inLanguage":"fr-FR"},{"@type":"Person","@id":"https:\/\/www.ladiagonale.net\/#\/schema\/person\/79ff1e7b0853ed01b2aa26e64ad300bf","name":"Damien Dellerba","image":{"@type":"ImageObject","inLanguage":"fr-FR","@id":"https:\/\/www.ladiagonale.net\/#\/schema\/person\/image\/","url":"https:\/\/secure.gravatar.com\/avatar\/c7850e06d3ff63cdbaee88b7fc16e2f0?s=96&d=mm&r=g","contentUrl":"https:\/\/secure.gravatar.com\/avatar\/c7850e06d3ff63cdbaee88b7fc16e2f0?s=96&d=mm&r=g","caption":"Damien Dellerba"},"url":"https:\/\/www.ladiagonale.net\/index.php\/author\/damien\/"}]}},"_links":{"self":[{"href":"https:\/\/www.ladiagonale.net\/index.php\/wp-json\/wp\/v2\/posts\/28778"}],"collection":[{"href":"https:\/\/www.ladiagonale.net\/index.php\/wp-json\/wp\/v2\/posts"}],"about":[{"href":"https:\/\/www.ladiagonale.net\/index.php\/wp-json\/wp\/v2\/types\/post"}],"author":[{"embeddable":true,"href":"https:\/\/www.ladiagonale.net\/index.php\/wp-json\/wp\/v2\/users\/2"}],"replies":[{"embeddable":true,"href":"https:\/\/www.ladiagonale.net\/index.php\/wp-json\/wp\/v2\/comments?post=28778"}],"version-history":[{"count":6,"href":"https:\/\/www.ladiagonale.net\/index.php\/wp-json\/wp\/v2\/posts\/28778\/revisions"}],"predecessor-version":[{"id":28785,"href":"https:\/\/www.ladiagonale.net\/index.php\/wp-json\/wp\/v2\/posts\/28778\/revisions\/28785"}],"wp:attachment":[{"href":"https:\/\/www.ladiagonale.net\/index.php\/wp-json\/wp\/v2\/media?parent=28778"}],"wp:term":[{"taxonomy":"category","embeddable":true,"href":"https:\/\/www.ladiagonale.net\/index.php\/wp-json\/wp\/v2\/categories?post=28778"},{"taxonomy":"post_tag","embeddable":true,"href":"https:\/\/www.ladiagonale.net\/index.php\/wp-json\/wp\/v2\/tags?post=28778"}],"curies":[{"name":"wp","href":"https:\/\/api.w.org\/{rel}","templated":true}]}}