{"id":28828,"date":"2025-01-10T22:29:40","date_gmt":"2025-01-10T21:29:40","guid":{"rendered":"https:\/\/www.ladiagonale.net\/?p=28828"},"modified":"2025-01-10T22:29:40","modified_gmt":"2025-01-10T21:29:40","slug":"camara-un-manque-denvie","status":"publish","type":"post","link":"https:\/\/www.ladiagonale.net\/index.php\/2025\/01\/10\/camara-un-manque-denvie\/","title":{"rendered":"Camara : \u00ab&nbsp;Un manque d\u2019envie&nbsp;\u00bb"},"content":{"rendered":"\n<p>Lamine Camara n\u2019y est pas all\u00e9 par quatre chemins pour expliquer le match nul de l\u2019AS Monaco contre Nantes ce vendredi : \u00ab\u00a0<em>Nous avons mal d\u00e9but\u00e9 la rencontre, avec un manque d\u2019envie. C\u2019est ce que l\u2019on a essay\u00e9 de changer en seconde p\u00e9riode, mais c\u2019est arriv\u00e9 un peu trop tard. Ce qui est malgr\u00e9 tout positif, c\u2019est que nous avons pu r\u00e9agir en recollant au score. (\u2026) Le souci ce soir se situait au niveau de l\u2019envie, nous \u00e9tions trop mous et cela nous a co\u00fbt\u00e9 cher.\u00a0<\/em>\u00bb<\/p>\n\n\n\n<p>Le S\u00e9n\u00e9galais a indiqu\u00e9 qu\u2019Adi H\u00fctter avait d\u00fb trouver les mots pour remobiliser son \u00e9quipe, m\u00eame si cela n\u2019a pas eu un effet imm\u00e9diat, puisque les Mon\u00e9gasques ont encaiss\u00e9 le second but d\u00e8s la reprise : \u00ab\u00a0<em>Le coach nous a pouss\u00e9s dans le vestiaire \u00e0 la pause. On savait que nous n\u2019\u00e9tions pas \u00e0 fond et que nous n\u2019avions pas tout donn\u00e9 en premi\u00e8re mi-temps, ce qui \u00e9tait une erreur car nous encaissons ce premier but. Le deuxi\u00e8me ne nous facilite pas la t\u00e2che non plus \u00e0 la reprise, mais le coach a \u00e9t\u00e9 derri\u00e8re nous et c\u2019est ce qui nous a permis de r\u00e9agir.\u00a0<\/em>\u00bb<\/p>\n\n\n","protected":false},"excerpt":{"rendered":"<p>Lamine Camara n\u2019y est pas all\u00e9 par quatre chemins pour expliquer le match nul de l\u2019AS Monaco contre Nantes ce vendredi : \u00ab\u00a0Nous avons mal d\u00e9but\u00e9 la rencontre, avec un manque d\u2019envie. C\u2019est ce que l\u2019on a essay\u00e9 de changer en seconde p\u00e9riode, mais c\u2019est arriv\u00e9 un peu trop tard. Ce qui est malgr\u00e9 tout [&#8230;]\n","protected":false},"author":2,"featured_media":0,"comment_status":"open","ping_status":"open","sticky":false,"template":"","format":"standard","meta":[],"categories":[6],"tags":[86,894,94,438],"yoast_head":"<!-- This site is optimized with the Yoast SEO plugin v19.8 - https:\/\/yoast.com\/wordpress\/plugins\/seo\/ -->\n<title>Camara : \u00ab&nbsp;Un manque d\u2019envie&nbsp;\u00bb - La Diagonale<\/title>\n<meta name=\"robots\" content=\"index, follow, max-snippet:-1, max-image-preview:large, max-video-preview:-1\" \/>\n<link rel=\"canonical\" href=\"https:\/\/www.ladiagonale.net\/index.php\/2025\/01\/10\/camara-un-manque-denvie\/\" \/>\n<meta property=\"og:locale\" content=\"fr_FR\" \/>\n<meta property=\"og:type\" content=\"article\" \/>\n<meta property=\"og:title\" content=\"Camara : \u00ab&nbsp;Un manque d\u2019envie&nbsp;\u00bb - La Diagonale\" \/>\n<meta property=\"og:description\" content=\"Lamine Camara n\u2019y est pas all\u00e9 par quatre chemins pour expliquer le match nul de l\u2019AS Monaco contre Nantes ce vendredi : \u00ab\u00a0Nous avons mal d\u00e9but\u00e9 la rencontre, avec un manque d\u2019envie. C\u2019est ce que l\u2019on a essay\u00e9 de changer en seconde p\u00e9riode, mais c\u2019est arriv\u00e9 un peu trop tard. Ce qui est malgr\u00e9 tout [...]\" \/>\n<meta property=\"og:url\" content=\"https:\/\/www.ladiagonale.net\/index.php\/2025\/01\/10\/camara-un-manque-denvie\/\" \/>\n<meta property=\"og:site_name\" content=\"La Diagonale\" \/>\n<meta property=\"article:published_time\" content=\"2025-01-10T21:29:40+00:00\" \/>\n<meta property=\"og:image\" content=\"https:\/\/www.ladiagonale.net\/wp-content\/uploads\/2024\/09\/camaraL.png\" \/>\n\t<meta property=\"og:image:width\" content=\"1160\" \/>\n\t<meta property=\"og:image:height\" content=\"650\" \/>\n\t<meta property=\"og:image:type\" content=\"image\/png\" \/>\n<meta name=\"author\" content=\"Damien Dellerba\" \/>\n<meta name=\"twitter:card\" content=\"summary_large_image\" \/>\n<meta name=\"twitter:image\" content=\"https:\/\/www.ladiagonale.net\/wp-content\/uploads\/2024\/09\/camaraL.png\" \/>\n<meta name=\"twitter:label1\" content=\"\u00c9crit par\" \/>\n\t<meta name=\"twitter:data1\" content=\"Damien Dellerba\" \/>\n\t<meta name=\"twitter:label2\" content=\"Dur\u00e9e de lecture estim\u00e9e\" \/>\n\t<meta name=\"twitter:data2\" content=\"1 minute\" \/>\n<script type=\"application\/ld+json\" class=\"yoast-schema-graph\">{\"@context\":\"https:\/\/schema.org\",\"@graph\":[{\"@type\":\"WebPage\",\"@id\":\"https:\/\/www.ladiagonale.net\/index.php\/2025\/01\/10\/camara-un-manque-denvie\/\",\"url\":\"https:\/\/www.ladiagonale.net\/index.php\/2025\/01\/10\/camara-un-manque-denvie\/\",\"name\":\"Camara : \u00ab&nbsp;Un manque d\u2019envie&nbsp;\u00bb - La Diagonale\",\"isPartOf\":{\"@id\":\"https:\/\/www.ladiagonale.net\/#website\"},\"datePublished\":\"2025-01-10T21:29:40+00:00\",\"dateModified\":\"2025-01-10T21:29:40+00:00\",\"author\":{\"@id\":\"https:\/\/www.ladiagonale.net\/#\/schema\/person\/79ff1e7b0853ed01b2aa26e64ad300bf\"},\"breadcrumb\":{\"@id\":\"https:\/\/www.ladiagonale.net\/index.php\/2025\/01\/10\/camara-un-manque-denvie\/#breadcrumb\"},\"inLanguage\":\"fr-FR\",\"potentialAction\":[{\"@type\":\"ReadAction\",\"target\":[\"https:\/\/www.ladiagonale.net\/index.php\/2025\/01\/10\/camara-un-manque-denvie\/\"]}]},{\"@type\":\"BreadcrumbList\",\"@id\":\"https:\/\/www.ladiagonale.net\/index.php\/2025\/01\/10\/camara-un-manque-denvie\/#breadcrumb\",\"itemListElement\":[{\"@type\":\"ListItem\",\"position\":1,\"name\":\"Accueil\",\"item\":\"https:\/\/www.ladiagonale.net\/\"},{\"@type\":\"ListItem\",\"position\":2,\"name\":\"Camara : \u00ab&nbsp;Un manque d\u2019envie&nbsp;\u00bb\"}]},{\"@type\":\"WebSite\",\"@id\":\"https:\/\/www.ladiagonale.net\/#website\",\"url\":\"https:\/\/www.ladiagonale.net\/\",\"name\":\"La Diagonale\",\"description\":\"Le site des supporters de l&#039;AS Monaco FC\",\"potentialAction\":[{\"@type\":\"SearchAction\",\"target\":{\"@type\":\"EntryPoint\",\"urlTemplate\":\"https:\/\/www.ladiagonale.net\/?s={search_term_string}\"},\"query-input\":\"required name=search_term_string\"}],\"inLanguage\":\"fr-FR\"},{\"@type\":\"Person\",\"@id\":\"https:\/\/www.ladiagonale.net\/#\/schema\/person\/79ff1e7b0853ed01b2aa26e64ad300bf\",\"name\":\"Damien Dellerba\",\"image\":{\"@type\":\"ImageObject\",\"inLanguage\":\"fr-FR\",\"@id\":\"https:\/\/www.ladiagonale.net\/#\/schema\/person\/image\/\",\"url\":\"https:\/\/secure.gravatar.com\/avatar\/c7850e06d3ff63cdbaee88b7fc16e2f0?s=96&d=mm&r=g\",\"contentUrl\":\"https:\/\/secure.gravatar.com\/avatar\/c7850e06d3ff63cdbaee88b7fc16e2f0?s=96&d=mm&r=g\",\"caption\":\"Damien Dellerba\"},\"url\":\"https:\/\/www.ladiagonale.net\/index.php\/author\/damien\/\"}]}<\/script>\n<!-- \/ Yoast SEO plugin. -->","yoast_head_json":{"title":"Camara : \u00ab&nbsp;Un manque d\u2019envie&nbsp;\u00bb - La Diagonale","robots":{"index":"index","follow":"follow","max-snippet":"max-snippet:-1","max-image-preview":"max-image-preview:large","max-video-preview":"max-video-preview:-1"},"canonical":"https:\/\/www.ladiagonale.net\/index.php\/2025\/01\/10\/camara-un-manque-denvie\/","og_locale":"fr_FR","og_type":"article","og_title":"Camara : \u00ab&nbsp;Un manque d\u2019envie&nbsp;\u00bb - La Diagonale","og_description":"Lamine Camara n\u2019y est pas all\u00e9 par quatre chemins pour expliquer le match nul de l\u2019AS Monaco contre Nantes ce vendredi : \u00ab\u00a0Nous avons mal d\u00e9but\u00e9 la rencontre, avec un manque d\u2019envie. C\u2019est ce que l\u2019on a essay\u00e9 de changer en seconde p\u00e9riode, mais c\u2019est arriv\u00e9 un peu trop tard. Ce qui est malgr\u00e9 tout [...]","og_url":"https:\/\/www.ladiagonale.net\/index.php\/2025\/01\/10\/camara-un-manque-denvie\/","og_site_name":"La Diagonale","article_published_time":"2025-01-10T21:29:40+00:00","og_image":[{"width":1160,"height":650,"url":"https:\/\/www.ladiagonale.net\/wp-content\/uploads\/2024\/09\/camaraL.png","type":"image\/png"}],"author":"Damien Dellerba","twitter_card":"summary_large_image","twitter_image":"https:\/\/www.ladiagonale.net\/wp-content\/uploads\/2024\/09\/camaraL.png","twitter_misc":{"\u00c9crit par":"Damien Dellerba","Dur\u00e9e de lecture estim\u00e9e":"1 minute"},"schema":{"@context":"https:\/\/schema.org","@graph":[{"@type":"WebPage","@id":"https:\/\/www.ladiagonale.net\/index.php\/2025\/01\/10\/camara-un-manque-denvie\/","url":"https:\/\/www.ladiagonale.net\/index.php\/2025\/01\/10\/camara-un-manque-denvie\/","name":"Camara : \u00ab&nbsp;Un manque d\u2019envie&nbsp;\u00bb - La Diagonale","isPartOf":{"@id":"https:\/\/www.ladiagonale.net\/#website"},"datePublished":"2025-01-10T21:29:40+00:00","dateModified":"2025-01-10T21:29:40+00:00","author":{"@id":"https:\/\/www.ladiagonale.net\/#\/schema\/person\/79ff1e7b0853ed01b2aa26e64ad300bf"},"breadcrumb":{"@id":"https:\/\/www.ladiagonale.net\/index.php\/2025\/01\/10\/camara-un-manque-denvie\/#breadcrumb"},"inLanguage":"fr-FR","potentialAction":[{"@type":"ReadAction","target":["https:\/\/www.ladiagonale.net\/index.php\/2025\/01\/10\/camara-un-manque-denvie\/"]}]},{"@type":"BreadcrumbList","@id":"https:\/\/www.ladiagonale.net\/index.php\/2025\/01\/10\/camara-un-manque-denvie\/#breadcrumb","itemListElement":[{"@type":"ListItem","position":1,"name":"Accueil","item":"https:\/\/www.ladiagonale.net\/"},{"@type":"ListItem","position":2,"name":"Camara : \u00ab&nbsp;Un manque d\u2019envie&nbsp;\u00bb"}]},{"@type":"WebSite","@id":"https:\/\/www.ladiagonale.net\/#website","url":"https:\/\/www.ladiagonale.net\/","name":"La Diagonale","description":"Le site des supporters de l&#039;AS Monaco FC","potentialAction":[{"@type":"SearchAction","target":{"@type":"EntryPoint","urlTemplate":"https:\/\/www.ladiagonale.net\/?s={search_term_string}"},"query-input":"required name=search_term_string"}],"inLanguage":"fr-FR"},{"@type":"Person","@id":"https:\/\/www.ladiagonale.net\/#\/schema\/person\/79ff1e7b0853ed01b2aa26e64ad300bf","name":"Damien Dellerba","image":{"@type":"ImageObject","inLanguage":"fr-FR","@id":"https:\/\/www.ladiagonale.net\/#\/schema\/person\/image\/","url":"https:\/\/secure.gravatar.com\/avatar\/c7850e06d3ff63cdbaee88b7fc16e2f0?s=96&d=mm&r=g","contentUrl":"https:\/\/secure.gravatar.com\/avatar\/c7850e06d3ff63cdbaee88b7fc16e2f0?s=96&d=mm&r=g","caption":"Damien Dellerba"},"url":"https:\/\/www.ladiagonale.net\/index.php\/author\/damien\/"}]}},"_links":{"self":[{"href":"https:\/\/www.ladiagonale.net\/index.php\/wp-json\/wp\/v2\/posts\/28828"}],"collection":[{"href":"https:\/\/www.ladiagonale.net\/index.php\/wp-json\/wp\/v2\/posts"}],"about":[{"href":"https:\/\/www.ladiagonale.net\/index.php\/wp-json\/wp\/v2\/types\/post"}],"author":[{"embeddable":true,"href":"https:\/\/www.ladiagonale.net\/index.php\/wp-json\/wp\/v2\/users\/2"}],"replies":[{"embeddable":true,"href":"https:\/\/www.ladiagonale.net\/index.php\/wp-json\/wp\/v2\/comments?post=28828"}],"version-history":[{"count":1,"href":"https:\/\/www.ladiagonale.net\/index.php\/wp-json\/wp\/v2\/posts\/28828\/revisions"}],"predecessor-version":[{"id":28829,"href":"https:\/\/www.ladiagonale.net\/index.php\/wp-json\/wp\/v2\/posts\/28828\/revisions\/28829"}],"wp:attachment":[{"href":"https:\/\/www.ladiagonale.net\/index.php\/wp-json\/wp\/v2\/media?parent=28828"}],"wp:term":[{"taxonomy":"category","embeddable":true,"href":"https:\/\/www.ladiagonale.net\/index.php\/wp-json\/wp\/v2\/categories?post=28828"},{"taxonomy":"post_tag","embeddable":true,"href":"https:\/\/www.ladiagonale.net\/index.php\/wp-json\/wp\/v2\/tags?post=28828"}],"curies":[{"name":"wp","href":"https:\/\/api.w.org\/{rel}","templated":true}]}}