{"id":28830,"date":"2025-01-10T22:50:11","date_gmt":"2025-01-10T21:50:11","guid":{"rendered":"https:\/\/www.ladiagonale.net\/?p=28830"},"modified":"2025-01-11T01:42:20","modified_gmt":"2025-01-11T00:42:20","slug":"monaco-dans-les-pretendants-pour-rashford","status":"publish","type":"post","link":"https:\/\/www.ladiagonale.net\/index.php\/2025\/01\/10\/monaco-dans-les-pretendants-pour-rashford\/","title":{"rendered":"Monaco dans les pr\u00e9tendants pour Rashford ?"},"content":{"rendered":"\n\n\n<p>L\u2019AS Monaco devrait se renforcer offensivement avec l\u2019arriv\u00e9e de Mika Biereth, qui pourrait s\u2019engager dans les prochaines heures. Mais le club de la Principaut\u00e9 serait \u00e9galement tent\u00e9 de s\u2019attaquer un autre dossier, bien plus gros et d\u00e9licat, puisque d\u2019apr\u00e8s <em>The Telegraph<\/em>, Monaco compterait d\u00e9sormais parmi les pr\u00e9tendants de Marcus Rashford et pourrait faire une offre pour l\u2019ailier droit de 27 ans de Manchester United. Une information qui a de quoi surprendre tant les dirigeants mon\u00e9gasques font preuve de prudence quant \u00e0 leurs investissements, m\u00eame si d&rsquo;apr\u00e8s <em>Sky Sports<\/em>, le club mancunien envisagerait d&rsquo;abord un d\u00e9part sous forme de pr\u00eat.<\/p>\n\n\n\n<p>Pour Monaco il faudra \u00e9galement se frotter \u00e0 une forte concurrence puisque l\u2019AC Milan, Arsenal ou encore la Juventus semblent l&rsquo;avoir ajout\u00e9 sur leurs tablettes, tandis que des clubs saoudiens auraient essuy\u00e9 un refus de la part du joueur. Cette saison, Rashford a jou\u00e9 24 rencontres et inscrit 7 buts, sauf que depuis l\u2019arriv\u00e9e de Ruben Amorim sur le banc mancunien, l\u2019international anglais (60 s\u00e9lections) ne fait plus partie des plans du 13<sup>e<\/sup> de <em>Premier League<\/em>. Son dernier match remonte au 12 d\u00e9cembre, en Ligue Europa. Il est sous contrat avec les Red Devils jusqu&rsquo;en 2028.<\/p>\n","protected":false},"excerpt":{"rendered":"<p>L\u2019AS Monaco devrait se renforcer offensivement avec l\u2019arriv\u00e9e de Mika Biereth, qui pourrait s\u2019engager dans les prochaines heures. Mais le club de la Principaut\u00e9 serait \u00e9galement tent\u00e9 de s\u2019attaquer un autre dossier, bien plus gros et d\u00e9licat, puisque d\u2019apr\u00e8s The Telegraph, Monaco compterait d\u00e9sormais parmi les pr\u00e9tendants de Marcus Rashford et pourrait faire une offre [&#8230;]\n","protected":false},"author":2,"featured_media":0,"comment_status":"open","ping_status":"open","sticky":false,"template":"","format":"standard","meta":[],"categories":[6],"tags":[86,969,111,110],"yoast_head":"<!-- This site is optimized with the Yoast SEO plugin v19.8 - https:\/\/yoast.com\/wordpress\/plugins\/seo\/ -->\n<title>Monaco dans les pr\u00e9tendants pour Rashford ? - La Diagonale<\/title>\n<meta name=\"robots\" content=\"index, follow, max-snippet:-1, max-image-preview:large, max-video-preview:-1\" \/>\n<link rel=\"canonical\" href=\"https:\/\/www.ladiagonale.net\/index.php\/2025\/01\/10\/monaco-dans-les-pretendants-pour-rashford\/\" \/>\n<meta property=\"og:locale\" content=\"fr_FR\" \/>\n<meta property=\"og:type\" content=\"article\" \/>\n<meta property=\"og:title\" content=\"Monaco dans les pr\u00e9tendants pour Rashford ? - La Diagonale\" \/>\n<meta property=\"og:description\" content=\"L\u2019AS Monaco devrait se renforcer offensivement avec l\u2019arriv\u00e9e de Mika Biereth, qui pourrait s\u2019engager dans les prochaines heures. Mais le club de la Principaut\u00e9 serait \u00e9galement tent\u00e9 de s\u2019attaquer un autre dossier, bien plus gros et d\u00e9licat, puisque d\u2019apr\u00e8s The Telegraph, Monaco compterait d\u00e9sormais parmi les pr\u00e9tendants de Marcus Rashford et pourrait faire une offre [...]\" \/>\n<meta property=\"og:url\" content=\"https:\/\/www.ladiagonale.net\/index.php\/2025\/01\/10\/monaco-dans-les-pretendants-pour-rashford\/\" \/>\n<meta property=\"og:site_name\" content=\"La Diagonale\" \/>\n<meta property=\"article:published_time\" content=\"2025-01-10T21:50:11+00:00\" \/>\n<meta property=\"article:modified_time\" content=\"2025-01-11T00:42:20+00:00\" \/>\n<meta property=\"og:image\" content=\"https:\/\/www.ladiagonale.net\/wp-content\/uploads\/2025\/01\/rashford.png\" \/>\n\t<meta property=\"og:image:width\" content=\"1160\" \/>\n\t<meta property=\"og:image:height\" content=\"650\" \/>\n\t<meta property=\"og:image:type\" content=\"image\/png\" \/>\n<meta name=\"author\" content=\"Damien Dellerba\" \/>\n<meta name=\"twitter:card\" content=\"summary_large_image\" \/>\n<meta name=\"twitter:image\" content=\"https:\/\/www.ladiagonale.net\/wp-content\/uploads\/2025\/01\/rashford.png\" \/>\n<meta name=\"twitter:label1\" content=\"\u00c9crit par\" \/>\n\t<meta name=\"twitter:data1\" content=\"Damien Dellerba\" \/>\n\t<meta name=\"twitter:label2\" content=\"Dur\u00e9e de lecture estim\u00e9e\" \/>\n\t<meta name=\"twitter:data2\" content=\"2 minutes\" \/>\n<script type=\"application\/ld+json\" class=\"yoast-schema-graph\">{\"@context\":\"https:\/\/schema.org\",\"@graph\":[{\"@type\":\"WebPage\",\"@id\":\"https:\/\/www.ladiagonale.net\/index.php\/2025\/01\/10\/monaco-dans-les-pretendants-pour-rashford\/\",\"url\":\"https:\/\/www.ladiagonale.net\/index.php\/2025\/01\/10\/monaco-dans-les-pretendants-pour-rashford\/\",\"name\":\"Monaco dans les pr\u00e9tendants pour Rashford ? - La Diagonale\",\"isPartOf\":{\"@id\":\"https:\/\/www.ladiagonale.net\/#website\"},\"datePublished\":\"2025-01-10T21:50:11+00:00\",\"dateModified\":\"2025-01-11T00:42:20+00:00\",\"author\":{\"@id\":\"https:\/\/www.ladiagonale.net\/#\/schema\/person\/79ff1e7b0853ed01b2aa26e64ad300bf\"},\"breadcrumb\":{\"@id\":\"https:\/\/www.ladiagonale.net\/index.php\/2025\/01\/10\/monaco-dans-les-pretendants-pour-rashford\/#breadcrumb\"},\"inLanguage\":\"fr-FR\",\"potentialAction\":[{\"@type\":\"ReadAction\",\"target\":[\"https:\/\/www.ladiagonale.net\/index.php\/2025\/01\/10\/monaco-dans-les-pretendants-pour-rashford\/\"]}]},{\"@type\":\"BreadcrumbList\",\"@id\":\"https:\/\/www.ladiagonale.net\/index.php\/2025\/01\/10\/monaco-dans-les-pretendants-pour-rashford\/#breadcrumb\",\"itemListElement\":[{\"@type\":\"ListItem\",\"position\":1,\"name\":\"Accueil\",\"item\":\"https:\/\/www.ladiagonale.net\/\"},{\"@type\":\"ListItem\",\"position\":2,\"name\":\"Monaco dans les pr\u00e9tendants pour Rashford ?\"}]},{\"@type\":\"WebSite\",\"@id\":\"https:\/\/www.ladiagonale.net\/#website\",\"url\":\"https:\/\/www.ladiagonale.net\/\",\"name\":\"La Diagonale\",\"description\":\"Le site des supporters de l&#039;AS Monaco FC\",\"potentialAction\":[{\"@type\":\"SearchAction\",\"target\":{\"@type\":\"EntryPoint\",\"urlTemplate\":\"https:\/\/www.ladiagonale.net\/?s={search_term_string}\"},\"query-input\":\"required name=search_term_string\"}],\"inLanguage\":\"fr-FR\"},{\"@type\":\"Person\",\"@id\":\"https:\/\/www.ladiagonale.net\/#\/schema\/person\/79ff1e7b0853ed01b2aa26e64ad300bf\",\"name\":\"Damien Dellerba\",\"image\":{\"@type\":\"ImageObject\",\"inLanguage\":\"fr-FR\",\"@id\":\"https:\/\/www.ladiagonale.net\/#\/schema\/person\/image\/\",\"url\":\"https:\/\/secure.gravatar.com\/avatar\/c7850e06d3ff63cdbaee88b7fc16e2f0?s=96&d=mm&r=g\",\"contentUrl\":\"https:\/\/secure.gravatar.com\/avatar\/c7850e06d3ff63cdbaee88b7fc16e2f0?s=96&d=mm&r=g\",\"caption\":\"Damien Dellerba\"},\"url\":\"https:\/\/www.ladiagonale.net\/index.php\/author\/damien\/\"}]}<\/script>\n<!-- \/ Yoast SEO plugin. -->","yoast_head_json":{"title":"Monaco dans les pr\u00e9tendants pour Rashford ? - La Diagonale","robots":{"index":"index","follow":"follow","max-snippet":"max-snippet:-1","max-image-preview":"max-image-preview:large","max-video-preview":"max-video-preview:-1"},"canonical":"https:\/\/www.ladiagonale.net\/index.php\/2025\/01\/10\/monaco-dans-les-pretendants-pour-rashford\/","og_locale":"fr_FR","og_type":"article","og_title":"Monaco dans les pr\u00e9tendants pour Rashford ? - La Diagonale","og_description":"L\u2019AS Monaco devrait se renforcer offensivement avec l\u2019arriv\u00e9e de Mika Biereth, qui pourrait s\u2019engager dans les prochaines heures. Mais le club de la Principaut\u00e9 serait \u00e9galement tent\u00e9 de s\u2019attaquer un autre dossier, bien plus gros et d\u00e9licat, puisque d\u2019apr\u00e8s The Telegraph, Monaco compterait d\u00e9sormais parmi les pr\u00e9tendants de Marcus Rashford et pourrait faire une offre [...]","og_url":"https:\/\/www.ladiagonale.net\/index.php\/2025\/01\/10\/monaco-dans-les-pretendants-pour-rashford\/","og_site_name":"La Diagonale","article_published_time":"2025-01-10T21:50:11+00:00","article_modified_time":"2025-01-11T00:42:20+00:00","og_image":[{"width":1160,"height":650,"url":"https:\/\/www.ladiagonale.net\/wp-content\/uploads\/2025\/01\/rashford.png","type":"image\/png"}],"author":"Damien Dellerba","twitter_card":"summary_large_image","twitter_image":"https:\/\/www.ladiagonale.net\/wp-content\/uploads\/2025\/01\/rashford.png","twitter_misc":{"\u00c9crit par":"Damien Dellerba","Dur\u00e9e de lecture estim\u00e9e":"2 minutes"},"schema":{"@context":"https:\/\/schema.org","@graph":[{"@type":"WebPage","@id":"https:\/\/www.ladiagonale.net\/index.php\/2025\/01\/10\/monaco-dans-les-pretendants-pour-rashford\/","url":"https:\/\/www.ladiagonale.net\/index.php\/2025\/01\/10\/monaco-dans-les-pretendants-pour-rashford\/","name":"Monaco dans les pr\u00e9tendants pour Rashford ? - La Diagonale","isPartOf":{"@id":"https:\/\/www.ladiagonale.net\/#website"},"datePublished":"2025-01-10T21:50:11+00:00","dateModified":"2025-01-11T00:42:20+00:00","author":{"@id":"https:\/\/www.ladiagonale.net\/#\/schema\/person\/79ff1e7b0853ed01b2aa26e64ad300bf"},"breadcrumb":{"@id":"https:\/\/www.ladiagonale.net\/index.php\/2025\/01\/10\/monaco-dans-les-pretendants-pour-rashford\/#breadcrumb"},"inLanguage":"fr-FR","potentialAction":[{"@type":"ReadAction","target":["https:\/\/www.ladiagonale.net\/index.php\/2025\/01\/10\/monaco-dans-les-pretendants-pour-rashford\/"]}]},{"@type":"BreadcrumbList","@id":"https:\/\/www.ladiagonale.net\/index.php\/2025\/01\/10\/monaco-dans-les-pretendants-pour-rashford\/#breadcrumb","itemListElement":[{"@type":"ListItem","position":1,"name":"Accueil","item":"https:\/\/www.ladiagonale.net\/"},{"@type":"ListItem","position":2,"name":"Monaco dans les pr\u00e9tendants pour Rashford ?"}]},{"@type":"WebSite","@id":"https:\/\/www.ladiagonale.net\/#website","url":"https:\/\/www.ladiagonale.net\/","name":"La Diagonale","description":"Le site des supporters de l&#039;AS Monaco FC","potentialAction":[{"@type":"SearchAction","target":{"@type":"EntryPoint","urlTemplate":"https:\/\/www.ladiagonale.net\/?s={search_term_string}"},"query-input":"required name=search_term_string"}],"inLanguage":"fr-FR"},{"@type":"Person","@id":"https:\/\/www.ladiagonale.net\/#\/schema\/person\/79ff1e7b0853ed01b2aa26e64ad300bf","name":"Damien Dellerba","image":{"@type":"ImageObject","inLanguage":"fr-FR","@id":"https:\/\/www.ladiagonale.net\/#\/schema\/person\/image\/","url":"https:\/\/secure.gravatar.com\/avatar\/c7850e06d3ff63cdbaee88b7fc16e2f0?s=96&d=mm&r=g","contentUrl":"https:\/\/secure.gravatar.com\/avatar\/c7850e06d3ff63cdbaee88b7fc16e2f0?s=96&d=mm&r=g","caption":"Damien Dellerba"},"url":"https:\/\/www.ladiagonale.net\/index.php\/author\/damien\/"}]}},"_links":{"self":[{"href":"https:\/\/www.ladiagonale.net\/index.php\/wp-json\/wp\/v2\/posts\/28830"}],"collection":[{"href":"https:\/\/www.ladiagonale.net\/index.php\/wp-json\/wp\/v2\/posts"}],"about":[{"href":"https:\/\/www.ladiagonale.net\/index.php\/wp-json\/wp\/v2\/types\/post"}],"author":[{"embeddable":true,"href":"https:\/\/www.ladiagonale.net\/index.php\/wp-json\/wp\/v2\/users\/2"}],"replies":[{"embeddable":true,"href":"https:\/\/www.ladiagonale.net\/index.php\/wp-json\/wp\/v2\/comments?post=28830"}],"version-history":[{"count":3,"href":"https:\/\/www.ladiagonale.net\/index.php\/wp-json\/wp\/v2\/posts\/28830\/revisions"}],"predecessor-version":[{"id":28837,"href":"https:\/\/www.ladiagonale.net\/index.php\/wp-json\/wp\/v2\/posts\/28830\/revisions\/28837"}],"wp:attachment":[{"href":"https:\/\/www.ladiagonale.net\/index.php\/wp-json\/wp\/v2\/media?parent=28830"}],"wp:term":[{"taxonomy":"category","embeddable":true,"href":"https:\/\/www.ladiagonale.net\/index.php\/wp-json\/wp\/v2\/categories?post=28830"},{"taxonomy":"post_tag","embeddable":true,"href":"https:\/\/www.ladiagonale.net\/index.php\/wp-json\/wp\/v2\/tags?post=28830"}],"curies":[{"name":"wp","href":"https:\/\/api.w.org\/{rel}","templated":true}]}}