{"id":28835,"date":"2025-01-11T01:18:35","date_gmt":"2025-01-11T00:18:35","guid":{"rendered":"https:\/\/www.ladiagonale.net\/?p=28835"},"modified":"2025-01-11T01:18:36","modified_gmt":"2025-01-11T00:18:36","slug":"hutter-pas-content-de-ce-nul","status":"publish","type":"post","link":"https:\/\/www.ladiagonale.net\/index.php\/2025\/01\/11\/hutter-pas-content-de-ce-nul\/","title":{"rendered":"H\u00fctter : \u00ab\u00a0Pas content de ce nul\u00a0\u00bb"},"content":{"rendered":"\n\n\n<p>Adi H\u00fctter \u00e9tait frustr\u00e9 apr\u00e8s le r\u00e9sultat nul de l\u2019AS Monaco contre Nantes, vendredi : \u00ab\u00a0<em>Je ne suis pas satisfait du r\u00e9sultat car nous voulions gagner ce soir. Nous jouions trop lentement en premi\u00e8re p\u00e9riode et nous avons manqu\u00e9 trop de choses. Ensuite, apr\u00e8s avoir conc\u00e9d\u00e9 le deuxi\u00e8me but, nous avons montr\u00e9 une mentalit\u00e9 de combattant, c\u2019est ce que je veux voir \u00e0 chaque match. Mais globalement, je ne suis pas content de ce match nul.<\/em>\u00a0\u00bb<\/p>\n\n\n\n<p>Pour que Monaco revienne dans le match, H\u00fctter a r\u00e9organis\u00e9 le dispositif tactique :\u00a0\u00ab\u00a0<em>Nous sommes pass\u00e9s \u00e0 quatre d\u00e9fenseurs parce que Nantes d\u00e9fendait en bloc bas en 4-5-1. Nous \u00e9tions ensuite plus agressifs et avons r\u00e9ussi \u00e0 revenir \u00e0 la marque en inscrivant deux buts. Si l\u2019on regarde la performance g\u00e9n\u00e9rale, j\u2019\u00e9tais totalement insatisfait de notre premi\u00e8re p\u00e9riode, tandis que la deuxi\u00e8me \u00e9tait bien meilleure.<\/em>\u00a0\u00bb<\/p>\n\n\n\n<blockquote class=\"wp-block-quote\"><p>\u00ab\u00a0Nous ne sommes pas heureux des r\u00e9sultats obtenus\u00a0\u00bb<\/p><\/blockquote>\n\n\n\n<p>Il a justifi\u00e9 son choix de d\u00e9part par les absences : \u00ab\u00a0<em>Je suis toujours ouvert \u00e0 l\u2019id\u00e9e de changer de syst\u00e8me. Je ne veux pas jouer tout le temps de la m\u00eame fa\u00e7on, cela d\u00e9pend de l\u2019adversaire et de la situation que nous avons. Aujourd\u2019hui \u00e9tait un jour difficile pour trouver un XI de d\u00e9part parce qu\u2019il nous manquait beaucoup de joueurs devant. Mais nous n\u2019avons pas le droit de nous plaindre car nous sommes l\u2019AS Monaco et nous devons \u00eatre capables de battre une \u00e9quipe comme Nantes, qui a tout donn\u00e9 pour prendre un point.\u00a0<\/em>\u00bb<\/p>\n\n\n\n<p>L\u2019entra\u00eeneur autrichien a aussi confirm\u00e9 qu\u2019il n\u2019\u00e9tait pas content de la dynamique : \u00ab\u00a0<em>Nous avons affront\u00e9 de grosses \u00e9quipes sur cette p\u00e9riode m\u00eame si nous avions montr\u00e9 par le pass\u00e9 que nous pouvions les battre comme cela a \u00e9t\u00e9 le cas contre Barcelone. En ce moment, nous ne sommes pas heureux des r\u00e9sultats obtenus, c\u2019est clair. L\u2019an dernier, nous \u00e9tions aussi en difficult\u00e9 en janvier. La fin de saison est en mai et non maintenant, nous savons ce que nous devons faire. Tout le monde a la volont\u00e9 de reprendre la marche en avant et de se battre.<\/em>\u00a0\u00bb<\/p>\n","protected":false},"excerpt":{"rendered":"<p>Adi H\u00fctter \u00e9tait frustr\u00e9 apr\u00e8s le r\u00e9sultat nul de l\u2019AS Monaco contre Nantes, vendredi : \u00ab\u00a0Je ne suis pas satisfait du r\u00e9sultat car nous voulions gagner ce soir. Nous jouions trop lentement en premi\u00e8re p\u00e9riode et nous avons manqu\u00e9 trop de choses. Ensuite, apr\u00e8s avoir conc\u00e9d\u00e9 le deuxi\u00e8me but, nous avons montr\u00e9 une mentalit\u00e9 de [&#8230;]\n","protected":false},"author":2,"featured_media":0,"comment_status":"open","ping_status":"open","sticky":false,"template":"","format":"standard","meta":[],"categories":[6],"tags":[576,86,94,438],"yoast_head":"<!-- This site is optimized with the Yoast SEO plugin v19.8 - https:\/\/yoast.com\/wordpress\/plugins\/seo\/ -->\n<title>H\u00fctter : \u00ab\u00a0Pas content de ce nul\u00a0\u00bb - La Diagonale<\/title>\n<meta name=\"robots\" content=\"index, follow, max-snippet:-1, max-image-preview:large, max-video-preview:-1\" \/>\n<link rel=\"canonical\" href=\"https:\/\/www.ladiagonale.net\/index.php\/2025\/01\/11\/hutter-pas-content-de-ce-nul\/\" \/>\n<meta property=\"og:locale\" content=\"fr_FR\" \/>\n<meta property=\"og:type\" content=\"article\" \/>\n<meta property=\"og:title\" content=\"H\u00fctter : \u00ab\u00a0Pas content de ce nul\u00a0\u00bb - La Diagonale\" \/>\n<meta property=\"og:description\" content=\"Adi H\u00fctter \u00e9tait frustr\u00e9 apr\u00e8s le r\u00e9sultat nul de l\u2019AS Monaco contre Nantes, vendredi : \u00ab\u00a0Je ne suis pas satisfait du r\u00e9sultat car nous voulions gagner ce soir. Nous jouions trop lentement en premi\u00e8re p\u00e9riode et nous avons manqu\u00e9 trop de choses. Ensuite, apr\u00e8s avoir conc\u00e9d\u00e9 le deuxi\u00e8me but, nous avons montr\u00e9 une mentalit\u00e9 de [...]\" \/>\n<meta property=\"og:url\" content=\"https:\/\/www.ladiagonale.net\/index.php\/2025\/01\/11\/hutter-pas-content-de-ce-nul\/\" \/>\n<meta property=\"og:site_name\" content=\"La Diagonale\" \/>\n<meta property=\"article:published_time\" content=\"2025-01-11T00:18:35+00:00\" \/>\n<meta property=\"article:modified_time\" content=\"2025-01-11T00:18:36+00:00\" \/>\n<meta property=\"og:image\" content=\"https:\/\/www.ladiagonale.net\/wp-content\/uploads\/2023\/12\/hutter4.png\" \/>\n\t<meta property=\"og:image:width\" content=\"1160\" \/>\n\t<meta property=\"og:image:height\" content=\"650\" \/>\n\t<meta property=\"og:image:type\" content=\"image\/png\" \/>\n<meta name=\"author\" content=\"Damien Dellerba\" \/>\n<meta name=\"twitter:card\" content=\"summary_large_image\" \/>\n<meta name=\"twitter:image\" content=\"https:\/\/www.ladiagonale.net\/wp-content\/uploads\/2023\/12\/hutter4.png\" \/>\n<meta name=\"twitter:label1\" content=\"\u00c9crit par\" \/>\n\t<meta name=\"twitter:data1\" content=\"Damien Dellerba\" \/>\n\t<meta name=\"twitter:label2\" content=\"Dur\u00e9e de lecture estim\u00e9e\" \/>\n\t<meta name=\"twitter:data2\" content=\"2 minutes\" \/>\n<script type=\"application\/ld+json\" class=\"yoast-schema-graph\">{\"@context\":\"https:\/\/schema.org\",\"@graph\":[{\"@type\":\"WebPage\",\"@id\":\"https:\/\/www.ladiagonale.net\/index.php\/2025\/01\/11\/hutter-pas-content-de-ce-nul\/\",\"url\":\"https:\/\/www.ladiagonale.net\/index.php\/2025\/01\/11\/hutter-pas-content-de-ce-nul\/\",\"name\":\"H\u00fctter : \u00ab\u00a0Pas content de ce nul\u00a0\u00bb - La Diagonale\",\"isPartOf\":{\"@id\":\"https:\/\/www.ladiagonale.net\/#website\"},\"datePublished\":\"2025-01-11T00:18:35+00:00\",\"dateModified\":\"2025-01-11T00:18:36+00:00\",\"author\":{\"@id\":\"https:\/\/www.ladiagonale.net\/#\/schema\/person\/79ff1e7b0853ed01b2aa26e64ad300bf\"},\"breadcrumb\":{\"@id\":\"https:\/\/www.ladiagonale.net\/index.php\/2025\/01\/11\/hutter-pas-content-de-ce-nul\/#breadcrumb\"},\"inLanguage\":\"fr-FR\",\"potentialAction\":[{\"@type\":\"ReadAction\",\"target\":[\"https:\/\/www.ladiagonale.net\/index.php\/2025\/01\/11\/hutter-pas-content-de-ce-nul\/\"]}]},{\"@type\":\"BreadcrumbList\",\"@id\":\"https:\/\/www.ladiagonale.net\/index.php\/2025\/01\/11\/hutter-pas-content-de-ce-nul\/#breadcrumb\",\"itemListElement\":[{\"@type\":\"ListItem\",\"position\":1,\"name\":\"Accueil\",\"item\":\"https:\/\/www.ladiagonale.net\/\"},{\"@type\":\"ListItem\",\"position\":2,\"name\":\"H\u00fctter : \u00ab\u00a0Pas content de ce nul\u00a0\u00bb\"}]},{\"@type\":\"WebSite\",\"@id\":\"https:\/\/www.ladiagonale.net\/#website\",\"url\":\"https:\/\/www.ladiagonale.net\/\",\"name\":\"La Diagonale\",\"description\":\"Le site des supporters de l&#039;AS Monaco FC\",\"potentialAction\":[{\"@type\":\"SearchAction\",\"target\":{\"@type\":\"EntryPoint\",\"urlTemplate\":\"https:\/\/www.ladiagonale.net\/?s={search_term_string}\"},\"query-input\":\"required name=search_term_string\"}],\"inLanguage\":\"fr-FR\"},{\"@type\":\"Person\",\"@id\":\"https:\/\/www.ladiagonale.net\/#\/schema\/person\/79ff1e7b0853ed01b2aa26e64ad300bf\",\"name\":\"Damien Dellerba\",\"image\":{\"@type\":\"ImageObject\",\"inLanguage\":\"fr-FR\",\"@id\":\"https:\/\/www.ladiagonale.net\/#\/schema\/person\/image\/\",\"url\":\"https:\/\/secure.gravatar.com\/avatar\/c7850e06d3ff63cdbaee88b7fc16e2f0?s=96&d=mm&r=g\",\"contentUrl\":\"https:\/\/secure.gravatar.com\/avatar\/c7850e06d3ff63cdbaee88b7fc16e2f0?s=96&d=mm&r=g\",\"caption\":\"Damien Dellerba\"},\"url\":\"https:\/\/www.ladiagonale.net\/index.php\/author\/damien\/\"}]}<\/script>\n<!-- \/ Yoast SEO plugin. -->","yoast_head_json":{"title":"H\u00fctter : \u00ab\u00a0Pas content de ce nul\u00a0\u00bb - La Diagonale","robots":{"index":"index","follow":"follow","max-snippet":"max-snippet:-1","max-image-preview":"max-image-preview:large","max-video-preview":"max-video-preview:-1"},"canonical":"https:\/\/www.ladiagonale.net\/index.php\/2025\/01\/11\/hutter-pas-content-de-ce-nul\/","og_locale":"fr_FR","og_type":"article","og_title":"H\u00fctter : \u00ab\u00a0Pas content de ce nul\u00a0\u00bb - La Diagonale","og_description":"Adi H\u00fctter \u00e9tait frustr\u00e9 apr\u00e8s le r\u00e9sultat nul de l\u2019AS Monaco contre Nantes, vendredi : \u00ab\u00a0Je ne suis pas satisfait du r\u00e9sultat car nous voulions gagner ce soir. Nous jouions trop lentement en premi\u00e8re p\u00e9riode et nous avons manqu\u00e9 trop de choses. Ensuite, apr\u00e8s avoir conc\u00e9d\u00e9 le deuxi\u00e8me but, nous avons montr\u00e9 une mentalit\u00e9 de [...]","og_url":"https:\/\/www.ladiagonale.net\/index.php\/2025\/01\/11\/hutter-pas-content-de-ce-nul\/","og_site_name":"La Diagonale","article_published_time":"2025-01-11T00:18:35+00:00","article_modified_time":"2025-01-11T00:18:36+00:00","og_image":[{"width":1160,"height":650,"url":"https:\/\/www.ladiagonale.net\/wp-content\/uploads\/2023\/12\/hutter4.png","type":"image\/png"}],"author":"Damien Dellerba","twitter_card":"summary_large_image","twitter_image":"https:\/\/www.ladiagonale.net\/wp-content\/uploads\/2023\/12\/hutter4.png","twitter_misc":{"\u00c9crit par":"Damien Dellerba","Dur\u00e9e de lecture estim\u00e9e":"2 minutes"},"schema":{"@context":"https:\/\/schema.org","@graph":[{"@type":"WebPage","@id":"https:\/\/www.ladiagonale.net\/index.php\/2025\/01\/11\/hutter-pas-content-de-ce-nul\/","url":"https:\/\/www.ladiagonale.net\/index.php\/2025\/01\/11\/hutter-pas-content-de-ce-nul\/","name":"H\u00fctter : \u00ab\u00a0Pas content de ce nul\u00a0\u00bb - La Diagonale","isPartOf":{"@id":"https:\/\/www.ladiagonale.net\/#website"},"datePublished":"2025-01-11T00:18:35+00:00","dateModified":"2025-01-11T00:18:36+00:00","author":{"@id":"https:\/\/www.ladiagonale.net\/#\/schema\/person\/79ff1e7b0853ed01b2aa26e64ad300bf"},"breadcrumb":{"@id":"https:\/\/www.ladiagonale.net\/index.php\/2025\/01\/11\/hutter-pas-content-de-ce-nul\/#breadcrumb"},"inLanguage":"fr-FR","potentialAction":[{"@type":"ReadAction","target":["https:\/\/www.ladiagonale.net\/index.php\/2025\/01\/11\/hutter-pas-content-de-ce-nul\/"]}]},{"@type":"BreadcrumbList","@id":"https:\/\/www.ladiagonale.net\/index.php\/2025\/01\/11\/hutter-pas-content-de-ce-nul\/#breadcrumb","itemListElement":[{"@type":"ListItem","position":1,"name":"Accueil","item":"https:\/\/www.ladiagonale.net\/"},{"@type":"ListItem","position":2,"name":"H\u00fctter : \u00ab\u00a0Pas content de ce nul\u00a0\u00bb"}]},{"@type":"WebSite","@id":"https:\/\/www.ladiagonale.net\/#website","url":"https:\/\/www.ladiagonale.net\/","name":"La Diagonale","description":"Le site des supporters de l&#039;AS Monaco FC","potentialAction":[{"@type":"SearchAction","target":{"@type":"EntryPoint","urlTemplate":"https:\/\/www.ladiagonale.net\/?s={search_term_string}"},"query-input":"required name=search_term_string"}],"inLanguage":"fr-FR"},{"@type":"Person","@id":"https:\/\/www.ladiagonale.net\/#\/schema\/person\/79ff1e7b0853ed01b2aa26e64ad300bf","name":"Damien Dellerba","image":{"@type":"ImageObject","inLanguage":"fr-FR","@id":"https:\/\/www.ladiagonale.net\/#\/schema\/person\/image\/","url":"https:\/\/secure.gravatar.com\/avatar\/c7850e06d3ff63cdbaee88b7fc16e2f0?s=96&d=mm&r=g","contentUrl":"https:\/\/secure.gravatar.com\/avatar\/c7850e06d3ff63cdbaee88b7fc16e2f0?s=96&d=mm&r=g","caption":"Damien Dellerba"},"url":"https:\/\/www.ladiagonale.net\/index.php\/author\/damien\/"}]}},"_links":{"self":[{"href":"https:\/\/www.ladiagonale.net\/index.php\/wp-json\/wp\/v2\/posts\/28835"}],"collection":[{"href":"https:\/\/www.ladiagonale.net\/index.php\/wp-json\/wp\/v2\/posts"}],"about":[{"href":"https:\/\/www.ladiagonale.net\/index.php\/wp-json\/wp\/v2\/types\/post"}],"author":[{"embeddable":true,"href":"https:\/\/www.ladiagonale.net\/index.php\/wp-json\/wp\/v2\/users\/2"}],"replies":[{"embeddable":true,"href":"https:\/\/www.ladiagonale.net\/index.php\/wp-json\/wp\/v2\/comments?post=28835"}],"version-history":[{"count":1,"href":"https:\/\/www.ladiagonale.net\/index.php\/wp-json\/wp\/v2\/posts\/28835\/revisions"}],"predecessor-version":[{"id":28836,"href":"https:\/\/www.ladiagonale.net\/index.php\/wp-json\/wp\/v2\/posts\/28835\/revisions\/28836"}],"wp:attachment":[{"href":"https:\/\/www.ladiagonale.net\/index.php\/wp-json\/wp\/v2\/media?parent=28835"}],"wp:term":[{"taxonomy":"category","embeddable":true,"href":"https:\/\/www.ladiagonale.net\/index.php\/wp-json\/wp\/v2\/categories?post=28835"},{"taxonomy":"post_tag","embeddable":true,"href":"https:\/\/www.ladiagonale.net\/index.php\/wp-json\/wp\/v2\/tags?post=28835"}],"curies":[{"name":"wp","href":"https:\/\/api.w.org\/{rel}","templated":true}]}}