{"id":28841,"date":"2025-01-11T12:54:46","date_gmt":"2025-01-11T11:54:46","guid":{"rendered":"https:\/\/www.ladiagonale.net\/?p=28841"},"modified":"2025-01-11T12:54:47","modified_gmt":"2025-01-11T11:54:47","slug":"akliouche-a-ete-preserve-contre-nantes","status":"publish","type":"post","link":"https:\/\/www.ladiagonale.net\/index.php\/2025\/01\/11\/akliouche-a-ete-preserve-contre-nantes\/","title":{"rendered":"Akliouche a \u00e9t\u00e9 pr\u00e9serv\u00e9 contre Nantes"},"content":{"rendered":"\n\n\n<p>Un temps annonc\u00e9 malade par <em>DAZN<\/em>, en avant-match, Maghnes Akliouche a finalement \u00e9t\u00e9 pr\u00e9serv\u00e9 par son entra\u00eeneur, Adi H\u00fctter, en \u00e9tant envoy\u00e9 en tribune pour suivre la rencontre entre Nantes et Monaco. L\u2019Autrichien s\u2019en est expliqu\u00e9 en conf\u00e9rence de presse. \u00ab\u00a0<em>Nous voulions r\u00e9duire le risque de blessure parce qu\u2019il ressentait de la fatigue, comme vous pouvez l\u2019imaginer avec les Jeux Olympiques et les nombreux matchs disput\u00e9s depuis le d\u00e9but de saison<\/em>\u00a0\u00bb, a justifi\u00e9 H\u00fctter.<\/p>\n\n\n\n<p>L\u2019encha\u00eenement des matches et surtout des d\u00e9placements &#8211; Monaco joue 5 fois sur 7 \u00e0 l\u2019ext\u00e9rieur en ce mois de janvier -, a pouss\u00e9 le technicien mon\u00e9gasque \u00e0 faire preuve de prudence vis-\u00e0-vis de certains joueurs cl\u00e9s : \u00ab\u00a0<em>Nous allons jouer au moins 15 matchs en janvier et f\u00e9vrier, c\u2019est beaucoup donc il faut prot\u00e9ger certains joueurs. La prochaine rencontre en Coupe de France s\u2019annonce importante mardi \u00e9galement.\u00a0<\/em>\u00bb<\/p>\n\n\n\n<p>Reste que l\u2019ASM aurait sans doute bien eu besoin d\u2019Akliouche pour tenter de s\u2019imposer contre Nantes, et alors que Takumi Minamino, Aleksandr Golovin et George Ilenikhena \u00e9taient d\u00e9j\u00e0 sur le flanc. L\u2019international Espoirs a \u00e9t\u00e9 suppl\u00e9\u00e9 par Sa\u00efmon Bouabr\u00e9, qui a \u00e9t\u00e9 \u00e0 la peine.<\/p>\n","protected":false},"excerpt":{"rendered":"<p>Un temps annonc\u00e9 malade par DAZN, en avant-match, Maghnes Akliouche a finalement \u00e9t\u00e9 pr\u00e9serv\u00e9 par son entra\u00eeneur, Adi H\u00fctter, en \u00e9tant envoy\u00e9 en tribune pour suivre la rencontre entre Nantes et Monaco. L\u2019Autrichien s\u2019en est expliqu\u00e9 en conf\u00e9rence de presse. \u00ab\u00a0Nous voulions r\u00e9duire le risque de blessure parce qu\u2019il ressentait de la fatigue, comme vous [&#8230;]\n","protected":false},"author":2,"featured_media":0,"comment_status":"open","ping_status":"open","sticky":false,"template":"","format":"standard","meta":[],"categories":[6],"tags":[86,94,190,438],"yoast_head":"<!-- This site is optimized with the Yoast SEO plugin v19.8 - https:\/\/yoast.com\/wordpress\/plugins\/seo\/ -->\n<title>Akliouche a \u00e9t\u00e9 pr\u00e9serv\u00e9 contre Nantes - La Diagonale<\/title>\n<meta name=\"robots\" content=\"index, follow, max-snippet:-1, max-image-preview:large, max-video-preview:-1\" \/>\n<link rel=\"canonical\" href=\"https:\/\/www.ladiagonale.net\/index.php\/2025\/01\/11\/akliouche-a-ete-preserve-contre-nantes\/\" \/>\n<meta property=\"og:locale\" content=\"fr_FR\" \/>\n<meta property=\"og:type\" content=\"article\" \/>\n<meta property=\"og:title\" content=\"Akliouche a \u00e9t\u00e9 pr\u00e9serv\u00e9 contre Nantes - La Diagonale\" \/>\n<meta property=\"og:description\" content=\"Un temps annonc\u00e9 malade par DAZN, en avant-match, Maghnes Akliouche a finalement \u00e9t\u00e9 pr\u00e9serv\u00e9 par son entra\u00eeneur, Adi H\u00fctter, en \u00e9tant envoy\u00e9 en tribune pour suivre la rencontre entre Nantes et Monaco. L\u2019Autrichien s\u2019en est expliqu\u00e9 en conf\u00e9rence de presse. \u00ab\u00a0Nous voulions r\u00e9duire le risque de blessure parce qu\u2019il ressentait de la fatigue, comme vous [...]\" \/>\n<meta property=\"og:url\" content=\"https:\/\/www.ladiagonale.net\/index.php\/2025\/01\/11\/akliouche-a-ete-preserve-contre-nantes\/\" \/>\n<meta property=\"og:site_name\" content=\"La Diagonale\" \/>\n<meta property=\"article:published_time\" content=\"2025-01-11T11:54:46+00:00\" \/>\n<meta property=\"article:modified_time\" content=\"2025-01-11T11:54:47+00:00\" \/>\n<meta property=\"og:image\" content=\"https:\/\/www.ladiagonale.net\/wp-content\/uploads\/2024\/10\/akliouche.jpg\" \/>\n\t<meta property=\"og:image:width\" content=\"1160\" \/>\n\t<meta property=\"og:image:height\" content=\"650\" \/>\n\t<meta property=\"og:image:type\" content=\"image\/jpeg\" \/>\n<meta name=\"author\" content=\"Damien Dellerba\" \/>\n<meta name=\"twitter:card\" content=\"summary_large_image\" \/>\n<meta name=\"twitter:image\" content=\"https:\/\/www.ladiagonale.net\/wp-content\/uploads\/2024\/10\/akliouche.jpg\" \/>\n<meta name=\"twitter:label1\" content=\"\u00c9crit par\" \/>\n\t<meta name=\"twitter:data1\" content=\"Damien Dellerba\" \/>\n\t<meta name=\"twitter:label2\" content=\"Dur\u00e9e de lecture estim\u00e9e\" \/>\n\t<meta name=\"twitter:data2\" content=\"1 minute\" \/>\n<script type=\"application\/ld+json\" class=\"yoast-schema-graph\">{\"@context\":\"https:\/\/schema.org\",\"@graph\":[{\"@type\":\"WebPage\",\"@id\":\"https:\/\/www.ladiagonale.net\/index.php\/2025\/01\/11\/akliouche-a-ete-preserve-contre-nantes\/\",\"url\":\"https:\/\/www.ladiagonale.net\/index.php\/2025\/01\/11\/akliouche-a-ete-preserve-contre-nantes\/\",\"name\":\"Akliouche a \u00e9t\u00e9 pr\u00e9serv\u00e9 contre Nantes - La Diagonale\",\"isPartOf\":{\"@id\":\"https:\/\/www.ladiagonale.net\/#website\"},\"datePublished\":\"2025-01-11T11:54:46+00:00\",\"dateModified\":\"2025-01-11T11:54:47+00:00\",\"author\":{\"@id\":\"https:\/\/www.ladiagonale.net\/#\/schema\/person\/79ff1e7b0853ed01b2aa26e64ad300bf\"},\"breadcrumb\":{\"@id\":\"https:\/\/www.ladiagonale.net\/index.php\/2025\/01\/11\/akliouche-a-ete-preserve-contre-nantes\/#breadcrumb\"},\"inLanguage\":\"fr-FR\",\"potentialAction\":[{\"@type\":\"ReadAction\",\"target\":[\"https:\/\/www.ladiagonale.net\/index.php\/2025\/01\/11\/akliouche-a-ete-preserve-contre-nantes\/\"]}]},{\"@type\":\"BreadcrumbList\",\"@id\":\"https:\/\/www.ladiagonale.net\/index.php\/2025\/01\/11\/akliouche-a-ete-preserve-contre-nantes\/#breadcrumb\",\"itemListElement\":[{\"@type\":\"ListItem\",\"position\":1,\"name\":\"Accueil\",\"item\":\"https:\/\/www.ladiagonale.net\/\"},{\"@type\":\"ListItem\",\"position\":2,\"name\":\"Akliouche a \u00e9t\u00e9 pr\u00e9serv\u00e9 contre Nantes\"}]},{\"@type\":\"WebSite\",\"@id\":\"https:\/\/www.ladiagonale.net\/#website\",\"url\":\"https:\/\/www.ladiagonale.net\/\",\"name\":\"La Diagonale\",\"description\":\"Le site des supporters de l&#039;AS Monaco FC\",\"potentialAction\":[{\"@type\":\"SearchAction\",\"target\":{\"@type\":\"EntryPoint\",\"urlTemplate\":\"https:\/\/www.ladiagonale.net\/?s={search_term_string}\"},\"query-input\":\"required name=search_term_string\"}],\"inLanguage\":\"fr-FR\"},{\"@type\":\"Person\",\"@id\":\"https:\/\/www.ladiagonale.net\/#\/schema\/person\/79ff1e7b0853ed01b2aa26e64ad300bf\",\"name\":\"Damien Dellerba\",\"image\":{\"@type\":\"ImageObject\",\"inLanguage\":\"fr-FR\",\"@id\":\"https:\/\/www.ladiagonale.net\/#\/schema\/person\/image\/\",\"url\":\"https:\/\/secure.gravatar.com\/avatar\/c7850e06d3ff63cdbaee88b7fc16e2f0?s=96&d=mm&r=g\",\"contentUrl\":\"https:\/\/secure.gravatar.com\/avatar\/c7850e06d3ff63cdbaee88b7fc16e2f0?s=96&d=mm&r=g\",\"caption\":\"Damien Dellerba\"},\"url\":\"https:\/\/www.ladiagonale.net\/index.php\/author\/damien\/\"}]}<\/script>\n<!-- \/ Yoast SEO plugin. -->","yoast_head_json":{"title":"Akliouche a \u00e9t\u00e9 pr\u00e9serv\u00e9 contre Nantes - La Diagonale","robots":{"index":"index","follow":"follow","max-snippet":"max-snippet:-1","max-image-preview":"max-image-preview:large","max-video-preview":"max-video-preview:-1"},"canonical":"https:\/\/www.ladiagonale.net\/index.php\/2025\/01\/11\/akliouche-a-ete-preserve-contre-nantes\/","og_locale":"fr_FR","og_type":"article","og_title":"Akliouche a \u00e9t\u00e9 pr\u00e9serv\u00e9 contre Nantes - La Diagonale","og_description":"Un temps annonc\u00e9 malade par DAZN, en avant-match, Maghnes Akliouche a finalement \u00e9t\u00e9 pr\u00e9serv\u00e9 par son entra\u00eeneur, Adi H\u00fctter, en \u00e9tant envoy\u00e9 en tribune pour suivre la rencontre entre Nantes et Monaco. L\u2019Autrichien s\u2019en est expliqu\u00e9 en conf\u00e9rence de presse. \u00ab\u00a0Nous voulions r\u00e9duire le risque de blessure parce qu\u2019il ressentait de la fatigue, comme vous [...]","og_url":"https:\/\/www.ladiagonale.net\/index.php\/2025\/01\/11\/akliouche-a-ete-preserve-contre-nantes\/","og_site_name":"La Diagonale","article_published_time":"2025-01-11T11:54:46+00:00","article_modified_time":"2025-01-11T11:54:47+00:00","og_image":[{"width":1160,"height":650,"url":"https:\/\/www.ladiagonale.net\/wp-content\/uploads\/2024\/10\/akliouche.jpg","type":"image\/jpeg"}],"author":"Damien Dellerba","twitter_card":"summary_large_image","twitter_image":"https:\/\/www.ladiagonale.net\/wp-content\/uploads\/2024\/10\/akliouche.jpg","twitter_misc":{"\u00c9crit par":"Damien Dellerba","Dur\u00e9e de lecture estim\u00e9e":"1 minute"},"schema":{"@context":"https:\/\/schema.org","@graph":[{"@type":"WebPage","@id":"https:\/\/www.ladiagonale.net\/index.php\/2025\/01\/11\/akliouche-a-ete-preserve-contre-nantes\/","url":"https:\/\/www.ladiagonale.net\/index.php\/2025\/01\/11\/akliouche-a-ete-preserve-contre-nantes\/","name":"Akliouche a \u00e9t\u00e9 pr\u00e9serv\u00e9 contre Nantes - La Diagonale","isPartOf":{"@id":"https:\/\/www.ladiagonale.net\/#website"},"datePublished":"2025-01-11T11:54:46+00:00","dateModified":"2025-01-11T11:54:47+00:00","author":{"@id":"https:\/\/www.ladiagonale.net\/#\/schema\/person\/79ff1e7b0853ed01b2aa26e64ad300bf"},"breadcrumb":{"@id":"https:\/\/www.ladiagonale.net\/index.php\/2025\/01\/11\/akliouche-a-ete-preserve-contre-nantes\/#breadcrumb"},"inLanguage":"fr-FR","potentialAction":[{"@type":"ReadAction","target":["https:\/\/www.ladiagonale.net\/index.php\/2025\/01\/11\/akliouche-a-ete-preserve-contre-nantes\/"]}]},{"@type":"BreadcrumbList","@id":"https:\/\/www.ladiagonale.net\/index.php\/2025\/01\/11\/akliouche-a-ete-preserve-contre-nantes\/#breadcrumb","itemListElement":[{"@type":"ListItem","position":1,"name":"Accueil","item":"https:\/\/www.ladiagonale.net\/"},{"@type":"ListItem","position":2,"name":"Akliouche a \u00e9t\u00e9 pr\u00e9serv\u00e9 contre Nantes"}]},{"@type":"WebSite","@id":"https:\/\/www.ladiagonale.net\/#website","url":"https:\/\/www.ladiagonale.net\/","name":"La Diagonale","description":"Le site des supporters de l&#039;AS Monaco FC","potentialAction":[{"@type":"SearchAction","target":{"@type":"EntryPoint","urlTemplate":"https:\/\/www.ladiagonale.net\/?s={search_term_string}"},"query-input":"required name=search_term_string"}],"inLanguage":"fr-FR"},{"@type":"Person","@id":"https:\/\/www.ladiagonale.net\/#\/schema\/person\/79ff1e7b0853ed01b2aa26e64ad300bf","name":"Damien Dellerba","image":{"@type":"ImageObject","inLanguage":"fr-FR","@id":"https:\/\/www.ladiagonale.net\/#\/schema\/person\/image\/","url":"https:\/\/secure.gravatar.com\/avatar\/c7850e06d3ff63cdbaee88b7fc16e2f0?s=96&d=mm&r=g","contentUrl":"https:\/\/secure.gravatar.com\/avatar\/c7850e06d3ff63cdbaee88b7fc16e2f0?s=96&d=mm&r=g","caption":"Damien Dellerba"},"url":"https:\/\/www.ladiagonale.net\/index.php\/author\/damien\/"}]}},"_links":{"self":[{"href":"https:\/\/www.ladiagonale.net\/index.php\/wp-json\/wp\/v2\/posts\/28841"}],"collection":[{"href":"https:\/\/www.ladiagonale.net\/index.php\/wp-json\/wp\/v2\/posts"}],"about":[{"href":"https:\/\/www.ladiagonale.net\/index.php\/wp-json\/wp\/v2\/types\/post"}],"author":[{"embeddable":true,"href":"https:\/\/www.ladiagonale.net\/index.php\/wp-json\/wp\/v2\/users\/2"}],"replies":[{"embeddable":true,"href":"https:\/\/www.ladiagonale.net\/index.php\/wp-json\/wp\/v2\/comments?post=28841"}],"version-history":[{"count":1,"href":"https:\/\/www.ladiagonale.net\/index.php\/wp-json\/wp\/v2\/posts\/28841\/revisions"}],"predecessor-version":[{"id":28842,"href":"https:\/\/www.ladiagonale.net\/index.php\/wp-json\/wp\/v2\/posts\/28841\/revisions\/28842"}],"wp:attachment":[{"href":"https:\/\/www.ladiagonale.net\/index.php\/wp-json\/wp\/v2\/media?parent=28841"}],"wp:term":[{"taxonomy":"category","embeddable":true,"href":"https:\/\/www.ladiagonale.net\/index.php\/wp-json\/wp\/v2\/categories?post=28841"},{"taxonomy":"post_tag","embeddable":true,"href":"https:\/\/www.ladiagonale.net\/index.php\/wp-json\/wp\/v2\/tags?post=28841"}],"curies":[{"name":"wp","href":"https:\/\/api.w.org\/{rel}","templated":true}]}}