{"id":28871,"date":"2025-01-13T16:46:32","date_gmt":"2025-01-13T15:46:32","guid":{"rendered":"https:\/\/www.ladiagonale.net\/?p=28871"},"modified":"2025-12-27T01:16:24","modified_gmt":"2025-12-27T00:16:24","slug":"scuro-la-taille-de-leffectif-pose-probleme","status":"publish","type":"post","link":"https:\/\/www.ladiagonale.net\/index.php\/2025\/01\/13\/scuro-la-taille-de-leffectif-pose-probleme\/","title":{"rendered":"Scuro : \u00ab\u00a0La taille de l\u2019effectif pose probl\u00e8me\u00a0\u00bb"},"content":{"rendered":"\n\n\n<p>Faute avou\u00e9e \u00e0 moiti\u00e9 pardonn\u00e9e ? Le manque de profondeur de l\u2019effectif de l\u2019AS Monaco avait cristallis\u00e9 de nombreuses critiques en d\u00e9but de saison, l\u2019effectif \u00e9tant jug\u00e9 trop court notamment au milieu de terrain. Lors de la conf\u00e9rence de pr\u00e9sentation de Mika Biereth, le nouvel attaquant de l\u2019ASM, Thiago Scuro a reconnu que cela a \u00e9t\u00e9 un probl\u00e8me lors de la premi\u00e8re moiti\u00e9 de saison.<\/p>\n\n\n\n<p>\u00ab&nbsp;<em>Nous essayons de trouver quelque chose pour apporter \u00e0 Adi (H\u00fctter) plus d&rsquo;options, plus d&rsquo;alternatives \u00e0 l\u2019\u00e9quipe<\/em>, a commenc\u00e9 le Directeur g\u00e9n\u00e9ral br\u00e9silien, dans des propos relay\u00e9s par <em><a href=\"https:\/\/www.getfootballnewsfrance.com\/2025\/as-monaco-open-to-further-signings-amid-links-to-west-hams-edson-alvarez\/\" target=\"_blank\" rel=\"noreferrer noopener\">Get Football France<\/a><\/em>. <em>Par rapport \u00e0 la saison derni\u00e8re, nous avons beaucoup plus de concurrence et beaucoup plus de matches et, \u00e0 certains moments, la taille de l&rsquo;effectif a pos\u00e9 probl\u00e8me en raison des suspensions et des blessures.&nbsp;<\/em>\u00bb<\/p>\n\n\n\n<p>Si le club de la Principaut\u00e9 a conscience de devoir se renforcer au cours de l\u2019hiver pour atteindre ses objectifs cette saison, les dirigeants as\u00e9mistes comptent rester fid\u00e8les \u00e0 leur fa\u00e7on de faire, en \u00e9tant raisonnables : \u00ab&nbsp;<em>Il est important de souligner que nous sommes pleinement engag\u00e9s dans nos plans financiers. Nous avons un plan qui a \u00e9t\u00e9 pr\u00e9sent\u00e9 \u00e0 la DNCG. Nous nous sommes engag\u00e9s \u00e0 respecter tous les r\u00e8glements de la ligue, que nous respectons et soutenons pleinement.<\/em> \u00bb<\/p>\n","protected":false},"excerpt":{"rendered":"<p>Faute avou\u00e9e \u00e0 moiti\u00e9 pardonn\u00e9e ? Le manque de profondeur de l\u2019effectif de l\u2019AS Monaco avait cristallis\u00e9 de nombreuses critiques en d\u00e9but de saison, l\u2019effectif \u00e9tant jug\u00e9 trop court notamment au milieu de terrain. Lors de la conf\u00e9rence de pr\u00e9sentation de Mika Biereth, le nouvel attaquant de l\u2019ASM, Thiago Scuro a reconnu que cela a [&#8230;]\n","protected":false},"author":2,"featured_media":0,"comment_status":"open","ping_status":"open","sticky":false,"template":"","format":"standard","meta":[],"categories":[6],"tags":[86,111,479,110],"yoast_head":"<!-- This site is optimized with the Yoast SEO plugin v19.8 - https:\/\/yoast.com\/wordpress\/plugins\/seo\/ -->\n<title>Scuro : \u00ab\u00a0La taille de l\u2019effectif pose probl\u00e8me\u00a0\u00bb - La Diagonale<\/title>\n<meta name=\"robots\" content=\"index, follow, max-snippet:-1, max-image-preview:large, max-video-preview:-1\" \/>\n<link rel=\"canonical\" href=\"https:\/\/www.ladiagonale.net\/index.php\/2025\/01\/13\/scuro-la-taille-de-leffectif-pose-probleme\/\" \/>\n<meta property=\"og:locale\" content=\"fr_FR\" \/>\n<meta property=\"og:type\" content=\"article\" \/>\n<meta property=\"og:title\" content=\"Scuro : \u00ab\u00a0La taille de l\u2019effectif pose probl\u00e8me\u00a0\u00bb - La Diagonale\" \/>\n<meta property=\"og:description\" content=\"Faute avou\u00e9e \u00e0 moiti\u00e9 pardonn\u00e9e ? Le manque de profondeur de l\u2019effectif de l\u2019AS Monaco avait cristallis\u00e9 de nombreuses critiques en d\u00e9but de saison, l\u2019effectif \u00e9tant jug\u00e9 trop court notamment au milieu de terrain. Lors de la conf\u00e9rence de pr\u00e9sentation de Mika Biereth, le nouvel attaquant de l\u2019ASM, Thiago Scuro a reconnu que cela a [...]\" \/>\n<meta property=\"og:url\" content=\"https:\/\/www.ladiagonale.net\/index.php\/2025\/01\/13\/scuro-la-taille-de-leffectif-pose-probleme\/\" \/>\n<meta property=\"og:site_name\" content=\"La Diagonale\" \/>\n<meta property=\"article:published_time\" content=\"2025-01-13T15:46:32+00:00\" \/>\n<meta property=\"article:modified_time\" content=\"2025-12-27T00:16:24+00:00\" \/>\n<meta property=\"og:image\" content=\"https:\/\/www.ladiagonale.net\/wp-content\/uploads\/2024\/01\/scuro-2.png\" \/>\n\t<meta property=\"og:image:width\" content=\"1160\" \/>\n\t<meta property=\"og:image:height\" content=\"650\" \/>\n\t<meta property=\"og:image:type\" content=\"image\/png\" \/>\n<meta name=\"author\" content=\"Damien Dellerba\" \/>\n<meta name=\"twitter:card\" content=\"summary_large_image\" \/>\n<meta name=\"twitter:image\" content=\"https:\/\/www.ladiagonale.net\/wp-content\/uploads\/2024\/01\/scuro-2.png\" \/>\n<meta name=\"twitter:label1\" content=\"\u00c9crit par\" \/>\n\t<meta name=\"twitter:data1\" content=\"Damien Dellerba\" \/>\n\t<meta name=\"twitter:label2\" content=\"Dur\u00e9e de lecture estim\u00e9e\" \/>\n\t<meta name=\"twitter:data2\" content=\"2 minutes\" \/>\n<script type=\"application\/ld+json\" class=\"yoast-schema-graph\">{\"@context\":\"https:\/\/schema.org\",\"@graph\":[{\"@type\":\"WebPage\",\"@id\":\"https:\/\/www.ladiagonale.net\/index.php\/2025\/01\/13\/scuro-la-taille-de-leffectif-pose-probleme\/\",\"url\":\"https:\/\/www.ladiagonale.net\/index.php\/2025\/01\/13\/scuro-la-taille-de-leffectif-pose-probleme\/\",\"name\":\"Scuro : \u00ab\u00a0La taille de l\u2019effectif pose probl\u00e8me\u00a0\u00bb - La Diagonale\",\"isPartOf\":{\"@id\":\"https:\/\/www.ladiagonale.net\/#website\"},\"datePublished\":\"2025-01-13T15:46:32+00:00\",\"dateModified\":\"2025-12-27T00:16:24+00:00\",\"author\":{\"@id\":\"https:\/\/www.ladiagonale.net\/#\/schema\/person\/79ff1e7b0853ed01b2aa26e64ad300bf\"},\"breadcrumb\":{\"@id\":\"https:\/\/www.ladiagonale.net\/index.php\/2025\/01\/13\/scuro-la-taille-de-leffectif-pose-probleme\/#breadcrumb\"},\"inLanguage\":\"fr-FR\",\"potentialAction\":[{\"@type\":\"ReadAction\",\"target\":[\"https:\/\/www.ladiagonale.net\/index.php\/2025\/01\/13\/scuro-la-taille-de-leffectif-pose-probleme\/\"]}]},{\"@type\":\"BreadcrumbList\",\"@id\":\"https:\/\/www.ladiagonale.net\/index.php\/2025\/01\/13\/scuro-la-taille-de-leffectif-pose-probleme\/#breadcrumb\",\"itemListElement\":[{\"@type\":\"ListItem\",\"position\":1,\"name\":\"Accueil\",\"item\":\"https:\/\/www.ladiagonale.net\/\"},{\"@type\":\"ListItem\",\"position\":2,\"name\":\"Scuro : \u00ab\u00a0La taille de l\u2019effectif pose probl\u00e8me\u00a0\u00bb\"}]},{\"@type\":\"WebSite\",\"@id\":\"https:\/\/www.ladiagonale.net\/#website\",\"url\":\"https:\/\/www.ladiagonale.net\/\",\"name\":\"La Diagonale\",\"description\":\"Le site des supporters de l&#039;AS Monaco FC\",\"potentialAction\":[{\"@type\":\"SearchAction\",\"target\":{\"@type\":\"EntryPoint\",\"urlTemplate\":\"https:\/\/www.ladiagonale.net\/?s={search_term_string}\"},\"query-input\":\"required name=search_term_string\"}],\"inLanguage\":\"fr-FR\"},{\"@type\":\"Person\",\"@id\":\"https:\/\/www.ladiagonale.net\/#\/schema\/person\/79ff1e7b0853ed01b2aa26e64ad300bf\",\"name\":\"Damien Dellerba\",\"image\":{\"@type\":\"ImageObject\",\"inLanguage\":\"fr-FR\",\"@id\":\"https:\/\/www.ladiagonale.net\/#\/schema\/person\/image\/\",\"url\":\"https:\/\/secure.gravatar.com\/avatar\/c7850e06d3ff63cdbaee88b7fc16e2f0?s=96&d=mm&r=g\",\"contentUrl\":\"https:\/\/secure.gravatar.com\/avatar\/c7850e06d3ff63cdbaee88b7fc16e2f0?s=96&d=mm&r=g\",\"caption\":\"Damien Dellerba\"},\"url\":\"https:\/\/www.ladiagonale.net\/index.php\/author\/damien\/\"}]}<\/script>\n<!-- \/ Yoast SEO plugin. -->","yoast_head_json":{"title":"Scuro : \u00ab\u00a0La taille de l\u2019effectif pose probl\u00e8me\u00a0\u00bb - La Diagonale","robots":{"index":"index","follow":"follow","max-snippet":"max-snippet:-1","max-image-preview":"max-image-preview:large","max-video-preview":"max-video-preview:-1"},"canonical":"https:\/\/www.ladiagonale.net\/index.php\/2025\/01\/13\/scuro-la-taille-de-leffectif-pose-probleme\/","og_locale":"fr_FR","og_type":"article","og_title":"Scuro : \u00ab\u00a0La taille de l\u2019effectif pose probl\u00e8me\u00a0\u00bb - La Diagonale","og_description":"Faute avou\u00e9e \u00e0 moiti\u00e9 pardonn\u00e9e ? Le manque de profondeur de l\u2019effectif de l\u2019AS Monaco avait cristallis\u00e9 de nombreuses critiques en d\u00e9but de saison, l\u2019effectif \u00e9tant jug\u00e9 trop court notamment au milieu de terrain. Lors de la conf\u00e9rence de pr\u00e9sentation de Mika Biereth, le nouvel attaquant de l\u2019ASM, Thiago Scuro a reconnu que cela a [...]","og_url":"https:\/\/www.ladiagonale.net\/index.php\/2025\/01\/13\/scuro-la-taille-de-leffectif-pose-probleme\/","og_site_name":"La Diagonale","article_published_time":"2025-01-13T15:46:32+00:00","article_modified_time":"2025-12-27T00:16:24+00:00","og_image":[{"width":1160,"height":650,"url":"https:\/\/www.ladiagonale.net\/wp-content\/uploads\/2024\/01\/scuro-2.png","type":"image\/png"}],"author":"Damien Dellerba","twitter_card":"summary_large_image","twitter_image":"https:\/\/www.ladiagonale.net\/wp-content\/uploads\/2024\/01\/scuro-2.png","twitter_misc":{"\u00c9crit par":"Damien Dellerba","Dur\u00e9e de lecture estim\u00e9e":"2 minutes"},"schema":{"@context":"https:\/\/schema.org","@graph":[{"@type":"WebPage","@id":"https:\/\/www.ladiagonale.net\/index.php\/2025\/01\/13\/scuro-la-taille-de-leffectif-pose-probleme\/","url":"https:\/\/www.ladiagonale.net\/index.php\/2025\/01\/13\/scuro-la-taille-de-leffectif-pose-probleme\/","name":"Scuro : \u00ab\u00a0La taille de l\u2019effectif pose probl\u00e8me\u00a0\u00bb - La Diagonale","isPartOf":{"@id":"https:\/\/www.ladiagonale.net\/#website"},"datePublished":"2025-01-13T15:46:32+00:00","dateModified":"2025-12-27T00:16:24+00:00","author":{"@id":"https:\/\/www.ladiagonale.net\/#\/schema\/person\/79ff1e7b0853ed01b2aa26e64ad300bf"},"breadcrumb":{"@id":"https:\/\/www.ladiagonale.net\/index.php\/2025\/01\/13\/scuro-la-taille-de-leffectif-pose-probleme\/#breadcrumb"},"inLanguage":"fr-FR","potentialAction":[{"@type":"ReadAction","target":["https:\/\/www.ladiagonale.net\/index.php\/2025\/01\/13\/scuro-la-taille-de-leffectif-pose-probleme\/"]}]},{"@type":"BreadcrumbList","@id":"https:\/\/www.ladiagonale.net\/index.php\/2025\/01\/13\/scuro-la-taille-de-leffectif-pose-probleme\/#breadcrumb","itemListElement":[{"@type":"ListItem","position":1,"name":"Accueil","item":"https:\/\/www.ladiagonale.net\/"},{"@type":"ListItem","position":2,"name":"Scuro : \u00ab\u00a0La taille de l\u2019effectif pose probl\u00e8me\u00a0\u00bb"}]},{"@type":"WebSite","@id":"https:\/\/www.ladiagonale.net\/#website","url":"https:\/\/www.ladiagonale.net\/","name":"La Diagonale","description":"Le site des supporters de l&#039;AS Monaco FC","potentialAction":[{"@type":"SearchAction","target":{"@type":"EntryPoint","urlTemplate":"https:\/\/www.ladiagonale.net\/?s={search_term_string}"},"query-input":"required name=search_term_string"}],"inLanguage":"fr-FR"},{"@type":"Person","@id":"https:\/\/www.ladiagonale.net\/#\/schema\/person\/79ff1e7b0853ed01b2aa26e64ad300bf","name":"Damien Dellerba","image":{"@type":"ImageObject","inLanguage":"fr-FR","@id":"https:\/\/www.ladiagonale.net\/#\/schema\/person\/image\/","url":"https:\/\/secure.gravatar.com\/avatar\/c7850e06d3ff63cdbaee88b7fc16e2f0?s=96&d=mm&r=g","contentUrl":"https:\/\/secure.gravatar.com\/avatar\/c7850e06d3ff63cdbaee88b7fc16e2f0?s=96&d=mm&r=g","caption":"Damien Dellerba"},"url":"https:\/\/www.ladiagonale.net\/index.php\/author\/damien\/"}]}},"_links":{"self":[{"href":"https:\/\/www.ladiagonale.net\/index.php\/wp-json\/wp\/v2\/posts\/28871"}],"collection":[{"href":"https:\/\/www.ladiagonale.net\/index.php\/wp-json\/wp\/v2\/posts"}],"about":[{"href":"https:\/\/www.ladiagonale.net\/index.php\/wp-json\/wp\/v2\/types\/post"}],"author":[{"embeddable":true,"href":"https:\/\/www.ladiagonale.net\/index.php\/wp-json\/wp\/v2\/users\/2"}],"replies":[{"embeddable":true,"href":"https:\/\/www.ladiagonale.net\/index.php\/wp-json\/wp\/v2\/comments?post=28871"}],"version-history":[{"count":2,"href":"https:\/\/www.ladiagonale.net\/index.php\/wp-json\/wp\/v2\/posts\/28871\/revisions"}],"predecessor-version":[{"id":35928,"href":"https:\/\/www.ladiagonale.net\/index.php\/wp-json\/wp\/v2\/posts\/28871\/revisions\/35928"}],"wp:attachment":[{"href":"https:\/\/www.ladiagonale.net\/index.php\/wp-json\/wp\/v2\/media?parent=28871"}],"wp:term":[{"taxonomy":"category","embeddable":true,"href":"https:\/\/www.ladiagonale.net\/index.php\/wp-json\/wp\/v2\/categories?post=28871"},{"taxonomy":"post_tag","embeddable":true,"href":"https:\/\/www.ladiagonale.net\/index.php\/wp-json\/wp\/v2\/tags?post=28871"}],"curies":[{"name":"wp","href":"https:\/\/api.w.org\/{rel}","templated":true}]}}