{"id":28913,"date":"2025-01-15T07:42:56","date_gmt":"2025-01-15T06:42:56","guid":{"rendered":"https:\/\/www.ladiagonale.net\/?p=28913"},"modified":"2025-01-15T07:42:57","modified_gmt":"2025-01-15T06:42:57","slug":"hutter-avec-la-video-nous-aurions-eu-un-but-accorde-et-un-penalty","status":"publish","type":"post","link":"https:\/\/www.ladiagonale.net\/index.php\/2025\/01\/15\/hutter-avec-la-video-nous-aurions-eu-un-but-accorde-et-un-penalty\/","title":{"rendered":"H\u00fctter : \u00ab&nbsp;Avec la vid\u00e9o, nous aurions eu un but accord\u00e9 et un p\u00e9nalty&nbsp;\u00bb"},"content":{"rendered":"\n<p>Monaco encha\u00eene les contre-performances, \u00e9limin\u00e9 en Coupe de France par Reims mardi soir : \u00ab&nbsp;<em>Nous sommes \u00e9videmment tous tr\u00e8s d\u00e9\u00e7us<\/em>, a dit Adi H\u00fctter. <em>La frustration est immense ce soir. Nous \u00e9tions vraiment venus pour l\u2019emporter, mais cela n\u2019est pas arriv\u00e9.<\/em>&nbsp;L\u2019Autrichien a d\u2019abord regrett\u00e9 les d\u00e9cisions d\u00e9favorables : \u00ab&nbsp;<em>Certaines situations n\u2019ont pas \u00e9t\u00e9 \u00e0 notre avantage aujourd\u2019hui, car&nbsp;Takumi Minamino n\u2019est pas hors-jeu sur le premier but, et&nbsp;il doit ensuite obtenir un penalty. Ce ne sont pas des excuses, mais des faits, m\u00eame si ce n\u2019est pas facile pour l\u2019arbitre de juger sans l\u2019appui de la VAR ce soir.<\/em>&nbsp;\u00bb<\/p>\n\n\n\n<p>H\u00fctter pense qu\u2019avec l\u2019arbitrage vid\u00e9o, pas en vigueur en Coupe de France avant les quarts de finale, les erreurs d\u2019arbitrages auraient \u00e9t\u00e9 corrig\u00e9es : \u00ab&nbsp;<em>C\u2019est \u00e9vident que si la VAR \u00e9tait en fonction ce soir, le but aurait \u00e9t\u00e9 accept\u00e9. Il n\u2019y a pas grand chose, c\u2019est clair, mais il n\u2019y a pas position de positions de hors-jeu de Taki\u2019. (\u2026) M\u00eame situation sur la faute qu\u2019il subit dans la surface, c\u2019est clairement penalty quand on regarde les images. Malgr\u00e9 tout, je ne suis pas un coach qui va se plaindre des arbitres, \u00e7a n\u2019a pas de sens car le match est fini. Je constate seulement qu\u2019avec l\u2019appui de la VAR, nous aurions un but accord\u00e9 et un penalty.<\/em>&nbsp;\u00bb<\/p>\n\n\n\n<blockquote class=\"wp-block-quote\">\n\n<p><strong>\u00ab&nbsp;La saison peut devenir tr\u00e8s difficile&nbsp;\u00bb<\/strong><\/p>\n\n<\/blockquote>\n\n\n\n<p>Mais il a aussi fustig\u00e9 les tirs au but mal tir\u00e9s : \u00ab&nbsp;<em>Nous n\u2019avons pas eu de r\u00e9ussite ce soir, mais nous sommes malgr\u00e9 tout coupables d\u2019avoir manqu\u00e9 trois penalties. C\u2019est difficile \u00e0 expliquer. Dans la fa\u00e7on de tirer nos penalties, nous avons certainement manqu\u00e9 de d\u00e9termination pour aller chercher la qualification pour le prochain tour. Une s\u00e9ance n\u2019est jamais \u00e9vidente \u00e0 n\u00e9gocier, je le sais pour en avoir v\u00e9cu de nombreuses durant ma carri\u00e8re de joueur. Mais ce soir c\u2019est \u00e9vident que nous n\u2019avons pas fait ce qu\u2019il fallait pour les mettre au fond.<\/em>&nbsp;\u00bb<\/p>\n\n\n\n<p>H\u00fctter a voulu tirer la sonnette d\u2019alarme concernant la mauvais s\u00e9rie et le manque d\u2019efficacit\u00e9 : \u00ab&nbsp;<em>Breel Embolo&nbsp;et Takumi Minamino ont eu des opportunit\u00e9s de marquer, notamment dans les derniers instants. Mais en ce moment nous ne sommes pas assez efficaces, c\u2019est une r\u00e9alit\u00e9. Nous manquons trop de situations franches, et nous devons vite retrouver le chemin de la victoire, sinon la saison peut devenir tr\u00e8s difficile.<\/em>&nbsp;\u00bb Le coach mon\u00e9gasque attend donc beaucoup de sa nouvelle recrue Mika Biereth : \u00ab&nbsp;<em>Mika s\u2019est montr\u00e9 d\u00e9cisif en offrant le but de l\u2019\u00e9galisation \u00e0&nbsp;Mohammed Salisu. Il a \u00e9galement essay\u00e9 d\u2019avoir de l\u2019impact dans cette deuxi\u00e8me p\u00e9riode. (\u2026) En tout cas, f\u00e9licitations \u00e0 lui.&nbsp;<\/em>\u00bb<\/p>\n","protected":false},"excerpt":{"rendered":"<p>Monaco encha\u00eene les contre-performances, \u00e9limin\u00e9 en Coupe de France par Reims mardi soir : \u00ab&nbsp;Nous sommes \u00e9videmment tous tr\u00e8s d\u00e9\u00e7us, a dit Adi H\u00fctter. La frustration est immense ce soir. Nous \u00e9tions vraiment venus pour l\u2019emporter, mais cela n\u2019est pas arriv\u00e9.&nbsp;L\u2019Autrichien a d\u2019abord regrett\u00e9 les d\u00e9cisions d\u00e9favorables : \u00ab&nbsp;Certaines situations n\u2019ont pas \u00e9t\u00e9 \u00e0 notre [&#8230;]\n","protected":false},"author":2,"featured_media":0,"comment_status":"closed","ping_status":"open","sticky":false,"template":"","format":"standard","meta":[],"categories":[6],"tags":[576,86,232,696],"yoast_head":"<!-- This site is optimized with the Yoast SEO plugin v19.8 - https:\/\/yoast.com\/wordpress\/plugins\/seo\/ -->\n<title>H\u00fctter : \u00ab&nbsp;Avec la vid\u00e9o, nous aurions eu un but accord\u00e9 et un p\u00e9nalty&nbsp;\u00bb - La Diagonale<\/title>\n<meta name=\"robots\" content=\"index, follow, max-snippet:-1, max-image-preview:large, max-video-preview:-1\" \/>\n<link rel=\"canonical\" href=\"https:\/\/www.ladiagonale.net\/index.php\/2025\/01\/15\/hutter-avec-la-video-nous-aurions-eu-un-but-accorde-et-un-penalty\/\" \/>\n<meta property=\"og:locale\" content=\"fr_FR\" \/>\n<meta property=\"og:type\" content=\"article\" \/>\n<meta property=\"og:title\" content=\"H\u00fctter : \u00ab&nbsp;Avec la vid\u00e9o, nous aurions eu un but accord\u00e9 et un p\u00e9nalty&nbsp;\u00bb - La Diagonale\" \/>\n<meta property=\"og:description\" content=\"Monaco encha\u00eene les contre-performances, \u00e9limin\u00e9 en Coupe de France par Reims mardi soir : \u00ab&nbsp;Nous sommes \u00e9videmment tous tr\u00e8s d\u00e9\u00e7us, a dit Adi H\u00fctter. La frustration est immense ce soir. Nous \u00e9tions vraiment venus pour l\u2019emporter, mais cela n\u2019est pas arriv\u00e9.&nbsp;L\u2019Autrichien a d\u2019abord regrett\u00e9 les d\u00e9cisions d\u00e9favorables : \u00ab&nbsp;Certaines situations n\u2019ont pas \u00e9t\u00e9 \u00e0 notre [...]\" \/>\n<meta property=\"og:url\" content=\"https:\/\/www.ladiagonale.net\/index.php\/2025\/01\/15\/hutter-avec-la-video-nous-aurions-eu-un-but-accorde-et-un-penalty\/\" \/>\n<meta property=\"og:site_name\" content=\"La Diagonale\" \/>\n<meta property=\"article:published_time\" content=\"2025-01-15T06:42:56+00:00\" \/>\n<meta property=\"article:modified_time\" content=\"2025-01-15T06:42:57+00:00\" \/>\n<meta property=\"og:image\" content=\"https:\/\/www.ladiagonale.net\/wp-content\/uploads\/2024\/12\/Hu\u0308tter5.png\" \/>\n\t<meta property=\"og:image:width\" content=\"1160\" \/>\n\t<meta property=\"og:image:height\" content=\"650\" \/>\n\t<meta property=\"og:image:type\" content=\"image\/png\" \/>\n<meta name=\"author\" content=\"Damien Dellerba\" \/>\n<meta name=\"twitter:card\" content=\"summary_large_image\" \/>\n<meta name=\"twitter:image\" content=\"https:\/\/www.ladiagonale.net\/wp-content\/uploads\/2024\/12\/Hu\u0308tter5.png\" \/>\n<meta name=\"twitter:label1\" content=\"\u00c9crit par\" \/>\n\t<meta name=\"twitter:data1\" content=\"Damien Dellerba\" \/>\n\t<meta name=\"twitter:label2\" content=\"Dur\u00e9e de lecture estim\u00e9e\" \/>\n\t<meta name=\"twitter:data2\" content=\"3 minutes\" \/>\n<script type=\"application\/ld+json\" class=\"yoast-schema-graph\">{\"@context\":\"https:\/\/schema.org\",\"@graph\":[{\"@type\":\"WebPage\",\"@id\":\"https:\/\/www.ladiagonale.net\/index.php\/2025\/01\/15\/hutter-avec-la-video-nous-aurions-eu-un-but-accorde-et-un-penalty\/\",\"url\":\"https:\/\/www.ladiagonale.net\/index.php\/2025\/01\/15\/hutter-avec-la-video-nous-aurions-eu-un-but-accorde-et-un-penalty\/\",\"name\":\"H\u00fctter : \u00ab&nbsp;Avec la vid\u00e9o, nous aurions eu un but accord\u00e9 et un p\u00e9nalty&nbsp;\u00bb - La Diagonale\",\"isPartOf\":{\"@id\":\"https:\/\/www.ladiagonale.net\/#website\"},\"datePublished\":\"2025-01-15T06:42:56+00:00\",\"dateModified\":\"2025-01-15T06:42:57+00:00\",\"author\":{\"@id\":\"https:\/\/www.ladiagonale.net\/#\/schema\/person\/79ff1e7b0853ed01b2aa26e64ad300bf\"},\"breadcrumb\":{\"@id\":\"https:\/\/www.ladiagonale.net\/index.php\/2025\/01\/15\/hutter-avec-la-video-nous-aurions-eu-un-but-accorde-et-un-penalty\/#breadcrumb\"},\"inLanguage\":\"fr-FR\",\"potentialAction\":[{\"@type\":\"ReadAction\",\"target\":[\"https:\/\/www.ladiagonale.net\/index.php\/2025\/01\/15\/hutter-avec-la-video-nous-aurions-eu-un-but-accorde-et-un-penalty\/\"]}]},{\"@type\":\"BreadcrumbList\",\"@id\":\"https:\/\/www.ladiagonale.net\/index.php\/2025\/01\/15\/hutter-avec-la-video-nous-aurions-eu-un-but-accorde-et-un-penalty\/#breadcrumb\",\"itemListElement\":[{\"@type\":\"ListItem\",\"position\":1,\"name\":\"Accueil\",\"item\":\"https:\/\/www.ladiagonale.net\/\"},{\"@type\":\"ListItem\",\"position\":2,\"name\":\"H\u00fctter : \u00ab&nbsp;Avec la vid\u00e9o, nous aurions eu un but accord\u00e9 et un p\u00e9nalty&nbsp;\u00bb\"}]},{\"@type\":\"WebSite\",\"@id\":\"https:\/\/www.ladiagonale.net\/#website\",\"url\":\"https:\/\/www.ladiagonale.net\/\",\"name\":\"La Diagonale\",\"description\":\"Le site des supporters de l&#039;AS Monaco FC\",\"potentialAction\":[{\"@type\":\"SearchAction\",\"target\":{\"@type\":\"EntryPoint\",\"urlTemplate\":\"https:\/\/www.ladiagonale.net\/?s={search_term_string}\"},\"query-input\":\"required name=search_term_string\"}],\"inLanguage\":\"fr-FR\"},{\"@type\":\"Person\",\"@id\":\"https:\/\/www.ladiagonale.net\/#\/schema\/person\/79ff1e7b0853ed01b2aa26e64ad300bf\",\"name\":\"Damien Dellerba\",\"image\":{\"@type\":\"ImageObject\",\"inLanguage\":\"fr-FR\",\"@id\":\"https:\/\/www.ladiagonale.net\/#\/schema\/person\/image\/\",\"url\":\"https:\/\/secure.gravatar.com\/avatar\/c7850e06d3ff63cdbaee88b7fc16e2f0?s=96&d=mm&r=g\",\"contentUrl\":\"https:\/\/secure.gravatar.com\/avatar\/c7850e06d3ff63cdbaee88b7fc16e2f0?s=96&d=mm&r=g\",\"caption\":\"Damien Dellerba\"},\"url\":\"https:\/\/www.ladiagonale.net\/index.php\/author\/damien\/\"}]}<\/script>\n<!-- \/ Yoast SEO plugin. -->","yoast_head_json":{"title":"H\u00fctter : \u00ab&nbsp;Avec la vid\u00e9o, nous aurions eu un but accord\u00e9 et un p\u00e9nalty&nbsp;\u00bb - La Diagonale","robots":{"index":"index","follow":"follow","max-snippet":"max-snippet:-1","max-image-preview":"max-image-preview:large","max-video-preview":"max-video-preview:-1"},"canonical":"https:\/\/www.ladiagonale.net\/index.php\/2025\/01\/15\/hutter-avec-la-video-nous-aurions-eu-un-but-accorde-et-un-penalty\/","og_locale":"fr_FR","og_type":"article","og_title":"H\u00fctter : \u00ab&nbsp;Avec la vid\u00e9o, nous aurions eu un but accord\u00e9 et un p\u00e9nalty&nbsp;\u00bb - La Diagonale","og_description":"Monaco encha\u00eene les contre-performances, \u00e9limin\u00e9 en Coupe de France par Reims mardi soir : \u00ab&nbsp;Nous sommes \u00e9videmment tous tr\u00e8s d\u00e9\u00e7us, a dit Adi H\u00fctter. La frustration est immense ce soir. Nous \u00e9tions vraiment venus pour l\u2019emporter, mais cela n\u2019est pas arriv\u00e9.&nbsp;L\u2019Autrichien a d\u2019abord regrett\u00e9 les d\u00e9cisions d\u00e9favorables : \u00ab&nbsp;Certaines situations n\u2019ont pas \u00e9t\u00e9 \u00e0 notre [...]","og_url":"https:\/\/www.ladiagonale.net\/index.php\/2025\/01\/15\/hutter-avec-la-video-nous-aurions-eu-un-but-accorde-et-un-penalty\/","og_site_name":"La Diagonale","article_published_time":"2025-01-15T06:42:56+00:00","article_modified_time":"2025-01-15T06:42:57+00:00","og_image":[{"width":1160,"height":650,"url":"https:\/\/www.ladiagonale.net\/wp-content\/uploads\/2024\/12\/Hu\u0308tter5.png","type":"image\/png"}],"author":"Damien Dellerba","twitter_card":"summary_large_image","twitter_image":"https:\/\/www.ladiagonale.net\/wp-content\/uploads\/2024\/12\/Hu\u0308tter5.png","twitter_misc":{"\u00c9crit par":"Damien Dellerba","Dur\u00e9e de lecture estim\u00e9e":"3 minutes"},"schema":{"@context":"https:\/\/schema.org","@graph":[{"@type":"WebPage","@id":"https:\/\/www.ladiagonale.net\/index.php\/2025\/01\/15\/hutter-avec-la-video-nous-aurions-eu-un-but-accorde-et-un-penalty\/","url":"https:\/\/www.ladiagonale.net\/index.php\/2025\/01\/15\/hutter-avec-la-video-nous-aurions-eu-un-but-accorde-et-un-penalty\/","name":"H\u00fctter : \u00ab&nbsp;Avec la vid\u00e9o, nous aurions eu un but accord\u00e9 et un p\u00e9nalty&nbsp;\u00bb - La Diagonale","isPartOf":{"@id":"https:\/\/www.ladiagonale.net\/#website"},"datePublished":"2025-01-15T06:42:56+00:00","dateModified":"2025-01-15T06:42:57+00:00","author":{"@id":"https:\/\/www.ladiagonale.net\/#\/schema\/person\/79ff1e7b0853ed01b2aa26e64ad300bf"},"breadcrumb":{"@id":"https:\/\/www.ladiagonale.net\/index.php\/2025\/01\/15\/hutter-avec-la-video-nous-aurions-eu-un-but-accorde-et-un-penalty\/#breadcrumb"},"inLanguage":"fr-FR","potentialAction":[{"@type":"ReadAction","target":["https:\/\/www.ladiagonale.net\/index.php\/2025\/01\/15\/hutter-avec-la-video-nous-aurions-eu-un-but-accorde-et-un-penalty\/"]}]},{"@type":"BreadcrumbList","@id":"https:\/\/www.ladiagonale.net\/index.php\/2025\/01\/15\/hutter-avec-la-video-nous-aurions-eu-un-but-accorde-et-un-penalty\/#breadcrumb","itemListElement":[{"@type":"ListItem","position":1,"name":"Accueil","item":"https:\/\/www.ladiagonale.net\/"},{"@type":"ListItem","position":2,"name":"H\u00fctter : \u00ab&nbsp;Avec la vid\u00e9o, nous aurions eu un but accord\u00e9 et un p\u00e9nalty&nbsp;\u00bb"}]},{"@type":"WebSite","@id":"https:\/\/www.ladiagonale.net\/#website","url":"https:\/\/www.ladiagonale.net\/","name":"La Diagonale","description":"Le site des supporters de l&#039;AS Monaco FC","potentialAction":[{"@type":"SearchAction","target":{"@type":"EntryPoint","urlTemplate":"https:\/\/www.ladiagonale.net\/?s={search_term_string}"},"query-input":"required name=search_term_string"}],"inLanguage":"fr-FR"},{"@type":"Person","@id":"https:\/\/www.ladiagonale.net\/#\/schema\/person\/79ff1e7b0853ed01b2aa26e64ad300bf","name":"Damien Dellerba","image":{"@type":"ImageObject","inLanguage":"fr-FR","@id":"https:\/\/www.ladiagonale.net\/#\/schema\/person\/image\/","url":"https:\/\/secure.gravatar.com\/avatar\/c7850e06d3ff63cdbaee88b7fc16e2f0?s=96&d=mm&r=g","contentUrl":"https:\/\/secure.gravatar.com\/avatar\/c7850e06d3ff63cdbaee88b7fc16e2f0?s=96&d=mm&r=g","caption":"Damien Dellerba"},"url":"https:\/\/www.ladiagonale.net\/index.php\/author\/damien\/"}]}},"_links":{"self":[{"href":"https:\/\/www.ladiagonale.net\/index.php\/wp-json\/wp\/v2\/posts\/28913"}],"collection":[{"href":"https:\/\/www.ladiagonale.net\/index.php\/wp-json\/wp\/v2\/posts"}],"about":[{"href":"https:\/\/www.ladiagonale.net\/index.php\/wp-json\/wp\/v2\/types\/post"}],"author":[{"embeddable":true,"href":"https:\/\/www.ladiagonale.net\/index.php\/wp-json\/wp\/v2\/users\/2"}],"replies":[{"embeddable":true,"href":"https:\/\/www.ladiagonale.net\/index.php\/wp-json\/wp\/v2\/comments?post=28913"}],"version-history":[{"count":4,"href":"https:\/\/www.ladiagonale.net\/index.php\/wp-json\/wp\/v2\/posts\/28913\/revisions"}],"predecessor-version":[{"id":28917,"href":"https:\/\/www.ladiagonale.net\/index.php\/wp-json\/wp\/v2\/posts\/28913\/revisions\/28917"}],"wp:attachment":[{"href":"https:\/\/www.ladiagonale.net\/index.php\/wp-json\/wp\/v2\/media?parent=28913"}],"wp:term":[{"taxonomy":"category","embeddable":true,"href":"https:\/\/www.ladiagonale.net\/index.php\/wp-json\/wp\/v2\/categories?post=28913"},{"taxonomy":"post_tag","embeddable":true,"href":"https:\/\/www.ladiagonale.net\/index.php\/wp-json\/wp\/v2\/tags?post=28913"}],"curies":[{"name":"wp","href":"https:\/\/api.w.org\/{rel}","templated":true}]}}