{"id":28941,"date":"2025-01-16T17:50:07","date_gmt":"2025-01-16T16:50:07","guid":{"rendered":"https:\/\/www.ladiagonale.net\/?p=28941"},"modified":"2025-01-16T17:50:08","modified_gmt":"2025-01-16T16:50:08","slug":"monaco-ira-a-drancy-en-gambardella","status":"publish","type":"post","link":"https:\/\/www.ladiagonale.net\/index.php\/2025\/01\/16\/monaco-ira-a-drancy-en-gambardella\/","title":{"rendered":"Monaco ira \u00e0 Drancy en Gambardella"},"content":{"rendered":"\n\n\n<p>Apr\u00e8s avoir dispos\u00e9 de Marignane et Montredon-Bonneveine, les U18 de l\u2019AS Monaco seront oppos\u00e9s \u00e0 Drancy pour leur prochaine rencontre de Coupe Gambardella, en 16<sup>es<\/sup> de finale. Les joueurs de Fr\u00e9d\u00e9ric Barilaro et Manu Dos Santos devront se d\u00e9placer une fois de plus pour affronter un adversaire qui \u00e9volue \u00e0 l&rsquo;\u00e9chelon inf\u00e9rieur, en U18 R1.<\/p>\n\n\n\n<p>La rencontre se tiendra le week-end des 1er et 2 f\u00e9vrier. <\/p>\n","protected":false},"excerpt":{"rendered":"<p>Apr\u00e8s avoir dispos\u00e9 de Marignane et Montredon-Bonneveine, les U18 de l\u2019AS Monaco seront oppos\u00e9s \u00e0 Drancy pour leur prochaine rencontre de Coupe Gambardella, en 16es de finale. Les joueurs de Fr\u00e9d\u00e9ric Barilaro et Manu Dos Santos devront se d\u00e9placer une fois de plus pour affronter un adversaire qui \u00e9volue \u00e0 l&rsquo;\u00e9chelon inf\u00e9rieur, en U18 R1. [&#8230;]\n","protected":false},"author":2,"featured_media":0,"comment_status":"open","ping_status":"open","sticky":false,"template":"","format":"standard","meta":[],"categories":[6],"tags":[76,86,321,952],"yoast_head":"<!-- This site is optimized with the Yoast SEO plugin v19.8 - https:\/\/yoast.com\/wordpress\/plugins\/seo\/ -->\n<title>Monaco ira \u00e0 Drancy en Gambardella - La Diagonale<\/title>\n<meta name=\"robots\" content=\"index, follow, max-snippet:-1, max-image-preview:large, max-video-preview:-1\" \/>\n<link rel=\"canonical\" href=\"https:\/\/www.ladiagonale.net\/index.php\/2025\/01\/16\/monaco-ira-a-drancy-en-gambardella\/\" \/>\n<meta property=\"og:locale\" content=\"fr_FR\" \/>\n<meta property=\"og:type\" content=\"article\" \/>\n<meta property=\"og:title\" content=\"Monaco ira \u00e0 Drancy en Gambardella - La Diagonale\" \/>\n<meta property=\"og:description\" content=\"Apr\u00e8s avoir dispos\u00e9 de Marignane et Montredon-Bonneveine, les U18 de l\u2019AS Monaco seront oppos\u00e9s \u00e0 Drancy pour leur prochaine rencontre de Coupe Gambardella, en 16es de finale. Les joueurs de Fr\u00e9d\u00e9ric Barilaro et Manu Dos Santos devront se d\u00e9placer une fois de plus pour affronter un adversaire qui \u00e9volue \u00e0 l&rsquo;\u00e9chelon inf\u00e9rieur, en U18 R1. [...]\" \/>\n<meta property=\"og:url\" content=\"https:\/\/www.ladiagonale.net\/index.php\/2025\/01\/16\/monaco-ira-a-drancy-en-gambardella\/\" \/>\n<meta property=\"og:site_name\" content=\"La Diagonale\" \/>\n<meta property=\"article:published_time\" content=\"2025-01-16T16:50:07+00:00\" \/>\n<meta property=\"article:modified_time\" content=\"2025-01-16T16:50:08+00:00\" \/>\n<meta property=\"og:image\" content=\"https:\/\/www.ladiagonale.net\/wp-content\/uploads\/2024\/11\/Beinsirak.png\" \/>\n\t<meta property=\"og:image:width\" content=\"1160\" \/>\n\t<meta property=\"og:image:height\" content=\"650\" \/>\n\t<meta property=\"og:image:type\" content=\"image\/png\" \/>\n<meta name=\"author\" content=\"Damien Dellerba\" \/>\n<meta name=\"twitter:card\" content=\"summary_large_image\" \/>\n<meta name=\"twitter:image\" content=\"https:\/\/www.ladiagonale.net\/wp-content\/uploads\/2024\/11\/Beinsirak.png\" \/>\n<meta name=\"twitter:label1\" content=\"\u00c9crit par\" \/>\n\t<meta name=\"twitter:data1\" content=\"Damien Dellerba\" \/>\n\t<meta name=\"twitter:label2\" content=\"Dur\u00e9e de lecture estim\u00e9e\" \/>\n\t<meta name=\"twitter:data2\" content=\"1 minute\" \/>\n<script type=\"application\/ld+json\" class=\"yoast-schema-graph\">{\"@context\":\"https:\/\/schema.org\",\"@graph\":[{\"@type\":\"WebPage\",\"@id\":\"https:\/\/www.ladiagonale.net\/index.php\/2025\/01\/16\/monaco-ira-a-drancy-en-gambardella\/\",\"url\":\"https:\/\/www.ladiagonale.net\/index.php\/2025\/01\/16\/monaco-ira-a-drancy-en-gambardella\/\",\"name\":\"Monaco ira \u00e0 Drancy en Gambardella - La Diagonale\",\"isPartOf\":{\"@id\":\"https:\/\/www.ladiagonale.net\/#website\"},\"datePublished\":\"2025-01-16T16:50:07+00:00\",\"dateModified\":\"2025-01-16T16:50:08+00:00\",\"author\":{\"@id\":\"https:\/\/www.ladiagonale.net\/#\/schema\/person\/79ff1e7b0853ed01b2aa26e64ad300bf\"},\"breadcrumb\":{\"@id\":\"https:\/\/www.ladiagonale.net\/index.php\/2025\/01\/16\/monaco-ira-a-drancy-en-gambardella\/#breadcrumb\"},\"inLanguage\":\"fr-FR\",\"potentialAction\":[{\"@type\":\"ReadAction\",\"target\":[\"https:\/\/www.ladiagonale.net\/index.php\/2025\/01\/16\/monaco-ira-a-drancy-en-gambardella\/\"]}]},{\"@type\":\"BreadcrumbList\",\"@id\":\"https:\/\/www.ladiagonale.net\/index.php\/2025\/01\/16\/monaco-ira-a-drancy-en-gambardella\/#breadcrumb\",\"itemListElement\":[{\"@type\":\"ListItem\",\"position\":1,\"name\":\"Accueil\",\"item\":\"https:\/\/www.ladiagonale.net\/\"},{\"@type\":\"ListItem\",\"position\":2,\"name\":\"Monaco ira \u00e0 Drancy en Gambardella\"}]},{\"@type\":\"WebSite\",\"@id\":\"https:\/\/www.ladiagonale.net\/#website\",\"url\":\"https:\/\/www.ladiagonale.net\/\",\"name\":\"La Diagonale\",\"description\":\"Le site des supporters de l&#039;AS Monaco FC\",\"potentialAction\":[{\"@type\":\"SearchAction\",\"target\":{\"@type\":\"EntryPoint\",\"urlTemplate\":\"https:\/\/www.ladiagonale.net\/?s={search_term_string}\"},\"query-input\":\"required name=search_term_string\"}],\"inLanguage\":\"fr-FR\"},{\"@type\":\"Person\",\"@id\":\"https:\/\/www.ladiagonale.net\/#\/schema\/person\/79ff1e7b0853ed01b2aa26e64ad300bf\",\"name\":\"Damien Dellerba\",\"image\":{\"@type\":\"ImageObject\",\"inLanguage\":\"fr-FR\",\"@id\":\"https:\/\/www.ladiagonale.net\/#\/schema\/person\/image\/\",\"url\":\"https:\/\/secure.gravatar.com\/avatar\/c7850e06d3ff63cdbaee88b7fc16e2f0?s=96&d=mm&r=g\",\"contentUrl\":\"https:\/\/secure.gravatar.com\/avatar\/c7850e06d3ff63cdbaee88b7fc16e2f0?s=96&d=mm&r=g\",\"caption\":\"Damien Dellerba\"},\"url\":\"https:\/\/www.ladiagonale.net\/index.php\/author\/damien\/\"}]}<\/script>\n<!-- \/ Yoast SEO plugin. -->","yoast_head_json":{"title":"Monaco ira \u00e0 Drancy en Gambardella - La Diagonale","robots":{"index":"index","follow":"follow","max-snippet":"max-snippet:-1","max-image-preview":"max-image-preview:large","max-video-preview":"max-video-preview:-1"},"canonical":"https:\/\/www.ladiagonale.net\/index.php\/2025\/01\/16\/monaco-ira-a-drancy-en-gambardella\/","og_locale":"fr_FR","og_type":"article","og_title":"Monaco ira \u00e0 Drancy en Gambardella - La Diagonale","og_description":"Apr\u00e8s avoir dispos\u00e9 de Marignane et Montredon-Bonneveine, les U18 de l\u2019AS Monaco seront oppos\u00e9s \u00e0 Drancy pour leur prochaine rencontre de Coupe Gambardella, en 16es de finale. Les joueurs de Fr\u00e9d\u00e9ric Barilaro et Manu Dos Santos devront se d\u00e9placer une fois de plus pour affronter un adversaire qui \u00e9volue \u00e0 l&rsquo;\u00e9chelon inf\u00e9rieur, en U18 R1. [...]","og_url":"https:\/\/www.ladiagonale.net\/index.php\/2025\/01\/16\/monaco-ira-a-drancy-en-gambardella\/","og_site_name":"La Diagonale","article_published_time":"2025-01-16T16:50:07+00:00","article_modified_time":"2025-01-16T16:50:08+00:00","og_image":[{"width":1160,"height":650,"url":"https:\/\/www.ladiagonale.net\/wp-content\/uploads\/2024\/11\/Beinsirak.png","type":"image\/png"}],"author":"Damien Dellerba","twitter_card":"summary_large_image","twitter_image":"https:\/\/www.ladiagonale.net\/wp-content\/uploads\/2024\/11\/Beinsirak.png","twitter_misc":{"\u00c9crit par":"Damien Dellerba","Dur\u00e9e de lecture estim\u00e9e":"1 minute"},"schema":{"@context":"https:\/\/schema.org","@graph":[{"@type":"WebPage","@id":"https:\/\/www.ladiagonale.net\/index.php\/2025\/01\/16\/monaco-ira-a-drancy-en-gambardella\/","url":"https:\/\/www.ladiagonale.net\/index.php\/2025\/01\/16\/monaco-ira-a-drancy-en-gambardella\/","name":"Monaco ira \u00e0 Drancy en Gambardella - La Diagonale","isPartOf":{"@id":"https:\/\/www.ladiagonale.net\/#website"},"datePublished":"2025-01-16T16:50:07+00:00","dateModified":"2025-01-16T16:50:08+00:00","author":{"@id":"https:\/\/www.ladiagonale.net\/#\/schema\/person\/79ff1e7b0853ed01b2aa26e64ad300bf"},"breadcrumb":{"@id":"https:\/\/www.ladiagonale.net\/index.php\/2025\/01\/16\/monaco-ira-a-drancy-en-gambardella\/#breadcrumb"},"inLanguage":"fr-FR","potentialAction":[{"@type":"ReadAction","target":["https:\/\/www.ladiagonale.net\/index.php\/2025\/01\/16\/monaco-ira-a-drancy-en-gambardella\/"]}]},{"@type":"BreadcrumbList","@id":"https:\/\/www.ladiagonale.net\/index.php\/2025\/01\/16\/monaco-ira-a-drancy-en-gambardella\/#breadcrumb","itemListElement":[{"@type":"ListItem","position":1,"name":"Accueil","item":"https:\/\/www.ladiagonale.net\/"},{"@type":"ListItem","position":2,"name":"Monaco ira \u00e0 Drancy en Gambardella"}]},{"@type":"WebSite","@id":"https:\/\/www.ladiagonale.net\/#website","url":"https:\/\/www.ladiagonale.net\/","name":"La Diagonale","description":"Le site des supporters de l&#039;AS Monaco FC","potentialAction":[{"@type":"SearchAction","target":{"@type":"EntryPoint","urlTemplate":"https:\/\/www.ladiagonale.net\/?s={search_term_string}"},"query-input":"required name=search_term_string"}],"inLanguage":"fr-FR"},{"@type":"Person","@id":"https:\/\/www.ladiagonale.net\/#\/schema\/person\/79ff1e7b0853ed01b2aa26e64ad300bf","name":"Damien Dellerba","image":{"@type":"ImageObject","inLanguage":"fr-FR","@id":"https:\/\/www.ladiagonale.net\/#\/schema\/person\/image\/","url":"https:\/\/secure.gravatar.com\/avatar\/c7850e06d3ff63cdbaee88b7fc16e2f0?s=96&d=mm&r=g","contentUrl":"https:\/\/secure.gravatar.com\/avatar\/c7850e06d3ff63cdbaee88b7fc16e2f0?s=96&d=mm&r=g","caption":"Damien Dellerba"},"url":"https:\/\/www.ladiagonale.net\/index.php\/author\/damien\/"}]}},"_links":{"self":[{"href":"https:\/\/www.ladiagonale.net\/index.php\/wp-json\/wp\/v2\/posts\/28941"}],"collection":[{"href":"https:\/\/www.ladiagonale.net\/index.php\/wp-json\/wp\/v2\/posts"}],"about":[{"href":"https:\/\/www.ladiagonale.net\/index.php\/wp-json\/wp\/v2\/types\/post"}],"author":[{"embeddable":true,"href":"https:\/\/www.ladiagonale.net\/index.php\/wp-json\/wp\/v2\/users\/2"}],"replies":[{"embeddable":true,"href":"https:\/\/www.ladiagonale.net\/index.php\/wp-json\/wp\/v2\/comments?post=28941"}],"version-history":[{"count":1,"href":"https:\/\/www.ladiagonale.net\/index.php\/wp-json\/wp\/v2\/posts\/28941\/revisions"}],"predecessor-version":[{"id":28944,"href":"https:\/\/www.ladiagonale.net\/index.php\/wp-json\/wp\/v2\/posts\/28941\/revisions\/28944"}],"wp:attachment":[{"href":"https:\/\/www.ladiagonale.net\/index.php\/wp-json\/wp\/v2\/media?parent=28941"}],"wp:term":[{"taxonomy":"category","embeddable":true,"href":"https:\/\/www.ladiagonale.net\/index.php\/wp-json\/wp\/v2\/categories?post=28941"},{"taxonomy":"post_tag","embeddable":true,"href":"https:\/\/www.ladiagonale.net\/index.php\/wp-json\/wp\/v2\/tags?post=28941"}],"curies":[{"name":"wp","href":"https:\/\/api.w.org\/{rel}","templated":true}]}}