{"id":28948,"date":"2025-01-16T18:25:17","date_gmt":"2025-01-16T17:25:17","guid":{"rendered":"https:\/\/www.ladiagonale.net\/?p=28948"},"modified":"2025-01-16T18:25:18","modified_gmt":"2025-01-16T17:25:18","slug":"salisu-nous-battre-pour-revenir-au-top","status":"publish","type":"post","link":"https:\/\/www.ladiagonale.net\/index.php\/2025\/01\/16\/salisu-nous-battre-pour-revenir-au-top\/","title":{"rendered":"Salisu : \u00ab\u00a0Nous battre pour revenir au top\u00a0\u00bb"},"content":{"rendered":"\n\n\n<p>L\u2019AS Monaco doit imp\u00e9rativement rebondir face \u00e0 la lanterne rouge Montpellier. Rebondir et dans le m\u00eame temps se rassurer avant la Ligue des champions : \u00ab\u00a0<em>Je pense que c\u2019est le bon match pour motiver toute l\u2019\u00e9quipe juste avant la Ligue des Champions<\/em>, a indiqu\u00e9 Mohammed Salisu en conf\u00e9rence de presse. <em>C\u2019est une rencontre tr\u00e8s importante pour avoir un boost d\u2019\u00e9nergie et retrouver la confiance afin de pr\u00e9parer au mieux le match contre Aston Villa. Nous croyons en nous et nous voulons prendre les trois points.<\/em>\u00a0\u00bb<\/p>\n\n\n\n<p>Pour le d\u00e9fenseur ghan\u00e9en, il n\u2019y a pas de crise de confiance : \u00ab\u00a0<em>Nous ne doutons pas, le football se r\u00e9sume \u00e0 des hauts et des bas en fonction des p\u00e9riodes. Nous sommes actuellement dans un mauvais moment et nous devons nous battre pour revenir au top. La saison avait tr\u00e8s bien d\u00e9marr\u00e9 et nous \u00e9tions en bonne forme, nous avons juste besoin de croire en ce que nous faisons sur le terrain et \u00e9couter les conseils tactiques du coach pour retrouver notre niveau. (\u2026)\u00a0La plupart des \u00e9quipes traversent ce genre de situation, la question est de savoir comment bien revenir, comment sortir de cette situation.<\/em>\u00a0\u00bb<\/p>\n\n\n\n<p>L\u2019inefficacit\u00e9 devant le but a grandement p\u00e9nalis\u00e9 Monaco depuis le d\u00e9but de la saison. Mais Salisu n\u2019est pas vraiment concern\u00e9 par ce probl\u00e8me, lui qui vient d\u2019inscrire deux buts en deux matches : \u00ab <em>Je suis heureux d\u2019avoir marqu\u00e9 lors des deux derniers matchs m\u00eame si c\u2019\u00e9tait deux rencontres d\u00e9cevantes au niveau des r\u00e9sultats. On doit continuer de se battre. (\u2026) Nous continuons de croire en nos attaquants, c\u2019est un moment difficile pour l\u2019\u00e9quipe mais je pense que les buts vont venir. Il est temps pour nous de mieux faire pour mettre les attaquants dans de meilleures dispositions, afin qu\u2019ils puissent retrouver la confiance.<\/em>\u00a0\u00bb<\/p>\n","protected":false},"excerpt":{"rendered":"<p>L\u2019AS Monaco doit imp\u00e9rativement rebondir face \u00e0 la lanterne rouge Montpellier. Rebondir et dans le m\u00eame temps se rassurer avant la Ligue des champions : \u00ab\u00a0Je pense que c\u2019est le bon match pour motiver toute l\u2019\u00e9quipe juste avant la Ligue des Champions, a indiqu\u00e9 Mohammed Salisu en conf\u00e9rence de presse. C\u2019est une rencontre tr\u00e8s importante [&#8230;]\n","protected":false},"author":2,"featured_media":0,"comment_status":"open","ping_status":"open","sticky":false,"template":"","format":"standard","meta":[],"categories":[6],"tags":[86,94,618,236],"yoast_head":"<!-- This site is optimized with the Yoast SEO plugin v19.8 - https:\/\/yoast.com\/wordpress\/plugins\/seo\/ -->\n<title>Salisu : \u00ab\u00a0Nous battre pour revenir au top\u00a0\u00bb - La Diagonale<\/title>\n<meta name=\"robots\" content=\"index, follow, max-snippet:-1, max-image-preview:large, max-video-preview:-1\" \/>\n<link rel=\"canonical\" href=\"https:\/\/www.ladiagonale.net\/index.php\/2025\/01\/16\/salisu-nous-battre-pour-revenir-au-top\/\" \/>\n<meta property=\"og:locale\" content=\"fr_FR\" \/>\n<meta property=\"og:type\" content=\"article\" \/>\n<meta property=\"og:title\" content=\"Salisu : \u00ab\u00a0Nous battre pour revenir au top\u00a0\u00bb - La Diagonale\" \/>\n<meta property=\"og:description\" content=\"L\u2019AS Monaco doit imp\u00e9rativement rebondir face \u00e0 la lanterne rouge Montpellier. Rebondir et dans le m\u00eame temps se rassurer avant la Ligue des champions : \u00ab\u00a0Je pense que c\u2019est le bon match pour motiver toute l\u2019\u00e9quipe juste avant la Ligue des Champions, a indiqu\u00e9 Mohammed Salisu en conf\u00e9rence de presse. C\u2019est une rencontre tr\u00e8s importante [...]\" \/>\n<meta property=\"og:url\" content=\"https:\/\/www.ladiagonale.net\/index.php\/2025\/01\/16\/salisu-nous-battre-pour-revenir-au-top\/\" \/>\n<meta property=\"og:site_name\" content=\"La Diagonale\" \/>\n<meta property=\"article:published_time\" content=\"2025-01-16T17:25:17+00:00\" \/>\n<meta property=\"article:modified_time\" content=\"2025-01-16T17:25:18+00:00\" \/>\n<meta property=\"og:image\" content=\"https:\/\/www.ladiagonale.net\/wp-content\/uploads\/2024\/11\/Salisuasse.png\" \/>\n\t<meta property=\"og:image:width\" content=\"1160\" \/>\n\t<meta property=\"og:image:height\" content=\"650\" \/>\n\t<meta property=\"og:image:type\" content=\"image\/png\" \/>\n<meta name=\"author\" content=\"Damien Dellerba\" \/>\n<meta name=\"twitter:card\" content=\"summary_large_image\" \/>\n<meta name=\"twitter:image\" content=\"https:\/\/www.ladiagonale.net\/wp-content\/uploads\/2024\/11\/Salisuasse.png\" \/>\n<meta name=\"twitter:label1\" content=\"\u00c9crit par\" \/>\n\t<meta name=\"twitter:data1\" content=\"Damien Dellerba\" \/>\n\t<meta name=\"twitter:label2\" content=\"Dur\u00e9e de lecture estim\u00e9e\" \/>\n\t<meta name=\"twitter:data2\" content=\"2 minutes\" \/>\n<script type=\"application\/ld+json\" class=\"yoast-schema-graph\">{\"@context\":\"https:\/\/schema.org\",\"@graph\":[{\"@type\":\"WebPage\",\"@id\":\"https:\/\/www.ladiagonale.net\/index.php\/2025\/01\/16\/salisu-nous-battre-pour-revenir-au-top\/\",\"url\":\"https:\/\/www.ladiagonale.net\/index.php\/2025\/01\/16\/salisu-nous-battre-pour-revenir-au-top\/\",\"name\":\"Salisu : \u00ab\u00a0Nous battre pour revenir au top\u00a0\u00bb - La Diagonale\",\"isPartOf\":{\"@id\":\"https:\/\/www.ladiagonale.net\/#website\"},\"datePublished\":\"2025-01-16T17:25:17+00:00\",\"dateModified\":\"2025-01-16T17:25:18+00:00\",\"author\":{\"@id\":\"https:\/\/www.ladiagonale.net\/#\/schema\/person\/79ff1e7b0853ed01b2aa26e64ad300bf\"},\"breadcrumb\":{\"@id\":\"https:\/\/www.ladiagonale.net\/index.php\/2025\/01\/16\/salisu-nous-battre-pour-revenir-au-top\/#breadcrumb\"},\"inLanguage\":\"fr-FR\",\"potentialAction\":[{\"@type\":\"ReadAction\",\"target\":[\"https:\/\/www.ladiagonale.net\/index.php\/2025\/01\/16\/salisu-nous-battre-pour-revenir-au-top\/\"]}]},{\"@type\":\"BreadcrumbList\",\"@id\":\"https:\/\/www.ladiagonale.net\/index.php\/2025\/01\/16\/salisu-nous-battre-pour-revenir-au-top\/#breadcrumb\",\"itemListElement\":[{\"@type\":\"ListItem\",\"position\":1,\"name\":\"Accueil\",\"item\":\"https:\/\/www.ladiagonale.net\/\"},{\"@type\":\"ListItem\",\"position\":2,\"name\":\"Salisu : \u00ab\u00a0Nous battre pour revenir au top\u00a0\u00bb\"}]},{\"@type\":\"WebSite\",\"@id\":\"https:\/\/www.ladiagonale.net\/#website\",\"url\":\"https:\/\/www.ladiagonale.net\/\",\"name\":\"La Diagonale\",\"description\":\"Le site des supporters de l&#039;AS Monaco FC\",\"potentialAction\":[{\"@type\":\"SearchAction\",\"target\":{\"@type\":\"EntryPoint\",\"urlTemplate\":\"https:\/\/www.ladiagonale.net\/?s={search_term_string}\"},\"query-input\":\"required name=search_term_string\"}],\"inLanguage\":\"fr-FR\"},{\"@type\":\"Person\",\"@id\":\"https:\/\/www.ladiagonale.net\/#\/schema\/person\/79ff1e7b0853ed01b2aa26e64ad300bf\",\"name\":\"Damien Dellerba\",\"image\":{\"@type\":\"ImageObject\",\"inLanguage\":\"fr-FR\",\"@id\":\"https:\/\/www.ladiagonale.net\/#\/schema\/person\/image\/\",\"url\":\"https:\/\/secure.gravatar.com\/avatar\/c7850e06d3ff63cdbaee88b7fc16e2f0?s=96&d=mm&r=g\",\"contentUrl\":\"https:\/\/secure.gravatar.com\/avatar\/c7850e06d3ff63cdbaee88b7fc16e2f0?s=96&d=mm&r=g\",\"caption\":\"Damien Dellerba\"},\"url\":\"https:\/\/www.ladiagonale.net\/index.php\/author\/damien\/\"}]}<\/script>\n<!-- \/ Yoast SEO plugin. -->","yoast_head_json":{"title":"Salisu : \u00ab\u00a0Nous battre pour revenir au top\u00a0\u00bb - La Diagonale","robots":{"index":"index","follow":"follow","max-snippet":"max-snippet:-1","max-image-preview":"max-image-preview:large","max-video-preview":"max-video-preview:-1"},"canonical":"https:\/\/www.ladiagonale.net\/index.php\/2025\/01\/16\/salisu-nous-battre-pour-revenir-au-top\/","og_locale":"fr_FR","og_type":"article","og_title":"Salisu : \u00ab\u00a0Nous battre pour revenir au top\u00a0\u00bb - La Diagonale","og_description":"L\u2019AS Monaco doit imp\u00e9rativement rebondir face \u00e0 la lanterne rouge Montpellier. Rebondir et dans le m\u00eame temps se rassurer avant la Ligue des champions : \u00ab\u00a0Je pense que c\u2019est le bon match pour motiver toute l\u2019\u00e9quipe juste avant la Ligue des Champions, a indiqu\u00e9 Mohammed Salisu en conf\u00e9rence de presse. C\u2019est une rencontre tr\u00e8s importante [...]","og_url":"https:\/\/www.ladiagonale.net\/index.php\/2025\/01\/16\/salisu-nous-battre-pour-revenir-au-top\/","og_site_name":"La Diagonale","article_published_time":"2025-01-16T17:25:17+00:00","article_modified_time":"2025-01-16T17:25:18+00:00","og_image":[{"width":1160,"height":650,"url":"https:\/\/www.ladiagonale.net\/wp-content\/uploads\/2024\/11\/Salisuasse.png","type":"image\/png"}],"author":"Damien Dellerba","twitter_card":"summary_large_image","twitter_image":"https:\/\/www.ladiagonale.net\/wp-content\/uploads\/2024\/11\/Salisuasse.png","twitter_misc":{"\u00c9crit par":"Damien Dellerba","Dur\u00e9e de lecture estim\u00e9e":"2 minutes"},"schema":{"@context":"https:\/\/schema.org","@graph":[{"@type":"WebPage","@id":"https:\/\/www.ladiagonale.net\/index.php\/2025\/01\/16\/salisu-nous-battre-pour-revenir-au-top\/","url":"https:\/\/www.ladiagonale.net\/index.php\/2025\/01\/16\/salisu-nous-battre-pour-revenir-au-top\/","name":"Salisu : \u00ab\u00a0Nous battre pour revenir au top\u00a0\u00bb - La Diagonale","isPartOf":{"@id":"https:\/\/www.ladiagonale.net\/#website"},"datePublished":"2025-01-16T17:25:17+00:00","dateModified":"2025-01-16T17:25:18+00:00","author":{"@id":"https:\/\/www.ladiagonale.net\/#\/schema\/person\/79ff1e7b0853ed01b2aa26e64ad300bf"},"breadcrumb":{"@id":"https:\/\/www.ladiagonale.net\/index.php\/2025\/01\/16\/salisu-nous-battre-pour-revenir-au-top\/#breadcrumb"},"inLanguage":"fr-FR","potentialAction":[{"@type":"ReadAction","target":["https:\/\/www.ladiagonale.net\/index.php\/2025\/01\/16\/salisu-nous-battre-pour-revenir-au-top\/"]}]},{"@type":"BreadcrumbList","@id":"https:\/\/www.ladiagonale.net\/index.php\/2025\/01\/16\/salisu-nous-battre-pour-revenir-au-top\/#breadcrumb","itemListElement":[{"@type":"ListItem","position":1,"name":"Accueil","item":"https:\/\/www.ladiagonale.net\/"},{"@type":"ListItem","position":2,"name":"Salisu : \u00ab\u00a0Nous battre pour revenir au top\u00a0\u00bb"}]},{"@type":"WebSite","@id":"https:\/\/www.ladiagonale.net\/#website","url":"https:\/\/www.ladiagonale.net\/","name":"La Diagonale","description":"Le site des supporters de l&#039;AS Monaco FC","potentialAction":[{"@type":"SearchAction","target":{"@type":"EntryPoint","urlTemplate":"https:\/\/www.ladiagonale.net\/?s={search_term_string}"},"query-input":"required name=search_term_string"}],"inLanguage":"fr-FR"},{"@type":"Person","@id":"https:\/\/www.ladiagonale.net\/#\/schema\/person\/79ff1e7b0853ed01b2aa26e64ad300bf","name":"Damien Dellerba","image":{"@type":"ImageObject","inLanguage":"fr-FR","@id":"https:\/\/www.ladiagonale.net\/#\/schema\/person\/image\/","url":"https:\/\/secure.gravatar.com\/avatar\/c7850e06d3ff63cdbaee88b7fc16e2f0?s=96&d=mm&r=g","contentUrl":"https:\/\/secure.gravatar.com\/avatar\/c7850e06d3ff63cdbaee88b7fc16e2f0?s=96&d=mm&r=g","caption":"Damien Dellerba"},"url":"https:\/\/www.ladiagonale.net\/index.php\/author\/damien\/"}]}},"_links":{"self":[{"href":"https:\/\/www.ladiagonale.net\/index.php\/wp-json\/wp\/v2\/posts\/28948"}],"collection":[{"href":"https:\/\/www.ladiagonale.net\/index.php\/wp-json\/wp\/v2\/posts"}],"about":[{"href":"https:\/\/www.ladiagonale.net\/index.php\/wp-json\/wp\/v2\/types\/post"}],"author":[{"embeddable":true,"href":"https:\/\/www.ladiagonale.net\/index.php\/wp-json\/wp\/v2\/users\/2"}],"replies":[{"embeddable":true,"href":"https:\/\/www.ladiagonale.net\/index.php\/wp-json\/wp\/v2\/comments?post=28948"}],"version-history":[{"count":1,"href":"https:\/\/www.ladiagonale.net\/index.php\/wp-json\/wp\/v2\/posts\/28948\/revisions"}],"predecessor-version":[{"id":28949,"href":"https:\/\/www.ladiagonale.net\/index.php\/wp-json\/wp\/v2\/posts\/28948\/revisions\/28949"}],"wp:attachment":[{"href":"https:\/\/www.ladiagonale.net\/index.php\/wp-json\/wp\/v2\/media?parent=28948"}],"wp:term":[{"taxonomy":"category","embeddable":true,"href":"https:\/\/www.ladiagonale.net\/index.php\/wp-json\/wp\/v2\/categories?post=28948"},{"taxonomy":"post_tag","embeddable":true,"href":"https:\/\/www.ladiagonale.net\/index.php\/wp-json\/wp\/v2\/tags?post=28948"}],"curies":[{"name":"wp","href":"https:\/\/api.w.org\/{rel}","templated":true}]}}