{"id":28974,"date":"2025-01-18T14:55:40","date_gmt":"2025-01-18T13:55:40","guid":{"rendered":"https:\/\/www.ladiagonale.net\/?p=28974"},"modified":"2025-01-18T14:55:41","modified_gmt":"2025-01-18T13:55:41","slug":"monaco-sur-un-jeune-attaquant-camerounais","status":"publish","type":"post","link":"https:\/\/www.ladiagonale.net\/index.php\/2025\/01\/18\/monaco-sur-un-jeune-attaquant-camerounais\/","title":{"rendered":"Monaco sur un jeune attaquant camerounais ?"},"content":{"rendered":"\n<p>L\u2019AS Monaco vient d\u2019enregistrer l\u2019arriv\u00e9e de Mika Biereth dans ses rangs mais aurait d\u00e9j\u00e0 dans le viseur un autre attaquant. D\u2019apr\u00e8s <em>L\u2019\u00c9quipe<\/em>, les dirigeants de l\u2019AS Monaco envisageraient de recruter Christian Kofane, qui \u00e9volue \u00e0 Albacete, en deuxi\u00e8me division espagnole, qu\u2019il a rejoint il y a seulement deux mois. Pour l\u2019heure, le quotidien indique qu\u2019aucune offre n\u2019a \u00e9t\u00e9 faite \u00e0 ce jour, mais surtout, le Camerounais de 18 ans pourrait \u00eatre recrut\u00e9 et laiss\u00e9 \u00e0 en pr\u00eat \u00e0 Albacete jusqu\u2019\u00e0 la fin de la saison.<\/p>\n\n\n\n<p>Kofane serait \u00e9galement tr\u00e8s courtis\u00e9 puisque plusieurs clubs espagnols ainsi que Lille et Lens l&rsquo;auraient supervis\u00e9. Surtout, un int\u00e9r\u00eat du Real Madrid a \u00e9t\u00e9 \u00e9voqu\u00e9 le concernant. Arriv\u00e9 en Espagne de son pays natal au mois de novembre, Kofane a principalement \u00e9volu\u00e9 avec l&rsquo;\u00e9quipe U18 d&rsquo;Albacete o\u00f9 il s&rsquo;est mis en valeur, ce qui lui a permis d&rsquo;avoir sa chance avec l&rsquo;\u00e9quipe premi\u00e8re week-dernier. Et l&rsquo;attaquant a confirm\u00e9 tout le bien que beaucoup de clubs semblent penser de lui avec un but sur son premier ballon face au Racing Santander. <\/p>\n\n\n","protected":false},"excerpt":{"rendered":"<p>L\u2019AS Monaco vient d\u2019enregistrer l\u2019arriv\u00e9e de Mika Biereth dans ses rangs mais aurait d\u00e9j\u00e0 dans le viseur un autre attaquant. D\u2019apr\u00e8s L\u2019\u00c9quipe, les dirigeants de l\u2019AS Monaco envisageraient de recruter Christian Kofane, qui \u00e9volue \u00e0 Albacete, en deuxi\u00e8me division espagnole, qu\u2019il a rejoint il y a seulement deux mois. Pour l\u2019heure, le quotidien indique qu\u2019aucune [&#8230;]\n","protected":false},"author":2,"featured_media":0,"comment_status":"open","ping_status":"open","sticky":false,"template":"","format":"standard","meta":[],"categories":[6],"tags":[86,973,111,110],"yoast_head":"<!-- This site is optimized with the Yoast SEO plugin v19.8 - https:\/\/yoast.com\/wordpress\/plugins\/seo\/ -->\n<title>Monaco sur un jeune attaquant camerounais ? - La Diagonale<\/title>\n<meta name=\"robots\" content=\"index, follow, max-snippet:-1, max-image-preview:large, max-video-preview:-1\" \/>\n<link rel=\"canonical\" href=\"https:\/\/www.ladiagonale.net\/index.php\/2025\/01\/18\/monaco-sur-un-jeune-attaquant-camerounais\/\" \/>\n<meta property=\"og:locale\" content=\"fr_FR\" \/>\n<meta property=\"og:type\" content=\"article\" \/>\n<meta property=\"og:title\" content=\"Monaco sur un jeune attaquant camerounais ? - La Diagonale\" \/>\n<meta property=\"og:description\" content=\"L\u2019AS Monaco vient d\u2019enregistrer l\u2019arriv\u00e9e de Mika Biereth dans ses rangs mais aurait d\u00e9j\u00e0 dans le viseur un autre attaquant. D\u2019apr\u00e8s L\u2019\u00c9quipe, les dirigeants de l\u2019AS Monaco envisageraient de recruter Christian Kofane, qui \u00e9volue \u00e0 Albacete, en deuxi\u00e8me division espagnole, qu\u2019il a rejoint il y a seulement deux mois. Pour l\u2019heure, le quotidien indique qu\u2019aucune [...]\" \/>\n<meta property=\"og:url\" content=\"https:\/\/www.ladiagonale.net\/index.php\/2025\/01\/18\/monaco-sur-un-jeune-attaquant-camerounais\/\" \/>\n<meta property=\"og:site_name\" content=\"La Diagonale\" \/>\n<meta property=\"article:published_time\" content=\"2025-01-18T13:55:40+00:00\" \/>\n<meta property=\"article:modified_time\" content=\"2025-01-18T13:55:41+00:00\" \/>\n<meta property=\"og:image\" content=\"https:\/\/www.ladiagonale.net\/wp-content\/uploads\/2025\/01\/kofane.png\" \/>\n\t<meta property=\"og:image:width\" content=\"1160\" \/>\n\t<meta property=\"og:image:height\" content=\"650\" \/>\n\t<meta property=\"og:image:type\" content=\"image\/png\" \/>\n<meta name=\"author\" content=\"Damien Dellerba\" \/>\n<meta name=\"twitter:card\" content=\"summary_large_image\" \/>\n<meta name=\"twitter:image\" content=\"https:\/\/www.ladiagonale.net\/wp-content\/uploads\/2025\/01\/kofane.png\" \/>\n<meta name=\"twitter:label1\" content=\"\u00c9crit par\" \/>\n\t<meta name=\"twitter:data1\" content=\"Damien Dellerba\" \/>\n\t<meta name=\"twitter:label2\" content=\"Dur\u00e9e de lecture estim\u00e9e\" \/>\n\t<meta name=\"twitter:data2\" content=\"1 minute\" \/>\n<script type=\"application\/ld+json\" class=\"yoast-schema-graph\">{\"@context\":\"https:\/\/schema.org\",\"@graph\":[{\"@type\":\"WebPage\",\"@id\":\"https:\/\/www.ladiagonale.net\/index.php\/2025\/01\/18\/monaco-sur-un-jeune-attaquant-camerounais\/\",\"url\":\"https:\/\/www.ladiagonale.net\/index.php\/2025\/01\/18\/monaco-sur-un-jeune-attaquant-camerounais\/\",\"name\":\"Monaco sur un jeune attaquant camerounais ? - La Diagonale\",\"isPartOf\":{\"@id\":\"https:\/\/www.ladiagonale.net\/#website\"},\"datePublished\":\"2025-01-18T13:55:40+00:00\",\"dateModified\":\"2025-01-18T13:55:41+00:00\",\"author\":{\"@id\":\"https:\/\/www.ladiagonale.net\/#\/schema\/person\/79ff1e7b0853ed01b2aa26e64ad300bf\"},\"breadcrumb\":{\"@id\":\"https:\/\/www.ladiagonale.net\/index.php\/2025\/01\/18\/monaco-sur-un-jeune-attaquant-camerounais\/#breadcrumb\"},\"inLanguage\":\"fr-FR\",\"potentialAction\":[{\"@type\":\"ReadAction\",\"target\":[\"https:\/\/www.ladiagonale.net\/index.php\/2025\/01\/18\/monaco-sur-un-jeune-attaquant-camerounais\/\"]}]},{\"@type\":\"BreadcrumbList\",\"@id\":\"https:\/\/www.ladiagonale.net\/index.php\/2025\/01\/18\/monaco-sur-un-jeune-attaquant-camerounais\/#breadcrumb\",\"itemListElement\":[{\"@type\":\"ListItem\",\"position\":1,\"name\":\"Accueil\",\"item\":\"https:\/\/www.ladiagonale.net\/\"},{\"@type\":\"ListItem\",\"position\":2,\"name\":\"Monaco sur un jeune attaquant camerounais ?\"}]},{\"@type\":\"WebSite\",\"@id\":\"https:\/\/www.ladiagonale.net\/#website\",\"url\":\"https:\/\/www.ladiagonale.net\/\",\"name\":\"La Diagonale\",\"description\":\"Le site des supporters de l&#039;AS Monaco FC\",\"potentialAction\":[{\"@type\":\"SearchAction\",\"target\":{\"@type\":\"EntryPoint\",\"urlTemplate\":\"https:\/\/www.ladiagonale.net\/?s={search_term_string}\"},\"query-input\":\"required name=search_term_string\"}],\"inLanguage\":\"fr-FR\"},{\"@type\":\"Person\",\"@id\":\"https:\/\/www.ladiagonale.net\/#\/schema\/person\/79ff1e7b0853ed01b2aa26e64ad300bf\",\"name\":\"Damien Dellerba\",\"image\":{\"@type\":\"ImageObject\",\"inLanguage\":\"fr-FR\",\"@id\":\"https:\/\/www.ladiagonale.net\/#\/schema\/person\/image\/\",\"url\":\"https:\/\/secure.gravatar.com\/avatar\/c7850e06d3ff63cdbaee88b7fc16e2f0?s=96&d=mm&r=g\",\"contentUrl\":\"https:\/\/secure.gravatar.com\/avatar\/c7850e06d3ff63cdbaee88b7fc16e2f0?s=96&d=mm&r=g\",\"caption\":\"Damien Dellerba\"},\"url\":\"https:\/\/www.ladiagonale.net\/index.php\/author\/damien\/\"}]}<\/script>\n<!-- \/ Yoast SEO plugin. -->","yoast_head_json":{"title":"Monaco sur un jeune attaquant camerounais ? - La Diagonale","robots":{"index":"index","follow":"follow","max-snippet":"max-snippet:-1","max-image-preview":"max-image-preview:large","max-video-preview":"max-video-preview:-1"},"canonical":"https:\/\/www.ladiagonale.net\/index.php\/2025\/01\/18\/monaco-sur-un-jeune-attaquant-camerounais\/","og_locale":"fr_FR","og_type":"article","og_title":"Monaco sur un jeune attaquant camerounais ? - La Diagonale","og_description":"L\u2019AS Monaco vient d\u2019enregistrer l\u2019arriv\u00e9e de Mika Biereth dans ses rangs mais aurait d\u00e9j\u00e0 dans le viseur un autre attaquant. D\u2019apr\u00e8s L\u2019\u00c9quipe, les dirigeants de l\u2019AS Monaco envisageraient de recruter Christian Kofane, qui \u00e9volue \u00e0 Albacete, en deuxi\u00e8me division espagnole, qu\u2019il a rejoint il y a seulement deux mois. Pour l\u2019heure, le quotidien indique qu\u2019aucune [...]","og_url":"https:\/\/www.ladiagonale.net\/index.php\/2025\/01\/18\/monaco-sur-un-jeune-attaquant-camerounais\/","og_site_name":"La Diagonale","article_published_time":"2025-01-18T13:55:40+00:00","article_modified_time":"2025-01-18T13:55:41+00:00","og_image":[{"width":1160,"height":650,"url":"https:\/\/www.ladiagonale.net\/wp-content\/uploads\/2025\/01\/kofane.png","type":"image\/png"}],"author":"Damien Dellerba","twitter_card":"summary_large_image","twitter_image":"https:\/\/www.ladiagonale.net\/wp-content\/uploads\/2025\/01\/kofane.png","twitter_misc":{"\u00c9crit par":"Damien Dellerba","Dur\u00e9e de lecture estim\u00e9e":"1 minute"},"schema":{"@context":"https:\/\/schema.org","@graph":[{"@type":"WebPage","@id":"https:\/\/www.ladiagonale.net\/index.php\/2025\/01\/18\/monaco-sur-un-jeune-attaquant-camerounais\/","url":"https:\/\/www.ladiagonale.net\/index.php\/2025\/01\/18\/monaco-sur-un-jeune-attaquant-camerounais\/","name":"Monaco sur un jeune attaquant camerounais ? - La Diagonale","isPartOf":{"@id":"https:\/\/www.ladiagonale.net\/#website"},"datePublished":"2025-01-18T13:55:40+00:00","dateModified":"2025-01-18T13:55:41+00:00","author":{"@id":"https:\/\/www.ladiagonale.net\/#\/schema\/person\/79ff1e7b0853ed01b2aa26e64ad300bf"},"breadcrumb":{"@id":"https:\/\/www.ladiagonale.net\/index.php\/2025\/01\/18\/monaco-sur-un-jeune-attaquant-camerounais\/#breadcrumb"},"inLanguage":"fr-FR","potentialAction":[{"@type":"ReadAction","target":["https:\/\/www.ladiagonale.net\/index.php\/2025\/01\/18\/monaco-sur-un-jeune-attaquant-camerounais\/"]}]},{"@type":"BreadcrumbList","@id":"https:\/\/www.ladiagonale.net\/index.php\/2025\/01\/18\/monaco-sur-un-jeune-attaquant-camerounais\/#breadcrumb","itemListElement":[{"@type":"ListItem","position":1,"name":"Accueil","item":"https:\/\/www.ladiagonale.net\/"},{"@type":"ListItem","position":2,"name":"Monaco sur un jeune attaquant camerounais ?"}]},{"@type":"WebSite","@id":"https:\/\/www.ladiagonale.net\/#website","url":"https:\/\/www.ladiagonale.net\/","name":"La Diagonale","description":"Le site des supporters de l&#039;AS Monaco FC","potentialAction":[{"@type":"SearchAction","target":{"@type":"EntryPoint","urlTemplate":"https:\/\/www.ladiagonale.net\/?s={search_term_string}"},"query-input":"required name=search_term_string"}],"inLanguage":"fr-FR"},{"@type":"Person","@id":"https:\/\/www.ladiagonale.net\/#\/schema\/person\/79ff1e7b0853ed01b2aa26e64ad300bf","name":"Damien Dellerba","image":{"@type":"ImageObject","inLanguage":"fr-FR","@id":"https:\/\/www.ladiagonale.net\/#\/schema\/person\/image\/","url":"https:\/\/secure.gravatar.com\/avatar\/c7850e06d3ff63cdbaee88b7fc16e2f0?s=96&d=mm&r=g","contentUrl":"https:\/\/secure.gravatar.com\/avatar\/c7850e06d3ff63cdbaee88b7fc16e2f0?s=96&d=mm&r=g","caption":"Damien Dellerba"},"url":"https:\/\/www.ladiagonale.net\/index.php\/author\/damien\/"}]}},"_links":{"self":[{"href":"https:\/\/www.ladiagonale.net\/index.php\/wp-json\/wp\/v2\/posts\/28974"}],"collection":[{"href":"https:\/\/www.ladiagonale.net\/index.php\/wp-json\/wp\/v2\/posts"}],"about":[{"href":"https:\/\/www.ladiagonale.net\/index.php\/wp-json\/wp\/v2\/types\/post"}],"author":[{"embeddable":true,"href":"https:\/\/www.ladiagonale.net\/index.php\/wp-json\/wp\/v2\/users\/2"}],"replies":[{"embeddable":true,"href":"https:\/\/www.ladiagonale.net\/index.php\/wp-json\/wp\/v2\/comments?post=28974"}],"version-history":[{"count":1,"href":"https:\/\/www.ladiagonale.net\/index.php\/wp-json\/wp\/v2\/posts\/28974\/revisions"}],"predecessor-version":[{"id":28976,"href":"https:\/\/www.ladiagonale.net\/index.php\/wp-json\/wp\/v2\/posts\/28974\/revisions\/28976"}],"wp:attachment":[{"href":"https:\/\/www.ladiagonale.net\/index.php\/wp-json\/wp\/v2\/media?parent=28974"}],"wp:term":[{"taxonomy":"category","embeddable":true,"href":"https:\/\/www.ladiagonale.net\/index.php\/wp-json\/wp\/v2\/categories?post=28974"},{"taxonomy":"post_tag","embeddable":true,"href":"https:\/\/www.ladiagonale.net\/index.php\/wp-json\/wp\/v2\/tags?post=28974"}],"curies":[{"name":"wp","href":"https:\/\/api.w.org\/{rel}","templated":true}]}}