{"id":28991,"date":"2025-01-19T18:58:45","date_gmt":"2025-01-19T17:58:45","guid":{"rendered":"https:\/\/www.ladiagonale.net\/?p=28991"},"modified":"2025-01-19T19:02:38","modified_gmt":"2025-01-19T18:02:38","slug":"avec-plusieurs-joueurs-du-groupe-elite-les-u19-gagnent-enfin","status":"publish","type":"post","link":"https:\/\/www.ladiagonale.net\/index.php\/2025\/01\/19\/avec-plusieurs-joueurs-du-groupe-elite-les-u19-gagnent-enfin\/","title":{"rendered":"Avec plusieurs joueurs du Groupe \u00c9lite, les U19 gagnent enfin"},"content":{"rendered":"\n\n\n<p>Priv\u00e9s de victoire en championnat depuis le 28 septembre, les U19 de l\u2019AS Monaco ont mis fin \u00e0 une p\u00e9riode de disette qui a dur\u00e9 pr\u00e8s de quatre mois. Face \u00e0 Rodez, un concurrent direct pour le maintien, les hommes de Fr\u00e9d\u00e9ric Barilaro ont enregistr\u00e9 un succ\u00e8s (2-1) qui va leur faire beaucoup de bien dans cette deuxi\u00e8me moiti\u00e9 de saison, \u00e0 l&rsquo;occasion de la 16<sup>e<\/sup> journ\u00e9e de championnat.<\/p>\n\n\n\n<p>Ce sont deux joueurs venus en renfort, Pape Cabral et Joan Tincres, qui ont marqu\u00e9 les deux buts mon\u00e9gasques. Mais le onze de d\u00e9part \u00e9tait \u00e9galement renforc\u00e9 par plusieurs autres \u00e9l\u00e9ments du Groupe \u00c9lite, tels que Samuel Nibombe, Bradel Kiwa et Aladji Bamba. \u00c0 noter que la nouvelle recrue de l\u2019ASM, le lat\u00e9ral gauche Valy Konat\u00e9, a \u00e9galement \u00e9t\u00e9 titularis\u00e9e. <\/p>\n\n\n\n<p>Les joueurs de la Principaut\u00e9 ont pourtant tr\u00e8s mal d\u00e9but\u00e9, avec une ouverture du score conc\u00e9d\u00e9e tr\u00e8s t\u00f4t dans le match (10<sup>e<\/sup>), avant que Cabral (37<sup>e<\/sup>) et Tincres (55<sup>e<\/sup>) ne remettent l&rsquo;ASM sur de bons rails. Les Rouge et Blanc ont termin\u00e9 la rencontre en inf\u00e9riorit\u00e9 num\u00e9rique avec l&rsquo;expulsion de Lorenzo Carvalho dans le dernier quart d&rsquo;heure, apr\u00e8s deux avertissements.<\/p>\n\n\n\n<p>Les Mon\u00e9gasques quittent la place de lanterne rouge et d\u00e9passent leur adversaire du jour. Avec 13 points, ils gagnent deux places mais restent tout de m\u00eame dans la zone de rel\u00e9gation. Il faudra confirmer ce succ\u00e8s samedi prochain contre l\u2019Olympique Rovenain.<\/p>\n","protected":false},"excerpt":{"rendered":"<p>Priv\u00e9s de victoire en championnat depuis le 28 septembre, les U19 de l\u2019AS Monaco ont mis fin \u00e0 une p\u00e9riode de disette qui a dur\u00e9 pr\u00e8s de quatre mois. Face \u00e0 Rodez, un concurrent direct pour le maintien, les hommes de Fr\u00e9d\u00e9ric Barilaro ont enregistr\u00e9 un succ\u00e8s (2-1) qui va leur faire beaucoup de bien [&#8230;]\n","protected":false},"author":2,"featured_media":0,"comment_status":"open","ping_status":"open","sticky":false,"template":"","format":"standard","meta":[],"categories":[6],"tags":[76,86,112],"yoast_head":"<!-- This site is optimized with the Yoast SEO plugin v19.8 - https:\/\/yoast.com\/wordpress\/plugins\/seo\/ -->\n<title>Avec plusieurs joueurs du Groupe \u00c9lite, les U19 gagnent enfin - La Diagonale<\/title>\n<meta name=\"robots\" content=\"index, follow, max-snippet:-1, max-image-preview:large, max-video-preview:-1\" \/>\n<link rel=\"canonical\" href=\"https:\/\/www.ladiagonale.net\/index.php\/2025\/01\/19\/avec-plusieurs-joueurs-du-groupe-elite-les-u19-gagnent-enfin\/\" \/>\n<meta property=\"og:locale\" content=\"fr_FR\" \/>\n<meta property=\"og:type\" content=\"article\" \/>\n<meta property=\"og:title\" content=\"Avec plusieurs joueurs du Groupe \u00c9lite, les U19 gagnent enfin - La Diagonale\" \/>\n<meta property=\"og:description\" content=\"Priv\u00e9s de victoire en championnat depuis le 28 septembre, les U19 de l\u2019AS Monaco ont mis fin \u00e0 une p\u00e9riode de disette qui a dur\u00e9 pr\u00e8s de quatre mois. Face \u00e0 Rodez, un concurrent direct pour le maintien, les hommes de Fr\u00e9d\u00e9ric Barilaro ont enregistr\u00e9 un succ\u00e8s (2-1) qui va leur faire beaucoup de bien [...]\" \/>\n<meta property=\"og:url\" content=\"https:\/\/www.ladiagonale.net\/index.php\/2025\/01\/19\/avec-plusieurs-joueurs-du-groupe-elite-les-u19-gagnent-enfin\/\" \/>\n<meta property=\"og:site_name\" content=\"La Diagonale\" \/>\n<meta property=\"article:published_time\" content=\"2025-01-19T17:58:45+00:00\" \/>\n<meta property=\"article:modified_time\" content=\"2025-01-19T18:02:38+00:00\" \/>\n<meta property=\"og:image\" content=\"https:\/\/www.ladiagonale.net\/wp-content\/uploads\/2024\/10\/tincres-bamba.png\" \/>\n\t<meta property=\"og:image:width\" content=\"1160\" \/>\n\t<meta property=\"og:image:height\" content=\"650\" \/>\n\t<meta property=\"og:image:type\" content=\"image\/png\" \/>\n<meta name=\"author\" content=\"Damien Dellerba\" \/>\n<meta name=\"twitter:card\" content=\"summary_large_image\" \/>\n<meta name=\"twitter:image\" content=\"https:\/\/www.ladiagonale.net\/wp-content\/uploads\/2024\/10\/tincres-bamba.png\" \/>\n<meta name=\"twitter:label1\" content=\"\u00c9crit par\" \/>\n\t<meta name=\"twitter:data1\" content=\"Damien Dellerba\" \/>\n\t<meta name=\"twitter:label2\" content=\"Dur\u00e9e de lecture estim\u00e9e\" \/>\n\t<meta name=\"twitter:data2\" content=\"2 minutes\" \/>\n<script type=\"application\/ld+json\" class=\"yoast-schema-graph\">{\"@context\":\"https:\/\/schema.org\",\"@graph\":[{\"@type\":\"WebPage\",\"@id\":\"https:\/\/www.ladiagonale.net\/index.php\/2025\/01\/19\/avec-plusieurs-joueurs-du-groupe-elite-les-u19-gagnent-enfin\/\",\"url\":\"https:\/\/www.ladiagonale.net\/index.php\/2025\/01\/19\/avec-plusieurs-joueurs-du-groupe-elite-les-u19-gagnent-enfin\/\",\"name\":\"Avec plusieurs joueurs du Groupe \u00c9lite, les U19 gagnent enfin - La Diagonale\",\"isPartOf\":{\"@id\":\"https:\/\/www.ladiagonale.net\/#website\"},\"datePublished\":\"2025-01-19T17:58:45+00:00\",\"dateModified\":\"2025-01-19T18:02:38+00:00\",\"author\":{\"@id\":\"https:\/\/www.ladiagonale.net\/#\/schema\/person\/79ff1e7b0853ed01b2aa26e64ad300bf\"},\"breadcrumb\":{\"@id\":\"https:\/\/www.ladiagonale.net\/index.php\/2025\/01\/19\/avec-plusieurs-joueurs-du-groupe-elite-les-u19-gagnent-enfin\/#breadcrumb\"},\"inLanguage\":\"fr-FR\",\"potentialAction\":[{\"@type\":\"ReadAction\",\"target\":[\"https:\/\/www.ladiagonale.net\/index.php\/2025\/01\/19\/avec-plusieurs-joueurs-du-groupe-elite-les-u19-gagnent-enfin\/\"]}]},{\"@type\":\"BreadcrumbList\",\"@id\":\"https:\/\/www.ladiagonale.net\/index.php\/2025\/01\/19\/avec-plusieurs-joueurs-du-groupe-elite-les-u19-gagnent-enfin\/#breadcrumb\",\"itemListElement\":[{\"@type\":\"ListItem\",\"position\":1,\"name\":\"Accueil\",\"item\":\"https:\/\/www.ladiagonale.net\/\"},{\"@type\":\"ListItem\",\"position\":2,\"name\":\"Avec plusieurs joueurs du Groupe \u00c9lite, les U19 gagnent enfin\"}]},{\"@type\":\"WebSite\",\"@id\":\"https:\/\/www.ladiagonale.net\/#website\",\"url\":\"https:\/\/www.ladiagonale.net\/\",\"name\":\"La Diagonale\",\"description\":\"Le site des supporters de l&#039;AS Monaco FC\",\"potentialAction\":[{\"@type\":\"SearchAction\",\"target\":{\"@type\":\"EntryPoint\",\"urlTemplate\":\"https:\/\/www.ladiagonale.net\/?s={search_term_string}\"},\"query-input\":\"required name=search_term_string\"}],\"inLanguage\":\"fr-FR\"},{\"@type\":\"Person\",\"@id\":\"https:\/\/www.ladiagonale.net\/#\/schema\/person\/79ff1e7b0853ed01b2aa26e64ad300bf\",\"name\":\"Damien Dellerba\",\"image\":{\"@type\":\"ImageObject\",\"inLanguage\":\"fr-FR\",\"@id\":\"https:\/\/www.ladiagonale.net\/#\/schema\/person\/image\/\",\"url\":\"https:\/\/secure.gravatar.com\/avatar\/c7850e06d3ff63cdbaee88b7fc16e2f0?s=96&d=mm&r=g\",\"contentUrl\":\"https:\/\/secure.gravatar.com\/avatar\/c7850e06d3ff63cdbaee88b7fc16e2f0?s=96&d=mm&r=g\",\"caption\":\"Damien Dellerba\"},\"url\":\"https:\/\/www.ladiagonale.net\/index.php\/author\/damien\/\"}]}<\/script>\n<!-- \/ Yoast SEO plugin. -->","yoast_head_json":{"title":"Avec plusieurs joueurs du Groupe \u00c9lite, les U19 gagnent enfin - La Diagonale","robots":{"index":"index","follow":"follow","max-snippet":"max-snippet:-1","max-image-preview":"max-image-preview:large","max-video-preview":"max-video-preview:-1"},"canonical":"https:\/\/www.ladiagonale.net\/index.php\/2025\/01\/19\/avec-plusieurs-joueurs-du-groupe-elite-les-u19-gagnent-enfin\/","og_locale":"fr_FR","og_type":"article","og_title":"Avec plusieurs joueurs du Groupe \u00c9lite, les U19 gagnent enfin - La Diagonale","og_description":"Priv\u00e9s de victoire en championnat depuis le 28 septembre, les U19 de l\u2019AS Monaco ont mis fin \u00e0 une p\u00e9riode de disette qui a dur\u00e9 pr\u00e8s de quatre mois. Face \u00e0 Rodez, un concurrent direct pour le maintien, les hommes de Fr\u00e9d\u00e9ric Barilaro ont enregistr\u00e9 un succ\u00e8s (2-1) qui va leur faire beaucoup de bien [...]","og_url":"https:\/\/www.ladiagonale.net\/index.php\/2025\/01\/19\/avec-plusieurs-joueurs-du-groupe-elite-les-u19-gagnent-enfin\/","og_site_name":"La Diagonale","article_published_time":"2025-01-19T17:58:45+00:00","article_modified_time":"2025-01-19T18:02:38+00:00","og_image":[{"width":1160,"height":650,"url":"https:\/\/www.ladiagonale.net\/wp-content\/uploads\/2024\/10\/tincres-bamba.png","type":"image\/png"}],"author":"Damien Dellerba","twitter_card":"summary_large_image","twitter_image":"https:\/\/www.ladiagonale.net\/wp-content\/uploads\/2024\/10\/tincres-bamba.png","twitter_misc":{"\u00c9crit par":"Damien Dellerba","Dur\u00e9e de lecture estim\u00e9e":"2 minutes"},"schema":{"@context":"https:\/\/schema.org","@graph":[{"@type":"WebPage","@id":"https:\/\/www.ladiagonale.net\/index.php\/2025\/01\/19\/avec-plusieurs-joueurs-du-groupe-elite-les-u19-gagnent-enfin\/","url":"https:\/\/www.ladiagonale.net\/index.php\/2025\/01\/19\/avec-plusieurs-joueurs-du-groupe-elite-les-u19-gagnent-enfin\/","name":"Avec plusieurs joueurs du Groupe \u00c9lite, les U19 gagnent enfin - La Diagonale","isPartOf":{"@id":"https:\/\/www.ladiagonale.net\/#website"},"datePublished":"2025-01-19T17:58:45+00:00","dateModified":"2025-01-19T18:02:38+00:00","author":{"@id":"https:\/\/www.ladiagonale.net\/#\/schema\/person\/79ff1e7b0853ed01b2aa26e64ad300bf"},"breadcrumb":{"@id":"https:\/\/www.ladiagonale.net\/index.php\/2025\/01\/19\/avec-plusieurs-joueurs-du-groupe-elite-les-u19-gagnent-enfin\/#breadcrumb"},"inLanguage":"fr-FR","potentialAction":[{"@type":"ReadAction","target":["https:\/\/www.ladiagonale.net\/index.php\/2025\/01\/19\/avec-plusieurs-joueurs-du-groupe-elite-les-u19-gagnent-enfin\/"]}]},{"@type":"BreadcrumbList","@id":"https:\/\/www.ladiagonale.net\/index.php\/2025\/01\/19\/avec-plusieurs-joueurs-du-groupe-elite-les-u19-gagnent-enfin\/#breadcrumb","itemListElement":[{"@type":"ListItem","position":1,"name":"Accueil","item":"https:\/\/www.ladiagonale.net\/"},{"@type":"ListItem","position":2,"name":"Avec plusieurs joueurs du Groupe \u00c9lite, les U19 gagnent enfin"}]},{"@type":"WebSite","@id":"https:\/\/www.ladiagonale.net\/#website","url":"https:\/\/www.ladiagonale.net\/","name":"La Diagonale","description":"Le site des supporters de l&#039;AS Monaco FC","potentialAction":[{"@type":"SearchAction","target":{"@type":"EntryPoint","urlTemplate":"https:\/\/www.ladiagonale.net\/?s={search_term_string}"},"query-input":"required name=search_term_string"}],"inLanguage":"fr-FR"},{"@type":"Person","@id":"https:\/\/www.ladiagonale.net\/#\/schema\/person\/79ff1e7b0853ed01b2aa26e64ad300bf","name":"Damien Dellerba","image":{"@type":"ImageObject","inLanguage":"fr-FR","@id":"https:\/\/www.ladiagonale.net\/#\/schema\/person\/image\/","url":"https:\/\/secure.gravatar.com\/avatar\/c7850e06d3ff63cdbaee88b7fc16e2f0?s=96&d=mm&r=g","contentUrl":"https:\/\/secure.gravatar.com\/avatar\/c7850e06d3ff63cdbaee88b7fc16e2f0?s=96&d=mm&r=g","caption":"Damien Dellerba"},"url":"https:\/\/www.ladiagonale.net\/index.php\/author\/damien\/"}]}},"_links":{"self":[{"href":"https:\/\/www.ladiagonale.net\/index.php\/wp-json\/wp\/v2\/posts\/28991"}],"collection":[{"href":"https:\/\/www.ladiagonale.net\/index.php\/wp-json\/wp\/v2\/posts"}],"about":[{"href":"https:\/\/www.ladiagonale.net\/index.php\/wp-json\/wp\/v2\/types\/post"}],"author":[{"embeddable":true,"href":"https:\/\/www.ladiagonale.net\/index.php\/wp-json\/wp\/v2\/users\/2"}],"replies":[{"embeddable":true,"href":"https:\/\/www.ladiagonale.net\/index.php\/wp-json\/wp\/v2\/comments?post=28991"}],"version-history":[{"count":4,"href":"https:\/\/www.ladiagonale.net\/index.php\/wp-json\/wp\/v2\/posts\/28991\/revisions"}],"predecessor-version":[{"id":28997,"href":"https:\/\/www.ladiagonale.net\/index.php\/wp-json\/wp\/v2\/posts\/28991\/revisions\/28997"}],"wp:attachment":[{"href":"https:\/\/www.ladiagonale.net\/index.php\/wp-json\/wp\/v2\/media?parent=28991"}],"wp:term":[{"taxonomy":"category","embeddable":true,"href":"https:\/\/www.ladiagonale.net\/index.php\/wp-json\/wp\/v2\/categories?post=28991"},{"taxonomy":"post_tag","embeddable":true,"href":"https:\/\/www.ladiagonale.net\/index.php\/wp-json\/wp\/v2\/tags?post=28991"}],"curies":[{"name":"wp","href":"https:\/\/api.w.org\/{rel}","templated":true}]}}