{"id":28998,"date":"2025-01-19T19:25:35","date_gmt":"2025-01-19T18:25:35","guid":{"rendered":"https:\/\/www.ladiagonale.net\/?p=28998"},"modified":"2025-01-19T21:12:17","modified_gmt":"2025-01-19T20:12:17","slug":"monaco-et-hull-city-tiendraient-un-accord-pour-matazo","status":"publish","type":"post","link":"https:\/\/www.ladiagonale.net\/index.php\/2025\/01\/19\/monaco-et-hull-city-tiendraient-un-accord-pour-matazo\/","title":{"rendered":"Monaco et Hull City tiendraient un accord pour Matazo"},"content":{"rendered":"\n\n\n<p>Eliot Matazo ne devrait plus \u00eatre un joueur de l\u2019AS Monaco pour tr\u00e8s longtemps. Le milieu de terrain de 22 ans pourrait signer prochainement \u00e0 Hull City, qui se serait entendu avec le club de la Principaut\u00e9 pour un transfert compris entre 2 et 2,5 millions d\u2019euros, annonce <em>L\u2019\u00c9quipe<\/em>. Le quotidien pr\u00e9cise que c\u2019est d\u00e9sormais au joueur de donner son accord pour s\u2019engager avec l&rsquo;actuel 21<sup>e<\/sup> de <em>Championship<\/em>.<\/p>\n\n\n\n<p>D&rsquo;apr\u00e8s Sacha Tavolieri, un contrat de quatre ans l&rsquo;attendrait. Matazo \u00e9tait \u00e9galement courtis\u00e9 par Nantes, qu&rsquo;il aurait bien voulu rejoindre, mais les dirigeants nantais n&rsquo;ont jamais r\u00e9ussi \u00e0 convaincre leurs homologues mon\u00e9gasques sur l&rsquo;indemnit\u00e9 de transfert et le Belge n&rsquo;a pas d&rsquo;autres options. Sous contrat jusqu\u2019en 2026, l\u2019international Espoirs n\u2019a jou\u00e9 que sept matches cette saison.<\/p>\n","protected":false},"excerpt":{"rendered":"<p>Eliot Matazo ne devrait plus \u00eatre un joueur de l\u2019AS Monaco pour tr\u00e8s longtemps. Le milieu de terrain de 22 ans pourrait signer prochainement \u00e0 Hull City, qui se serait entendu avec le club de la Principaut\u00e9 pour un transfert compris entre 2 et 2,5 millions d\u2019euros, annonce L\u2019\u00c9quipe. Le quotidien pr\u00e9cise que c\u2019est d\u00e9sormais [&#8230;]\n","protected":false},"author":2,"featured_media":0,"comment_status":"open","ping_status":"open","sticky":false,"template":"","format":"standard","meta":[],"categories":[6],"tags":[86,145,111,110],"yoast_head":"<!-- This site is optimized with the Yoast SEO plugin v19.8 - https:\/\/yoast.com\/wordpress\/plugins\/seo\/ -->\n<title>Monaco et Hull City tiendraient un accord pour Matazo - La Diagonale<\/title>\n<meta name=\"robots\" content=\"index, follow, max-snippet:-1, max-image-preview:large, max-video-preview:-1\" \/>\n<link rel=\"canonical\" href=\"https:\/\/www.ladiagonale.net\/index.php\/2025\/01\/19\/monaco-et-hull-city-tiendraient-un-accord-pour-matazo\/\" \/>\n<meta property=\"og:locale\" content=\"fr_FR\" \/>\n<meta property=\"og:type\" content=\"article\" \/>\n<meta property=\"og:title\" content=\"Monaco et Hull City tiendraient un accord pour Matazo - La Diagonale\" \/>\n<meta property=\"og:description\" content=\"Eliot Matazo ne devrait plus \u00eatre un joueur de l\u2019AS Monaco pour tr\u00e8s longtemps. Le milieu de terrain de 22 ans pourrait signer prochainement \u00e0 Hull City, qui se serait entendu avec le club de la Principaut\u00e9 pour un transfert compris entre 2 et 2,5 millions d\u2019euros, annonce L\u2019\u00c9quipe. Le quotidien pr\u00e9cise que c\u2019est d\u00e9sormais [...]\" \/>\n<meta property=\"og:url\" content=\"https:\/\/www.ladiagonale.net\/index.php\/2025\/01\/19\/monaco-et-hull-city-tiendraient-un-accord-pour-matazo\/\" \/>\n<meta property=\"og:site_name\" content=\"La Diagonale\" \/>\n<meta property=\"article:published_time\" content=\"2025-01-19T18:25:35+00:00\" \/>\n<meta property=\"article:modified_time\" content=\"2025-01-19T20:12:17+00:00\" \/>\n<meta property=\"og:image\" content=\"https:\/\/www.ladiagonale.net\/wp-content\/uploads\/2024\/12\/Matazo2.png\" \/>\n\t<meta property=\"og:image:width\" content=\"1160\" \/>\n\t<meta property=\"og:image:height\" content=\"650\" \/>\n\t<meta property=\"og:image:type\" content=\"image\/png\" \/>\n<meta name=\"author\" content=\"Damien Dellerba\" \/>\n<meta name=\"twitter:card\" content=\"summary_large_image\" \/>\n<meta name=\"twitter:image\" content=\"https:\/\/www.ladiagonale.net\/wp-content\/uploads\/2024\/12\/Matazo2.png\" \/>\n<meta name=\"twitter:label1\" content=\"\u00c9crit par\" \/>\n\t<meta name=\"twitter:data1\" content=\"Damien Dellerba\" \/>\n\t<meta name=\"twitter:label2\" content=\"Dur\u00e9e de lecture estim\u00e9e\" \/>\n\t<meta name=\"twitter:data2\" content=\"1 minute\" \/>\n<script type=\"application\/ld+json\" class=\"yoast-schema-graph\">{\"@context\":\"https:\/\/schema.org\",\"@graph\":[{\"@type\":\"WebPage\",\"@id\":\"https:\/\/www.ladiagonale.net\/index.php\/2025\/01\/19\/monaco-et-hull-city-tiendraient-un-accord-pour-matazo\/\",\"url\":\"https:\/\/www.ladiagonale.net\/index.php\/2025\/01\/19\/monaco-et-hull-city-tiendraient-un-accord-pour-matazo\/\",\"name\":\"Monaco et Hull City tiendraient un accord pour Matazo - La Diagonale\",\"isPartOf\":{\"@id\":\"https:\/\/www.ladiagonale.net\/#website\"},\"datePublished\":\"2025-01-19T18:25:35+00:00\",\"dateModified\":\"2025-01-19T20:12:17+00:00\",\"author\":{\"@id\":\"https:\/\/www.ladiagonale.net\/#\/schema\/person\/79ff1e7b0853ed01b2aa26e64ad300bf\"},\"breadcrumb\":{\"@id\":\"https:\/\/www.ladiagonale.net\/index.php\/2025\/01\/19\/monaco-et-hull-city-tiendraient-un-accord-pour-matazo\/#breadcrumb\"},\"inLanguage\":\"fr-FR\",\"potentialAction\":[{\"@type\":\"ReadAction\",\"target\":[\"https:\/\/www.ladiagonale.net\/index.php\/2025\/01\/19\/monaco-et-hull-city-tiendraient-un-accord-pour-matazo\/\"]}]},{\"@type\":\"BreadcrumbList\",\"@id\":\"https:\/\/www.ladiagonale.net\/index.php\/2025\/01\/19\/monaco-et-hull-city-tiendraient-un-accord-pour-matazo\/#breadcrumb\",\"itemListElement\":[{\"@type\":\"ListItem\",\"position\":1,\"name\":\"Accueil\",\"item\":\"https:\/\/www.ladiagonale.net\/\"},{\"@type\":\"ListItem\",\"position\":2,\"name\":\"Monaco et Hull City tiendraient un accord pour Matazo\"}]},{\"@type\":\"WebSite\",\"@id\":\"https:\/\/www.ladiagonale.net\/#website\",\"url\":\"https:\/\/www.ladiagonale.net\/\",\"name\":\"La Diagonale\",\"description\":\"Le site des supporters de l&#039;AS Monaco FC\",\"potentialAction\":[{\"@type\":\"SearchAction\",\"target\":{\"@type\":\"EntryPoint\",\"urlTemplate\":\"https:\/\/www.ladiagonale.net\/?s={search_term_string}\"},\"query-input\":\"required name=search_term_string\"}],\"inLanguage\":\"fr-FR\"},{\"@type\":\"Person\",\"@id\":\"https:\/\/www.ladiagonale.net\/#\/schema\/person\/79ff1e7b0853ed01b2aa26e64ad300bf\",\"name\":\"Damien Dellerba\",\"image\":{\"@type\":\"ImageObject\",\"inLanguage\":\"fr-FR\",\"@id\":\"https:\/\/www.ladiagonale.net\/#\/schema\/person\/image\/\",\"url\":\"https:\/\/secure.gravatar.com\/avatar\/c7850e06d3ff63cdbaee88b7fc16e2f0?s=96&d=mm&r=g\",\"contentUrl\":\"https:\/\/secure.gravatar.com\/avatar\/c7850e06d3ff63cdbaee88b7fc16e2f0?s=96&d=mm&r=g\",\"caption\":\"Damien Dellerba\"},\"url\":\"https:\/\/www.ladiagonale.net\/index.php\/author\/damien\/\"}]}<\/script>\n<!-- \/ Yoast SEO plugin. -->","yoast_head_json":{"title":"Monaco et Hull City tiendraient un accord pour Matazo - La Diagonale","robots":{"index":"index","follow":"follow","max-snippet":"max-snippet:-1","max-image-preview":"max-image-preview:large","max-video-preview":"max-video-preview:-1"},"canonical":"https:\/\/www.ladiagonale.net\/index.php\/2025\/01\/19\/monaco-et-hull-city-tiendraient-un-accord-pour-matazo\/","og_locale":"fr_FR","og_type":"article","og_title":"Monaco et Hull City tiendraient un accord pour Matazo - La Diagonale","og_description":"Eliot Matazo ne devrait plus \u00eatre un joueur de l\u2019AS Monaco pour tr\u00e8s longtemps. Le milieu de terrain de 22 ans pourrait signer prochainement \u00e0 Hull City, qui se serait entendu avec le club de la Principaut\u00e9 pour un transfert compris entre 2 et 2,5 millions d\u2019euros, annonce L\u2019\u00c9quipe. Le quotidien pr\u00e9cise que c\u2019est d\u00e9sormais [...]","og_url":"https:\/\/www.ladiagonale.net\/index.php\/2025\/01\/19\/monaco-et-hull-city-tiendraient-un-accord-pour-matazo\/","og_site_name":"La Diagonale","article_published_time":"2025-01-19T18:25:35+00:00","article_modified_time":"2025-01-19T20:12:17+00:00","og_image":[{"width":1160,"height":650,"url":"https:\/\/www.ladiagonale.net\/wp-content\/uploads\/2024\/12\/Matazo2.png","type":"image\/png"}],"author":"Damien Dellerba","twitter_card":"summary_large_image","twitter_image":"https:\/\/www.ladiagonale.net\/wp-content\/uploads\/2024\/12\/Matazo2.png","twitter_misc":{"\u00c9crit par":"Damien Dellerba","Dur\u00e9e de lecture estim\u00e9e":"1 minute"},"schema":{"@context":"https:\/\/schema.org","@graph":[{"@type":"WebPage","@id":"https:\/\/www.ladiagonale.net\/index.php\/2025\/01\/19\/monaco-et-hull-city-tiendraient-un-accord-pour-matazo\/","url":"https:\/\/www.ladiagonale.net\/index.php\/2025\/01\/19\/monaco-et-hull-city-tiendraient-un-accord-pour-matazo\/","name":"Monaco et Hull City tiendraient un accord pour Matazo - La Diagonale","isPartOf":{"@id":"https:\/\/www.ladiagonale.net\/#website"},"datePublished":"2025-01-19T18:25:35+00:00","dateModified":"2025-01-19T20:12:17+00:00","author":{"@id":"https:\/\/www.ladiagonale.net\/#\/schema\/person\/79ff1e7b0853ed01b2aa26e64ad300bf"},"breadcrumb":{"@id":"https:\/\/www.ladiagonale.net\/index.php\/2025\/01\/19\/monaco-et-hull-city-tiendraient-un-accord-pour-matazo\/#breadcrumb"},"inLanguage":"fr-FR","potentialAction":[{"@type":"ReadAction","target":["https:\/\/www.ladiagonale.net\/index.php\/2025\/01\/19\/monaco-et-hull-city-tiendraient-un-accord-pour-matazo\/"]}]},{"@type":"BreadcrumbList","@id":"https:\/\/www.ladiagonale.net\/index.php\/2025\/01\/19\/monaco-et-hull-city-tiendraient-un-accord-pour-matazo\/#breadcrumb","itemListElement":[{"@type":"ListItem","position":1,"name":"Accueil","item":"https:\/\/www.ladiagonale.net\/"},{"@type":"ListItem","position":2,"name":"Monaco et Hull City tiendraient un accord pour Matazo"}]},{"@type":"WebSite","@id":"https:\/\/www.ladiagonale.net\/#website","url":"https:\/\/www.ladiagonale.net\/","name":"La Diagonale","description":"Le site des supporters de l&#039;AS Monaco FC","potentialAction":[{"@type":"SearchAction","target":{"@type":"EntryPoint","urlTemplate":"https:\/\/www.ladiagonale.net\/?s={search_term_string}"},"query-input":"required name=search_term_string"}],"inLanguage":"fr-FR"},{"@type":"Person","@id":"https:\/\/www.ladiagonale.net\/#\/schema\/person\/79ff1e7b0853ed01b2aa26e64ad300bf","name":"Damien Dellerba","image":{"@type":"ImageObject","inLanguage":"fr-FR","@id":"https:\/\/www.ladiagonale.net\/#\/schema\/person\/image\/","url":"https:\/\/secure.gravatar.com\/avatar\/c7850e06d3ff63cdbaee88b7fc16e2f0?s=96&d=mm&r=g","contentUrl":"https:\/\/secure.gravatar.com\/avatar\/c7850e06d3ff63cdbaee88b7fc16e2f0?s=96&d=mm&r=g","caption":"Damien Dellerba"},"url":"https:\/\/www.ladiagonale.net\/index.php\/author\/damien\/"}]}},"_links":{"self":[{"href":"https:\/\/www.ladiagonale.net\/index.php\/wp-json\/wp\/v2\/posts\/28998"}],"collection":[{"href":"https:\/\/www.ladiagonale.net\/index.php\/wp-json\/wp\/v2\/posts"}],"about":[{"href":"https:\/\/www.ladiagonale.net\/index.php\/wp-json\/wp\/v2\/types\/post"}],"author":[{"embeddable":true,"href":"https:\/\/www.ladiagonale.net\/index.php\/wp-json\/wp\/v2\/users\/2"}],"replies":[{"embeddable":true,"href":"https:\/\/www.ladiagonale.net\/index.php\/wp-json\/wp\/v2\/comments?post=28998"}],"version-history":[{"count":3,"href":"https:\/\/www.ladiagonale.net\/index.php\/wp-json\/wp\/v2\/posts\/28998\/revisions"}],"predecessor-version":[{"id":29007,"href":"https:\/\/www.ladiagonale.net\/index.php\/wp-json\/wp\/v2\/posts\/28998\/revisions\/29007"}],"wp:attachment":[{"href":"https:\/\/www.ladiagonale.net\/index.php\/wp-json\/wp\/v2\/media?parent=28998"}],"wp:term":[{"taxonomy":"category","embeddable":true,"href":"https:\/\/www.ladiagonale.net\/index.php\/wp-json\/wp\/v2\/categories?post=28998"},{"taxonomy":"post_tag","embeddable":true,"href":"https:\/\/www.ladiagonale.net\/index.php\/wp-json\/wp\/v2\/tags?post=28998"}],"curies":[{"name":"wp","href":"https:\/\/api.w.org\/{rel}","templated":true}]}}