{"id":29004,"date":"2025-01-19T21:06:21","date_gmt":"2025-01-19T20:06:21","guid":{"rendered":"https:\/\/www.ladiagonale.net\/?p=29004"},"modified":"2025-01-19T21:06:21","modified_gmt":"2025-01-19T20:06:21","slug":"singo-et-zakaria-attendus-face-a-aston-villa","status":"publish","type":"post","link":"https:\/\/www.ladiagonale.net\/index.php\/2025\/01\/19\/singo-et-zakaria-attendus-face-a-aston-villa\/","title":{"rendered":"Singo et Zakaria attendus face \u00e0 Aston Villa"},"content":{"rendered":"\n\n\n<p>L\u2019AS Monaco devrait pouvoir compter sur Wilfried Singo et Denis Zakaria pour la rencontre de Ligue des champions face \u00e0 Aston Villa, mardi. Selon <em>L\u2019\u00c9quipe<\/em>, les deux joueurs se sont entra\u00een\u00e9s normalement ce dimanche et ont montr\u00e9 un \u00e9tat de forme rassurant pour envisager une participation \u00e0 ce match. <\/p>\n\n\n\n<p>Malade, Zakaria a manqu\u00e9 les deux matches de la semaine, contre Reims et Montpellier, tandis que Singo \u00e9tait sorti touch\u00e9 au dos en Coupe de France mardi. Deux retours qui devraient faire beaucoup de bien \u00e0 l&rsquo;ASM et qui pourraient l&rsquo;aider \u00e0 se sortir de la crise qu&rsquo;elle traverse. <\/p>\n","protected":false},"excerpt":{"rendered":"<p>L\u2019AS Monaco devrait pouvoir compter sur Wilfried Singo et Denis Zakaria pour la rencontre de Ligue des champions face \u00e0 Aston Villa, mardi. Selon L\u2019\u00c9quipe, les deux joueurs se sont entra\u00een\u00e9s normalement ce dimanche et ont montr\u00e9 un \u00e9tat de forme rassurant pour envisager une participation \u00e0 ce match. Malade, Zakaria a manqu\u00e9 les deux [&#8230;]\n","protected":false},"author":2,"featured_media":0,"comment_status":"open","ping_status":"open","sticky":false,"template":"","format":"standard","meta":[],"categories":[6],"tags":[86,631,287,665],"yoast_head":"<!-- This site is optimized with the Yoast SEO plugin v19.8 - https:\/\/yoast.com\/wordpress\/plugins\/seo\/ -->\n<title>Singo et Zakaria attendus face \u00e0 Aston Villa - La Diagonale<\/title>\n<meta name=\"robots\" content=\"index, follow, max-snippet:-1, max-image-preview:large, max-video-preview:-1\" \/>\n<link rel=\"canonical\" href=\"https:\/\/www.ladiagonale.net\/index.php\/2025\/01\/19\/singo-et-zakaria-attendus-face-a-aston-villa\/\" \/>\n<meta property=\"og:locale\" content=\"fr_FR\" \/>\n<meta property=\"og:type\" content=\"article\" \/>\n<meta property=\"og:title\" content=\"Singo et Zakaria attendus face \u00e0 Aston Villa - La Diagonale\" \/>\n<meta property=\"og:description\" content=\"L\u2019AS Monaco devrait pouvoir compter sur Wilfried Singo et Denis Zakaria pour la rencontre de Ligue des champions face \u00e0 Aston Villa, mardi. Selon L\u2019\u00c9quipe, les deux joueurs se sont entra\u00een\u00e9s normalement ce dimanche et ont montr\u00e9 un \u00e9tat de forme rassurant pour envisager une participation \u00e0 ce match. Malade, Zakaria a manqu\u00e9 les deux [...]\" \/>\n<meta property=\"og:url\" content=\"https:\/\/www.ladiagonale.net\/index.php\/2025\/01\/19\/singo-et-zakaria-attendus-face-a-aston-villa\/\" \/>\n<meta property=\"og:site_name\" content=\"La Diagonale\" \/>\n<meta property=\"article:published_time\" content=\"2025-01-19T20:06:21+00:00\" \/>\n<meta property=\"og:image\" content=\"https:\/\/www.ladiagonale.net\/wp-content\/uploads\/2024\/09\/zakaria.png\" \/>\n\t<meta property=\"og:image:width\" content=\"1160\" \/>\n\t<meta property=\"og:image:height\" content=\"650\" \/>\n\t<meta property=\"og:image:type\" content=\"image\/png\" \/>\n<meta name=\"author\" content=\"Damien Dellerba\" \/>\n<meta name=\"twitter:card\" content=\"summary_large_image\" \/>\n<meta name=\"twitter:image\" content=\"https:\/\/www.ladiagonale.net\/wp-content\/uploads\/2024\/09\/zakaria.png\" \/>\n<meta name=\"twitter:label1\" content=\"\u00c9crit par\" \/>\n\t<meta name=\"twitter:data1\" content=\"Damien Dellerba\" \/>\n\t<meta name=\"twitter:label2\" content=\"Dur\u00e9e de lecture estim\u00e9e\" \/>\n\t<meta name=\"twitter:data2\" content=\"1 minute\" \/>\n<script type=\"application\/ld+json\" class=\"yoast-schema-graph\">{\"@context\":\"https:\/\/schema.org\",\"@graph\":[{\"@type\":\"WebPage\",\"@id\":\"https:\/\/www.ladiagonale.net\/index.php\/2025\/01\/19\/singo-et-zakaria-attendus-face-a-aston-villa\/\",\"url\":\"https:\/\/www.ladiagonale.net\/index.php\/2025\/01\/19\/singo-et-zakaria-attendus-face-a-aston-villa\/\",\"name\":\"Singo et Zakaria attendus face \u00e0 Aston Villa - La Diagonale\",\"isPartOf\":{\"@id\":\"https:\/\/www.ladiagonale.net\/#website\"},\"datePublished\":\"2025-01-19T20:06:21+00:00\",\"dateModified\":\"2025-01-19T20:06:21+00:00\",\"author\":{\"@id\":\"https:\/\/www.ladiagonale.net\/#\/schema\/person\/79ff1e7b0853ed01b2aa26e64ad300bf\"},\"breadcrumb\":{\"@id\":\"https:\/\/www.ladiagonale.net\/index.php\/2025\/01\/19\/singo-et-zakaria-attendus-face-a-aston-villa\/#breadcrumb\"},\"inLanguage\":\"fr-FR\",\"potentialAction\":[{\"@type\":\"ReadAction\",\"target\":[\"https:\/\/www.ladiagonale.net\/index.php\/2025\/01\/19\/singo-et-zakaria-attendus-face-a-aston-villa\/\"]}]},{\"@type\":\"BreadcrumbList\",\"@id\":\"https:\/\/www.ladiagonale.net\/index.php\/2025\/01\/19\/singo-et-zakaria-attendus-face-a-aston-villa\/#breadcrumb\",\"itemListElement\":[{\"@type\":\"ListItem\",\"position\":1,\"name\":\"Accueil\",\"item\":\"https:\/\/www.ladiagonale.net\/\"},{\"@type\":\"ListItem\",\"position\":2,\"name\":\"Singo et Zakaria attendus face \u00e0 Aston Villa\"}]},{\"@type\":\"WebSite\",\"@id\":\"https:\/\/www.ladiagonale.net\/#website\",\"url\":\"https:\/\/www.ladiagonale.net\/\",\"name\":\"La Diagonale\",\"description\":\"Le site des supporters de l&#039;AS Monaco FC\",\"potentialAction\":[{\"@type\":\"SearchAction\",\"target\":{\"@type\":\"EntryPoint\",\"urlTemplate\":\"https:\/\/www.ladiagonale.net\/?s={search_term_string}\"},\"query-input\":\"required name=search_term_string\"}],\"inLanguage\":\"fr-FR\"},{\"@type\":\"Person\",\"@id\":\"https:\/\/www.ladiagonale.net\/#\/schema\/person\/79ff1e7b0853ed01b2aa26e64ad300bf\",\"name\":\"Damien Dellerba\",\"image\":{\"@type\":\"ImageObject\",\"inLanguage\":\"fr-FR\",\"@id\":\"https:\/\/www.ladiagonale.net\/#\/schema\/person\/image\/\",\"url\":\"https:\/\/secure.gravatar.com\/avatar\/c7850e06d3ff63cdbaee88b7fc16e2f0?s=96&d=mm&r=g\",\"contentUrl\":\"https:\/\/secure.gravatar.com\/avatar\/c7850e06d3ff63cdbaee88b7fc16e2f0?s=96&d=mm&r=g\",\"caption\":\"Damien Dellerba\"},\"url\":\"https:\/\/www.ladiagonale.net\/index.php\/author\/damien\/\"}]}<\/script>\n<!-- \/ Yoast SEO plugin. -->","yoast_head_json":{"title":"Singo et Zakaria attendus face \u00e0 Aston Villa - La Diagonale","robots":{"index":"index","follow":"follow","max-snippet":"max-snippet:-1","max-image-preview":"max-image-preview:large","max-video-preview":"max-video-preview:-1"},"canonical":"https:\/\/www.ladiagonale.net\/index.php\/2025\/01\/19\/singo-et-zakaria-attendus-face-a-aston-villa\/","og_locale":"fr_FR","og_type":"article","og_title":"Singo et Zakaria attendus face \u00e0 Aston Villa - La Diagonale","og_description":"L\u2019AS Monaco devrait pouvoir compter sur Wilfried Singo et Denis Zakaria pour la rencontre de Ligue des champions face \u00e0 Aston Villa, mardi. Selon L\u2019\u00c9quipe, les deux joueurs se sont entra\u00een\u00e9s normalement ce dimanche et ont montr\u00e9 un \u00e9tat de forme rassurant pour envisager une participation \u00e0 ce match. Malade, Zakaria a manqu\u00e9 les deux [...]","og_url":"https:\/\/www.ladiagonale.net\/index.php\/2025\/01\/19\/singo-et-zakaria-attendus-face-a-aston-villa\/","og_site_name":"La Diagonale","article_published_time":"2025-01-19T20:06:21+00:00","og_image":[{"width":1160,"height":650,"url":"https:\/\/www.ladiagonale.net\/wp-content\/uploads\/2024\/09\/zakaria.png","type":"image\/png"}],"author":"Damien Dellerba","twitter_card":"summary_large_image","twitter_image":"https:\/\/www.ladiagonale.net\/wp-content\/uploads\/2024\/09\/zakaria.png","twitter_misc":{"\u00c9crit par":"Damien Dellerba","Dur\u00e9e de lecture estim\u00e9e":"1 minute"},"schema":{"@context":"https:\/\/schema.org","@graph":[{"@type":"WebPage","@id":"https:\/\/www.ladiagonale.net\/index.php\/2025\/01\/19\/singo-et-zakaria-attendus-face-a-aston-villa\/","url":"https:\/\/www.ladiagonale.net\/index.php\/2025\/01\/19\/singo-et-zakaria-attendus-face-a-aston-villa\/","name":"Singo et Zakaria attendus face \u00e0 Aston Villa - La Diagonale","isPartOf":{"@id":"https:\/\/www.ladiagonale.net\/#website"},"datePublished":"2025-01-19T20:06:21+00:00","dateModified":"2025-01-19T20:06:21+00:00","author":{"@id":"https:\/\/www.ladiagonale.net\/#\/schema\/person\/79ff1e7b0853ed01b2aa26e64ad300bf"},"breadcrumb":{"@id":"https:\/\/www.ladiagonale.net\/index.php\/2025\/01\/19\/singo-et-zakaria-attendus-face-a-aston-villa\/#breadcrumb"},"inLanguage":"fr-FR","potentialAction":[{"@type":"ReadAction","target":["https:\/\/www.ladiagonale.net\/index.php\/2025\/01\/19\/singo-et-zakaria-attendus-face-a-aston-villa\/"]}]},{"@type":"BreadcrumbList","@id":"https:\/\/www.ladiagonale.net\/index.php\/2025\/01\/19\/singo-et-zakaria-attendus-face-a-aston-villa\/#breadcrumb","itemListElement":[{"@type":"ListItem","position":1,"name":"Accueil","item":"https:\/\/www.ladiagonale.net\/"},{"@type":"ListItem","position":2,"name":"Singo et Zakaria attendus face \u00e0 Aston Villa"}]},{"@type":"WebSite","@id":"https:\/\/www.ladiagonale.net\/#website","url":"https:\/\/www.ladiagonale.net\/","name":"La Diagonale","description":"Le site des supporters de l&#039;AS Monaco FC","potentialAction":[{"@type":"SearchAction","target":{"@type":"EntryPoint","urlTemplate":"https:\/\/www.ladiagonale.net\/?s={search_term_string}"},"query-input":"required name=search_term_string"}],"inLanguage":"fr-FR"},{"@type":"Person","@id":"https:\/\/www.ladiagonale.net\/#\/schema\/person\/79ff1e7b0853ed01b2aa26e64ad300bf","name":"Damien Dellerba","image":{"@type":"ImageObject","inLanguage":"fr-FR","@id":"https:\/\/www.ladiagonale.net\/#\/schema\/person\/image\/","url":"https:\/\/secure.gravatar.com\/avatar\/c7850e06d3ff63cdbaee88b7fc16e2f0?s=96&d=mm&r=g","contentUrl":"https:\/\/secure.gravatar.com\/avatar\/c7850e06d3ff63cdbaee88b7fc16e2f0?s=96&d=mm&r=g","caption":"Damien Dellerba"},"url":"https:\/\/www.ladiagonale.net\/index.php\/author\/damien\/"}]}},"_links":{"self":[{"href":"https:\/\/www.ladiagonale.net\/index.php\/wp-json\/wp\/v2\/posts\/29004"}],"collection":[{"href":"https:\/\/www.ladiagonale.net\/index.php\/wp-json\/wp\/v2\/posts"}],"about":[{"href":"https:\/\/www.ladiagonale.net\/index.php\/wp-json\/wp\/v2\/types\/post"}],"author":[{"embeddable":true,"href":"https:\/\/www.ladiagonale.net\/index.php\/wp-json\/wp\/v2\/users\/2"}],"replies":[{"embeddable":true,"href":"https:\/\/www.ladiagonale.net\/index.php\/wp-json\/wp\/v2\/comments?post=29004"}],"version-history":[{"count":1,"href":"https:\/\/www.ladiagonale.net\/index.php\/wp-json\/wp\/v2\/posts\/29004\/revisions"}],"predecessor-version":[{"id":29005,"href":"https:\/\/www.ladiagonale.net\/index.php\/wp-json\/wp\/v2\/posts\/29004\/revisions\/29005"}],"wp:attachment":[{"href":"https:\/\/www.ladiagonale.net\/index.php\/wp-json\/wp\/v2\/media?parent=29004"}],"wp:term":[{"taxonomy":"category","embeddable":true,"href":"https:\/\/www.ladiagonale.net\/index.php\/wp-json\/wp\/v2\/categories?post=29004"},{"taxonomy":"post_tag","embeddable":true,"href":"https:\/\/www.ladiagonale.net\/index.php\/wp-json\/wp\/v2\/tags?post=29004"}],"curies":[{"name":"wp","href":"https:\/\/api.w.org\/{rel}","templated":true}]}}