{"id":29015,"date":"2025-01-20T19:44:28","date_gmt":"2025-01-20T18:44:28","guid":{"rendered":"https:\/\/www.ladiagonale.net\/?p=29015"},"modified":"2025-01-20T21:48:03","modified_gmt":"2025-01-20T20:48:03","slug":"hutter-nous-ne-sommes-pas-une-equipe-italienne","status":"publish","type":"post","link":"https:\/\/www.ladiagonale.net\/index.php\/2025\/01\/20\/hutter-nous-ne-sommes-pas-une-equipe-italienne\/","title":{"rendered":"H\u00fctter : \u00ab\u00a0Nous ne sommes pas une \u00e9quipe italienne\u00a0\u00bb"},"content":{"rendered":"\n\n\n<p>\u00c0 la veille d\u2019un match d\u00e9cisif pour la Ligue des champions, contre Aston Villa, Adi H\u00fctter \u00e9tait en conf\u00e9rence de presse. L\u2019entra\u00eeneur de l\u2019AS Monaco a convenu qu\u2019il s\u2019agissait d\u2019un match \u00ab&nbsp;<em>tr\u00e8s important, le dernier \u00e0 domicile en Ligue des Champions.&nbsp;<\/em>\u00bb L\u2019Autrichien a la volont\u00e9 de voir son \u00e9quipe retrouver de la vigueur :&nbsp;\u00ab&nbsp;<em>Nous voulons donc montrer que nous sommes de retour, mais aussi prouver \u00e0 nos supporters que nous voulons nous battre sur chaque action et jouer vers l\u2019avant en montrant notre philosophie de jeu.&nbsp;<\/em>\u00bb<\/p>\n\n\n\n<p>M\u00eame si Monaco est dans une position un peu d\u00e9licate, il n\u2019y aura pas de calcul, car ce n\u2019est pas sa mentalit\u00e9 : \u00ab&nbsp;<em>Nous ne sommes pas une \u00e9quipe italienne \u00e0 vouloir g\u00e9rer un r\u00e9sultat et aller chercher un nul. Nous voulons au contraire jouer de l\u2019avant, et cela a plus de sens selon moi de ne pas trahir nos principes et de tout faire pour faire pour bien d\u00e9fendre, certes, mais aussi de jouer pour gagner, car c\u2019est dans notre ADN ! C\u2019est notre approche du football, m\u00eame s\u2019il est \u00e9vident qu\u2019\u00e0 quelques minutes de la fin, si nous avons le nul en mains, nous serons satisfaits.<\/em>&nbsp;\u00bb<\/p>\n\n\n\n<blockquote class=\"wp-block-quote\"><p>\u00ab&nbsp;Je crois en mon groupe&nbsp;\u00bb<\/p><\/blockquote>\n\n\n\n<p>Mais c\u2019est surtout la mauvaise dynamique de l\u2019ASM qu\u2019il faut inverser : \u00ab&nbsp;<em>Tout le monde peut constater qu\u2019en ce moment nous rencontrons des difficult\u00e9s, notamment en raison des erreurs individuelles qui se r\u00e9p\u00e8tent. C\u2019est parfois difficile de trouver une explication \u00e0 cela, car cela ne d\u00e9pend pas de notre organisation mais plut\u00f4t d\u2019approximations techniques ou simplement de grosses erreurs. (\u2026) Il est \u00e9vident que nous sommes dans une situation difficile, mais je suis malgr\u00e9 tout content de l\u2019\u00e9quipe que j\u2019ai \u00e0 disposition.<\/em>&nbsp;\u00bb<\/p>\n\n\n\n<p>H\u00fctter tient \u00e0 prot\u00e9ger ses joueurs malgr\u00e9 les r\u00e9sultats catastrophiques des derniers mois : \u00ab\u00a0<em>En ce moment, nous sommes toujours proches de l\u2019emporter, et avons les occasions pour gagner. En d\u00e9but de saison c\u2019\u00e9tait l\u2019inverse, tout ou presque paraissait tr\u00e8s simple et nous r\u00e9ussissait. Nous sommes sur une mauvaise s\u00e9rie, mais je n\u2019ai jamais critiqu\u00e9 mon \u00e9quipe, car je suis l\u00e0 pour prot\u00e9ger mes joueurs. Je prends mes responsabilit\u00e9s en tant que coach, pour nous sortir de cette situation. Nous verrons en fin de saison \u00e0 quelle place nous terminerons, car lors du dernier exercice, c\u2019\u00e9tait \u00e0 peu pr\u00e8s le m\u00eame sc\u00e9nario. Ce qui est certain en tout cas, c\u2019est que je crois en mon groupe !<\/em>\u00a0\u00bb<\/p>\n\n\n\n<blockquote class=\"wp-block-quote\"><p>\u00ab&nbsp;Youri Tielemans est le poumon d\u2019Aston Villa&nbsp;\u00bb<\/p><\/blockquote>\n\n\n\n<p>L\u2019Autrichien a aussi \u00e9voqu\u00e9 le prochain adversaire, Aston Villa, o\u00f9 \u00e9volue un ancien Mon\u00e9gasque, Youri Tielemans : \u00ab&nbsp;<em>Nous allons affronter une \u00e9quipe de Premier League qui est stabilis\u00e9e dans le haut du classement ces derni\u00e8res saisons. Et m\u00eame si Arsenal \u00e9tait la meilleure \u00e9quipe ce week-end, ils ont r\u00e9ussi \u00e0 accrocher un nul en marquant deux beaux buts. Ils ont aussi un bon tr\u00e8s bon coach en la personne d\u2019Unai Emery. Et puis ils ont de bons joueurs, que ce soit Martinez qui est un gardien fantastique, Rogers qui est un super num\u00e9ro 10, Duran et Watkins en attaque, mais aussi Youri Tielemans, le poumon de cette \u00e9quipe.<\/em>&nbsp;\u00bb<\/p>\n\n\n\n<p class=\"has-text-align-right has-small-font-size\">Source : <em>AS Monaco<\/em><\/p>\n","protected":false},"excerpt":{"rendered":"<p>\u00c0 la veille d\u2019un match d\u00e9cisif pour la Ligue des champions, contre Aston Villa, Adi H\u00fctter \u00e9tait en conf\u00e9rence de presse. L\u2019entra\u00eeneur de l\u2019AS Monaco a convenu qu\u2019il s\u2019agissait d\u2019un match \u00ab&nbsp;tr\u00e8s important, le dernier \u00e0 domicile en Ligue des Champions.&nbsp;\u00bb L\u2019Autrichien a la volont\u00e9 de voir son \u00e9quipe retrouver de la vigueur :&nbsp;\u00ab&nbsp;Nous voulons [&#8230;]\n","protected":false},"author":2,"featured_media":0,"comment_status":"open","ping_status":"open","sticky":false,"template":"","format":"standard","meta":[],"categories":[6],"tags":[576,86,287,975],"yoast_head":"<!-- This site is optimized with the Yoast SEO plugin v19.8 - https:\/\/yoast.com\/wordpress\/plugins\/seo\/ -->\n<title>H\u00fctter : \u00ab\u00a0Nous ne sommes pas une \u00e9quipe italienne\u00a0\u00bb - La Diagonale<\/title>\n<meta name=\"robots\" content=\"index, follow, max-snippet:-1, max-image-preview:large, max-video-preview:-1\" \/>\n<link rel=\"canonical\" href=\"https:\/\/www.ladiagonale.net\/index.php\/2025\/01\/20\/hutter-nous-ne-sommes-pas-une-equipe-italienne\/\" \/>\n<meta property=\"og:locale\" content=\"fr_FR\" \/>\n<meta property=\"og:type\" content=\"article\" \/>\n<meta property=\"og:title\" content=\"H\u00fctter : \u00ab\u00a0Nous ne sommes pas une \u00e9quipe italienne\u00a0\u00bb - La Diagonale\" \/>\n<meta property=\"og:description\" content=\"\u00c0 la veille d\u2019un match d\u00e9cisif pour la Ligue des champions, contre Aston Villa, Adi H\u00fctter \u00e9tait en conf\u00e9rence de presse. L\u2019entra\u00eeneur de l\u2019AS Monaco a convenu qu\u2019il s\u2019agissait d\u2019un match \u00ab&nbsp;tr\u00e8s important, le dernier \u00e0 domicile en Ligue des Champions.&nbsp;\u00bb L\u2019Autrichien a la volont\u00e9 de voir son \u00e9quipe retrouver de la vigueur :&nbsp;\u00ab&nbsp;Nous voulons [...]\" \/>\n<meta property=\"og:url\" content=\"https:\/\/www.ladiagonale.net\/index.php\/2025\/01\/20\/hutter-nous-ne-sommes-pas-une-equipe-italienne\/\" \/>\n<meta property=\"og:site_name\" content=\"La Diagonale\" \/>\n<meta property=\"article:published_time\" content=\"2025-01-20T18:44:28+00:00\" \/>\n<meta property=\"article:modified_time\" content=\"2025-01-20T20:48:03+00:00\" \/>\n<meta property=\"og:image\" content=\"https:\/\/www.ladiagonale.net\/wp-content\/uploads\/2024\/12\/Hutterldcconf.png\" \/>\n\t<meta property=\"og:image:width\" content=\"1160\" \/>\n\t<meta property=\"og:image:height\" content=\"650\" \/>\n\t<meta property=\"og:image:type\" content=\"image\/png\" \/>\n<meta name=\"author\" content=\"Damien Dellerba\" \/>\n<meta name=\"twitter:card\" content=\"summary_large_image\" \/>\n<meta name=\"twitter:image\" content=\"https:\/\/www.ladiagonale.net\/wp-content\/uploads\/2024\/12\/Hutterldcconf.png\" \/>\n<meta name=\"twitter:label1\" content=\"\u00c9crit par\" \/>\n\t<meta name=\"twitter:data1\" content=\"Damien Dellerba\" \/>\n\t<meta name=\"twitter:label2\" content=\"Dur\u00e9e de lecture estim\u00e9e\" \/>\n\t<meta name=\"twitter:data2\" content=\"3 minutes\" \/>\n<script type=\"application\/ld+json\" class=\"yoast-schema-graph\">{\"@context\":\"https:\/\/schema.org\",\"@graph\":[{\"@type\":\"WebPage\",\"@id\":\"https:\/\/www.ladiagonale.net\/index.php\/2025\/01\/20\/hutter-nous-ne-sommes-pas-une-equipe-italienne\/\",\"url\":\"https:\/\/www.ladiagonale.net\/index.php\/2025\/01\/20\/hutter-nous-ne-sommes-pas-une-equipe-italienne\/\",\"name\":\"H\u00fctter : \u00ab\u00a0Nous ne sommes pas une \u00e9quipe italienne\u00a0\u00bb - La Diagonale\",\"isPartOf\":{\"@id\":\"https:\/\/www.ladiagonale.net\/#website\"},\"datePublished\":\"2025-01-20T18:44:28+00:00\",\"dateModified\":\"2025-01-20T20:48:03+00:00\",\"author\":{\"@id\":\"https:\/\/www.ladiagonale.net\/#\/schema\/person\/79ff1e7b0853ed01b2aa26e64ad300bf\"},\"breadcrumb\":{\"@id\":\"https:\/\/www.ladiagonale.net\/index.php\/2025\/01\/20\/hutter-nous-ne-sommes-pas-une-equipe-italienne\/#breadcrumb\"},\"inLanguage\":\"fr-FR\",\"potentialAction\":[{\"@type\":\"ReadAction\",\"target\":[\"https:\/\/www.ladiagonale.net\/index.php\/2025\/01\/20\/hutter-nous-ne-sommes-pas-une-equipe-italienne\/\"]}]},{\"@type\":\"BreadcrumbList\",\"@id\":\"https:\/\/www.ladiagonale.net\/index.php\/2025\/01\/20\/hutter-nous-ne-sommes-pas-une-equipe-italienne\/#breadcrumb\",\"itemListElement\":[{\"@type\":\"ListItem\",\"position\":1,\"name\":\"Accueil\",\"item\":\"https:\/\/www.ladiagonale.net\/\"},{\"@type\":\"ListItem\",\"position\":2,\"name\":\"H\u00fctter : \u00ab\u00a0Nous ne sommes pas une \u00e9quipe italienne\u00a0\u00bb\"}]},{\"@type\":\"WebSite\",\"@id\":\"https:\/\/www.ladiagonale.net\/#website\",\"url\":\"https:\/\/www.ladiagonale.net\/\",\"name\":\"La Diagonale\",\"description\":\"Le site des supporters de l&#039;AS Monaco FC\",\"potentialAction\":[{\"@type\":\"SearchAction\",\"target\":{\"@type\":\"EntryPoint\",\"urlTemplate\":\"https:\/\/www.ladiagonale.net\/?s={search_term_string}\"},\"query-input\":\"required name=search_term_string\"}],\"inLanguage\":\"fr-FR\"},{\"@type\":\"Person\",\"@id\":\"https:\/\/www.ladiagonale.net\/#\/schema\/person\/79ff1e7b0853ed01b2aa26e64ad300bf\",\"name\":\"Damien Dellerba\",\"image\":{\"@type\":\"ImageObject\",\"inLanguage\":\"fr-FR\",\"@id\":\"https:\/\/www.ladiagonale.net\/#\/schema\/person\/image\/\",\"url\":\"https:\/\/secure.gravatar.com\/avatar\/c7850e06d3ff63cdbaee88b7fc16e2f0?s=96&d=mm&r=g\",\"contentUrl\":\"https:\/\/secure.gravatar.com\/avatar\/c7850e06d3ff63cdbaee88b7fc16e2f0?s=96&d=mm&r=g\",\"caption\":\"Damien Dellerba\"},\"url\":\"https:\/\/www.ladiagonale.net\/index.php\/author\/damien\/\"}]}<\/script>\n<!-- \/ Yoast SEO plugin. -->","yoast_head_json":{"title":"H\u00fctter : \u00ab\u00a0Nous ne sommes pas une \u00e9quipe italienne\u00a0\u00bb - La Diagonale","robots":{"index":"index","follow":"follow","max-snippet":"max-snippet:-1","max-image-preview":"max-image-preview:large","max-video-preview":"max-video-preview:-1"},"canonical":"https:\/\/www.ladiagonale.net\/index.php\/2025\/01\/20\/hutter-nous-ne-sommes-pas-une-equipe-italienne\/","og_locale":"fr_FR","og_type":"article","og_title":"H\u00fctter : \u00ab\u00a0Nous ne sommes pas une \u00e9quipe italienne\u00a0\u00bb - La Diagonale","og_description":"\u00c0 la veille d\u2019un match d\u00e9cisif pour la Ligue des champions, contre Aston Villa, Adi H\u00fctter \u00e9tait en conf\u00e9rence de presse. L\u2019entra\u00eeneur de l\u2019AS Monaco a convenu qu\u2019il s\u2019agissait d\u2019un match \u00ab&nbsp;tr\u00e8s important, le dernier \u00e0 domicile en Ligue des Champions.&nbsp;\u00bb L\u2019Autrichien a la volont\u00e9 de voir son \u00e9quipe retrouver de la vigueur :&nbsp;\u00ab&nbsp;Nous voulons [...]","og_url":"https:\/\/www.ladiagonale.net\/index.php\/2025\/01\/20\/hutter-nous-ne-sommes-pas-une-equipe-italienne\/","og_site_name":"La Diagonale","article_published_time":"2025-01-20T18:44:28+00:00","article_modified_time":"2025-01-20T20:48:03+00:00","og_image":[{"width":1160,"height":650,"url":"https:\/\/www.ladiagonale.net\/wp-content\/uploads\/2024\/12\/Hutterldcconf.png","type":"image\/png"}],"author":"Damien Dellerba","twitter_card":"summary_large_image","twitter_image":"https:\/\/www.ladiagonale.net\/wp-content\/uploads\/2024\/12\/Hutterldcconf.png","twitter_misc":{"\u00c9crit par":"Damien Dellerba","Dur\u00e9e de lecture estim\u00e9e":"3 minutes"},"schema":{"@context":"https:\/\/schema.org","@graph":[{"@type":"WebPage","@id":"https:\/\/www.ladiagonale.net\/index.php\/2025\/01\/20\/hutter-nous-ne-sommes-pas-une-equipe-italienne\/","url":"https:\/\/www.ladiagonale.net\/index.php\/2025\/01\/20\/hutter-nous-ne-sommes-pas-une-equipe-italienne\/","name":"H\u00fctter : \u00ab\u00a0Nous ne sommes pas une \u00e9quipe italienne\u00a0\u00bb - La Diagonale","isPartOf":{"@id":"https:\/\/www.ladiagonale.net\/#website"},"datePublished":"2025-01-20T18:44:28+00:00","dateModified":"2025-01-20T20:48:03+00:00","author":{"@id":"https:\/\/www.ladiagonale.net\/#\/schema\/person\/79ff1e7b0853ed01b2aa26e64ad300bf"},"breadcrumb":{"@id":"https:\/\/www.ladiagonale.net\/index.php\/2025\/01\/20\/hutter-nous-ne-sommes-pas-une-equipe-italienne\/#breadcrumb"},"inLanguage":"fr-FR","potentialAction":[{"@type":"ReadAction","target":["https:\/\/www.ladiagonale.net\/index.php\/2025\/01\/20\/hutter-nous-ne-sommes-pas-une-equipe-italienne\/"]}]},{"@type":"BreadcrumbList","@id":"https:\/\/www.ladiagonale.net\/index.php\/2025\/01\/20\/hutter-nous-ne-sommes-pas-une-equipe-italienne\/#breadcrumb","itemListElement":[{"@type":"ListItem","position":1,"name":"Accueil","item":"https:\/\/www.ladiagonale.net\/"},{"@type":"ListItem","position":2,"name":"H\u00fctter : \u00ab\u00a0Nous ne sommes pas une \u00e9quipe italienne\u00a0\u00bb"}]},{"@type":"WebSite","@id":"https:\/\/www.ladiagonale.net\/#website","url":"https:\/\/www.ladiagonale.net\/","name":"La Diagonale","description":"Le site des supporters de l&#039;AS Monaco FC","potentialAction":[{"@type":"SearchAction","target":{"@type":"EntryPoint","urlTemplate":"https:\/\/www.ladiagonale.net\/?s={search_term_string}"},"query-input":"required name=search_term_string"}],"inLanguage":"fr-FR"},{"@type":"Person","@id":"https:\/\/www.ladiagonale.net\/#\/schema\/person\/79ff1e7b0853ed01b2aa26e64ad300bf","name":"Damien Dellerba","image":{"@type":"ImageObject","inLanguage":"fr-FR","@id":"https:\/\/www.ladiagonale.net\/#\/schema\/person\/image\/","url":"https:\/\/secure.gravatar.com\/avatar\/c7850e06d3ff63cdbaee88b7fc16e2f0?s=96&d=mm&r=g","contentUrl":"https:\/\/secure.gravatar.com\/avatar\/c7850e06d3ff63cdbaee88b7fc16e2f0?s=96&d=mm&r=g","caption":"Damien Dellerba"},"url":"https:\/\/www.ladiagonale.net\/index.php\/author\/damien\/"}]}},"_links":{"self":[{"href":"https:\/\/www.ladiagonale.net\/index.php\/wp-json\/wp\/v2\/posts\/29015"}],"collection":[{"href":"https:\/\/www.ladiagonale.net\/index.php\/wp-json\/wp\/v2\/posts"}],"about":[{"href":"https:\/\/www.ladiagonale.net\/index.php\/wp-json\/wp\/v2\/types\/post"}],"author":[{"embeddable":true,"href":"https:\/\/www.ladiagonale.net\/index.php\/wp-json\/wp\/v2\/users\/2"}],"replies":[{"embeddable":true,"href":"https:\/\/www.ladiagonale.net\/index.php\/wp-json\/wp\/v2\/comments?post=29015"}],"version-history":[{"count":3,"href":"https:\/\/www.ladiagonale.net\/index.php\/wp-json\/wp\/v2\/posts\/29015\/revisions"}],"predecessor-version":[{"id":29022,"href":"https:\/\/www.ladiagonale.net\/index.php\/wp-json\/wp\/v2\/posts\/29015\/revisions\/29022"}],"wp:attachment":[{"href":"https:\/\/www.ladiagonale.net\/index.php\/wp-json\/wp\/v2\/media?parent=29015"}],"wp:term":[{"taxonomy":"category","embeddable":true,"href":"https:\/\/www.ladiagonale.net\/index.php\/wp-json\/wp\/v2\/categories?post=29015"},{"taxonomy":"post_tag","embeddable":true,"href":"https:\/\/www.ladiagonale.net\/index.php\/wp-json\/wp\/v2\/tags?post=29015"}],"curies":[{"name":"wp","href":"https:\/\/api.w.org\/{rel}","templated":true}]}}