{"id":29018,"date":"2025-01-20T19:56:10","date_gmt":"2025-01-20T18:56:10","guid":{"rendered":"https:\/\/www.ladiagonale.net\/?p=29018"},"modified":"2025-01-20T19:56:11","modified_gmt":"2025-01-20T18:56:11","slug":"le-groupe-monegasque-singo-et-zakaria-de-retour","status":"publish","type":"post","link":"https:\/\/www.ladiagonale.net\/index.php\/2025\/01\/20\/le-groupe-monegasque-singo-et-zakaria-de-retour\/","title":{"rendered":"Le groupe mon\u00e9gasque : Singo et Zakaria de retour"},"content":{"rendered":"\n\n\n<p>Le groupe mon\u00e9gasque pour d\u00e9fier Aston Villa mardi est tomb\u00e9. Wilfried Singo et Denis Zakaria effectuent leur retour. Kr\u00e9pin Diatta et Edan Diop, qui \u00e9taient pr\u00e9sents mardi dernier \u00e0 Reims en Coupe de France mais non retenus face \u00e0 Montpellier, sont dans ce groupe de 23 noms.<\/p>\n\n\n\n<p>La nouvelle recrue Mika Biereth, qui a d\u00e9j\u00e0 pris part \u00e0 la Ligue des champions et \u00e0 la phase de Ligue avec son ancien club du Sturm Graz, n&rsquo;est pas qualifi\u00e9e pour ce match. Il pourrait l&rsquo;\u00eatre \u00e0 partir des barrages, \u00e0 condition que l&rsquo;ASM se qualifie. Eliot Matazo, qui doit s&rsquo;engager avec Hull City, n&rsquo;est pas dans le groupe.<\/p>\n\n\n\n<h3>Le groupe mon\u00e9gasque<\/h3>\n\n\n\n<p><strong>Gardiens :\u00a0<\/strong>K\u00f6hn, Lienard, Majecki.<br><strong>D\u00e9fenseurs :\u00a0<\/strong>C. Henrique, Kehrer, Mawissa, Ouattara, Salisu, Singo, Teze, Vanderson.<br><strong>Milieux :\u00a0<\/strong>Akliouche, Ben Seghir, Bouabr\u00e9, Camara, Diatta, Diop, Golovin, Magassa, Minamino, Zakaria.<br><strong>Attaquants :\u00a0<\/strong>Embolo, Michal.<\/p>\n\n\n\n<p><em>Absents :\u00a0<\/em>Balogun, Ilenikhena (bless\u00e9s), Biereth (non qualifi\u00e9), Matazo (instance de d\u00e9part), Coulibaly (choix).<\/p>\n","protected":false},"excerpt":{"rendered":"<p>Le groupe mon\u00e9gasque pour d\u00e9fier Aston Villa mardi est tomb\u00e9. Wilfried Singo et Denis Zakaria effectuent leur retour. Kr\u00e9pin Diatta et Edan Diop, qui \u00e9taient pr\u00e9sents mardi dernier \u00e0 Reims en Coupe de France mais non retenus face \u00e0 Montpellier, sont dans ce groupe de 23 noms. La nouvelle recrue Mika Biereth, qui a d\u00e9j\u00e0 [&#8230;]\n","protected":false},"author":2,"featured_media":0,"comment_status":"open","ping_status":"open","sticky":false,"template":"","format":"standard","meta":[],"categories":[4,6],"tags":[86,225,287,975],"yoast_head":"<!-- This site is optimized with the Yoast SEO plugin v19.8 - https:\/\/yoast.com\/wordpress\/plugins\/seo\/ -->\n<title>Le groupe mon\u00e9gasque : Singo et Zakaria de retour - La Diagonale<\/title>\n<meta name=\"robots\" content=\"index, follow, max-snippet:-1, max-image-preview:large, max-video-preview:-1\" \/>\n<link rel=\"canonical\" href=\"https:\/\/www.ladiagonale.net\/index.php\/2025\/01\/20\/le-groupe-monegasque-singo-et-zakaria-de-retour\/\" \/>\n<meta property=\"og:locale\" content=\"fr_FR\" \/>\n<meta property=\"og:type\" content=\"article\" \/>\n<meta property=\"og:title\" content=\"Le groupe mon\u00e9gasque : Singo et Zakaria de retour - La Diagonale\" \/>\n<meta property=\"og:description\" content=\"Le groupe mon\u00e9gasque pour d\u00e9fier Aston Villa mardi est tomb\u00e9. Wilfried Singo et Denis Zakaria effectuent leur retour. Kr\u00e9pin Diatta et Edan Diop, qui \u00e9taient pr\u00e9sents mardi dernier \u00e0 Reims en Coupe de France mais non retenus face \u00e0 Montpellier, sont dans ce groupe de 23 noms. La nouvelle recrue Mika Biereth, qui a d\u00e9j\u00e0 [...]\" \/>\n<meta property=\"og:url\" content=\"https:\/\/www.ladiagonale.net\/index.php\/2025\/01\/20\/le-groupe-monegasque-singo-et-zakaria-de-retour\/\" \/>\n<meta property=\"og:site_name\" content=\"La Diagonale\" \/>\n<meta property=\"article:published_time\" content=\"2025-01-20T18:56:10+00:00\" \/>\n<meta property=\"article:modified_time\" content=\"2025-01-20T18:56:11+00:00\" \/>\n<meta property=\"og:image\" content=\"https:\/\/www.ladiagonale.net\/wp-content\/uploads\/2024\/09\/Singo-1.png\" \/>\n\t<meta property=\"og:image:width\" content=\"1160\" \/>\n\t<meta property=\"og:image:height\" content=\"650\" \/>\n\t<meta property=\"og:image:type\" content=\"image\/png\" \/>\n<meta name=\"author\" content=\"Damien Dellerba\" \/>\n<meta name=\"twitter:card\" content=\"summary_large_image\" \/>\n<meta name=\"twitter:image\" content=\"https:\/\/www.ladiagonale.net\/wp-content\/uploads\/2024\/09\/Singo-1.png\" \/>\n<meta name=\"twitter:label1\" content=\"\u00c9crit par\" \/>\n\t<meta name=\"twitter:data1\" content=\"Damien Dellerba\" \/>\n\t<meta name=\"twitter:label2\" content=\"Dur\u00e9e de lecture estim\u00e9e\" \/>\n\t<meta name=\"twitter:data2\" content=\"1 minute\" \/>\n<script type=\"application\/ld+json\" class=\"yoast-schema-graph\">{\"@context\":\"https:\/\/schema.org\",\"@graph\":[{\"@type\":\"WebPage\",\"@id\":\"https:\/\/www.ladiagonale.net\/index.php\/2025\/01\/20\/le-groupe-monegasque-singo-et-zakaria-de-retour\/\",\"url\":\"https:\/\/www.ladiagonale.net\/index.php\/2025\/01\/20\/le-groupe-monegasque-singo-et-zakaria-de-retour\/\",\"name\":\"Le groupe mon\u00e9gasque : Singo et Zakaria de retour - La Diagonale\",\"isPartOf\":{\"@id\":\"https:\/\/www.ladiagonale.net\/#website\"},\"datePublished\":\"2025-01-20T18:56:10+00:00\",\"dateModified\":\"2025-01-20T18:56:11+00:00\",\"author\":{\"@id\":\"https:\/\/www.ladiagonale.net\/#\/schema\/person\/79ff1e7b0853ed01b2aa26e64ad300bf\"},\"breadcrumb\":{\"@id\":\"https:\/\/www.ladiagonale.net\/index.php\/2025\/01\/20\/le-groupe-monegasque-singo-et-zakaria-de-retour\/#breadcrumb\"},\"inLanguage\":\"fr-FR\",\"potentialAction\":[{\"@type\":\"ReadAction\",\"target\":[\"https:\/\/www.ladiagonale.net\/index.php\/2025\/01\/20\/le-groupe-monegasque-singo-et-zakaria-de-retour\/\"]}]},{\"@type\":\"BreadcrumbList\",\"@id\":\"https:\/\/www.ladiagonale.net\/index.php\/2025\/01\/20\/le-groupe-monegasque-singo-et-zakaria-de-retour\/#breadcrumb\",\"itemListElement\":[{\"@type\":\"ListItem\",\"position\":1,\"name\":\"Accueil\",\"item\":\"https:\/\/www.ladiagonale.net\/\"},{\"@type\":\"ListItem\",\"position\":2,\"name\":\"Le groupe mon\u00e9gasque : Singo et Zakaria de retour\"}]},{\"@type\":\"WebSite\",\"@id\":\"https:\/\/www.ladiagonale.net\/#website\",\"url\":\"https:\/\/www.ladiagonale.net\/\",\"name\":\"La Diagonale\",\"description\":\"Le site des supporters de l&#039;AS Monaco FC\",\"potentialAction\":[{\"@type\":\"SearchAction\",\"target\":{\"@type\":\"EntryPoint\",\"urlTemplate\":\"https:\/\/www.ladiagonale.net\/?s={search_term_string}\"},\"query-input\":\"required name=search_term_string\"}],\"inLanguage\":\"fr-FR\"},{\"@type\":\"Person\",\"@id\":\"https:\/\/www.ladiagonale.net\/#\/schema\/person\/79ff1e7b0853ed01b2aa26e64ad300bf\",\"name\":\"Damien Dellerba\",\"image\":{\"@type\":\"ImageObject\",\"inLanguage\":\"fr-FR\",\"@id\":\"https:\/\/www.ladiagonale.net\/#\/schema\/person\/image\/\",\"url\":\"https:\/\/secure.gravatar.com\/avatar\/c7850e06d3ff63cdbaee88b7fc16e2f0?s=96&d=mm&r=g\",\"contentUrl\":\"https:\/\/secure.gravatar.com\/avatar\/c7850e06d3ff63cdbaee88b7fc16e2f0?s=96&d=mm&r=g\",\"caption\":\"Damien Dellerba\"},\"url\":\"https:\/\/www.ladiagonale.net\/index.php\/author\/damien\/\"}]}<\/script>\n<!-- \/ Yoast SEO plugin. -->","yoast_head_json":{"title":"Le groupe mon\u00e9gasque : Singo et Zakaria de retour - La Diagonale","robots":{"index":"index","follow":"follow","max-snippet":"max-snippet:-1","max-image-preview":"max-image-preview:large","max-video-preview":"max-video-preview:-1"},"canonical":"https:\/\/www.ladiagonale.net\/index.php\/2025\/01\/20\/le-groupe-monegasque-singo-et-zakaria-de-retour\/","og_locale":"fr_FR","og_type":"article","og_title":"Le groupe mon\u00e9gasque : Singo et Zakaria de retour - La Diagonale","og_description":"Le groupe mon\u00e9gasque pour d\u00e9fier Aston Villa mardi est tomb\u00e9. Wilfried Singo et Denis Zakaria effectuent leur retour. Kr\u00e9pin Diatta et Edan Diop, qui \u00e9taient pr\u00e9sents mardi dernier \u00e0 Reims en Coupe de France mais non retenus face \u00e0 Montpellier, sont dans ce groupe de 23 noms. La nouvelle recrue Mika Biereth, qui a d\u00e9j\u00e0 [...]","og_url":"https:\/\/www.ladiagonale.net\/index.php\/2025\/01\/20\/le-groupe-monegasque-singo-et-zakaria-de-retour\/","og_site_name":"La Diagonale","article_published_time":"2025-01-20T18:56:10+00:00","article_modified_time":"2025-01-20T18:56:11+00:00","og_image":[{"width":1160,"height":650,"url":"https:\/\/www.ladiagonale.net\/wp-content\/uploads\/2024\/09\/Singo-1.png","type":"image\/png"}],"author":"Damien Dellerba","twitter_card":"summary_large_image","twitter_image":"https:\/\/www.ladiagonale.net\/wp-content\/uploads\/2024\/09\/Singo-1.png","twitter_misc":{"\u00c9crit par":"Damien Dellerba","Dur\u00e9e de lecture estim\u00e9e":"1 minute"},"schema":{"@context":"https:\/\/schema.org","@graph":[{"@type":"WebPage","@id":"https:\/\/www.ladiagonale.net\/index.php\/2025\/01\/20\/le-groupe-monegasque-singo-et-zakaria-de-retour\/","url":"https:\/\/www.ladiagonale.net\/index.php\/2025\/01\/20\/le-groupe-monegasque-singo-et-zakaria-de-retour\/","name":"Le groupe mon\u00e9gasque : Singo et Zakaria de retour - La Diagonale","isPartOf":{"@id":"https:\/\/www.ladiagonale.net\/#website"},"datePublished":"2025-01-20T18:56:10+00:00","dateModified":"2025-01-20T18:56:11+00:00","author":{"@id":"https:\/\/www.ladiagonale.net\/#\/schema\/person\/79ff1e7b0853ed01b2aa26e64ad300bf"},"breadcrumb":{"@id":"https:\/\/www.ladiagonale.net\/index.php\/2025\/01\/20\/le-groupe-monegasque-singo-et-zakaria-de-retour\/#breadcrumb"},"inLanguage":"fr-FR","potentialAction":[{"@type":"ReadAction","target":["https:\/\/www.ladiagonale.net\/index.php\/2025\/01\/20\/le-groupe-monegasque-singo-et-zakaria-de-retour\/"]}]},{"@type":"BreadcrumbList","@id":"https:\/\/www.ladiagonale.net\/index.php\/2025\/01\/20\/le-groupe-monegasque-singo-et-zakaria-de-retour\/#breadcrumb","itemListElement":[{"@type":"ListItem","position":1,"name":"Accueil","item":"https:\/\/www.ladiagonale.net\/"},{"@type":"ListItem","position":2,"name":"Le groupe mon\u00e9gasque : Singo et Zakaria de retour"}]},{"@type":"WebSite","@id":"https:\/\/www.ladiagonale.net\/#website","url":"https:\/\/www.ladiagonale.net\/","name":"La Diagonale","description":"Le site des supporters de l&#039;AS Monaco FC","potentialAction":[{"@type":"SearchAction","target":{"@type":"EntryPoint","urlTemplate":"https:\/\/www.ladiagonale.net\/?s={search_term_string}"},"query-input":"required name=search_term_string"}],"inLanguage":"fr-FR"},{"@type":"Person","@id":"https:\/\/www.ladiagonale.net\/#\/schema\/person\/79ff1e7b0853ed01b2aa26e64ad300bf","name":"Damien Dellerba","image":{"@type":"ImageObject","inLanguage":"fr-FR","@id":"https:\/\/www.ladiagonale.net\/#\/schema\/person\/image\/","url":"https:\/\/secure.gravatar.com\/avatar\/c7850e06d3ff63cdbaee88b7fc16e2f0?s=96&d=mm&r=g","contentUrl":"https:\/\/secure.gravatar.com\/avatar\/c7850e06d3ff63cdbaee88b7fc16e2f0?s=96&d=mm&r=g","caption":"Damien Dellerba"},"url":"https:\/\/www.ladiagonale.net\/index.php\/author\/damien\/"}]}},"_links":{"self":[{"href":"https:\/\/www.ladiagonale.net\/index.php\/wp-json\/wp\/v2\/posts\/29018"}],"collection":[{"href":"https:\/\/www.ladiagonale.net\/index.php\/wp-json\/wp\/v2\/posts"}],"about":[{"href":"https:\/\/www.ladiagonale.net\/index.php\/wp-json\/wp\/v2\/types\/post"}],"author":[{"embeddable":true,"href":"https:\/\/www.ladiagonale.net\/index.php\/wp-json\/wp\/v2\/users\/2"}],"replies":[{"embeddable":true,"href":"https:\/\/www.ladiagonale.net\/index.php\/wp-json\/wp\/v2\/comments?post=29018"}],"version-history":[{"count":1,"href":"https:\/\/www.ladiagonale.net\/index.php\/wp-json\/wp\/v2\/posts\/29018\/revisions"}],"predecessor-version":[{"id":29019,"href":"https:\/\/www.ladiagonale.net\/index.php\/wp-json\/wp\/v2\/posts\/29018\/revisions\/29019"}],"wp:attachment":[{"href":"https:\/\/www.ladiagonale.net\/index.php\/wp-json\/wp\/v2\/media?parent=29018"}],"wp:term":[{"taxonomy":"category","embeddable":true,"href":"https:\/\/www.ladiagonale.net\/index.php\/wp-json\/wp\/v2\/categories?post=29018"},{"taxonomy":"post_tag","embeddable":true,"href":"https:\/\/www.ladiagonale.net\/index.php\/wp-json\/wp\/v2\/tags?post=29018"}],"curies":[{"name":"wp","href":"https:\/\/api.w.org\/{rel}","templated":true}]}}