{"id":29085,"date":"2025-01-22T01:59:27","date_gmt":"2025-01-22T00:59:27","guid":{"rendered":"https:\/\/www.ladiagonale.net\/?p=29085"},"modified":"2025-01-22T01:59:28","modified_gmt":"2025-01-22T00:59:28","slug":"hutter-lenergie-defensive-etait-presente","status":"publish","type":"post","link":"https:\/\/www.ladiagonale.net\/index.php\/2025\/01\/22\/hutter-lenergie-defensive-etait-presente\/","title":{"rendered":"H\u00fctter : \u00ab&nbsp;L\u2019\u00e9nergie d\u00e9fensive \u00e9tait pr\u00e9sente&nbsp;\u00bb"},"content":{"rendered":"\n<p>Apr\u00e8s la victoire de l\u2019AS Monaco sur Aston Villa, Adi H\u00fctter a fait \u00e9tat de sa satisfaction : \u00ab\u00a0<em>Il y a plusieurs choses qui me viennent \u00e0 l\u2019esprit. Tout d\u2019abord, je suis vraiment heureux de cette victoire. Malgr\u00e9 notre situation actuelle, je voudrais f\u00e9liciter mon \u00e9quipe pour sa performance et son courage parce que mes joueurs se sont battus du d\u00e9but \u00e0 la fin face \u00e0 une belle formation de Premier League. Nous avons \u00e0 pr\u00e9sent 13 points, l\u2019objectif des barrages est atteint, nous sommes donc tr\u00e8s contents de cela.<\/em>\u00a0\u00bb<\/p>\n\n\n\n<p>Pour l\u2019Autrichien, c\u2019est une victoire difficile mais m\u00e9rit\u00e9e, un peu \u00e0 la mani\u00e8re d\u2019une \u00e9quipe italienne : \u00ab\u00a0<em>J\u2019esp\u00e8re que cette victoire nous redonnera de la confiance. Contre Aston Villa, une \u00e9quipe qui n\u2019abandonne jamais \u00e0 l\u2019image du dernier match \u00e0 Arsenal, nous savions qu\u2019il fallait se battre et qu\u2019on allait souffrir, c\u2019est ce que l\u2019on a fait de mani\u00e8re fantastique. Pour un coach, c\u2019est une grosse satisfaction de voir cela. Je pense que l\u2019on m\u00e9rite de gagner parce que l\u2019\u00e9nergie d\u00e9fensive \u00e9tait pr\u00e9sente ce (mardi) soir, vous pouvez donc imaginer \u00e0 quel point je suis satisfait.<\/em>\u00a0\u00bb<\/p>\n\n\n\n<p>L\u2019entra\u00eeneur mon\u00e9gasque a salu\u00e9 les performances de plusieurs joueurs, \u00e0 commencer par Breel Embolo, auteur d\u2019un match tr\u00e8s convaincant : \u00ab\u00a0<em>Breel a accompli un match fantastique devant. Il s\u2019est beaucoup battu, a su montrer ses qualit\u00e9s et s\u2019est comport\u00e9 comme un leader sur le terrain. Cette victoire r\u00e9compense l\u2019\u00e9quipe dans sa globalit\u00e9 qui a su montrer un grand courage. Je peux aussi citer la belle performance de Wilfried Singo notamment pour son but, ou Radoslaw Majecki, qui a \u00e9t\u00e9 brillant dans sa surface. Il a r\u00e9alis\u00e9 un gros arr\u00eat devant Ollie Watkins. Cela nous donne de la confiance suppl\u00e9mentaire et montre que l\u2019on peut r\u00e9ussir \u00e0 se battre et remporter des matches malgr\u00e9 cette p\u00e9riode.<\/em>\u00a0\u00bb<\/p>\n\n\n\n<p>H\u00fctter s\u2019est projet\u00e9 sur les matches suivants et esp\u00e8re enclencher une nouvelle dynamique, positive cette fois : \u00ab\u00a0<em>Il faudra confirmer cela \u00e0 nouveau mais c\u2019est une belle soir\u00e9e europ\u00e9enne. Nous sommes qualifi\u00e9s pour les barrages, c\u2019\u00e9tait l\u2019objectif principal en d\u00e9but de saison. Nous allons nous rendre \u00e0 pr\u00e9sent sur la pelouse de l\u2019Inter Milan la semaine prochaine, on verra ce qui se passera au classement. En tout cas, on ira l\u00e0-bas pour faire de notre mieux et j\u2019esp\u00e8re que cette victoire nous donnera \u00e0 nouveau de la confiance. Avant \u00e7a, il ne faut pas oublier le match de championnat samedi contre Rennes, o\u00f9 nous souhaitons aussi rebondir.<\/em>\u00a0\u00bb<\/p>\n\n\n\n<p class=\"has-text-align-right has-small-font-size\">Source : <em>AS Monaco<\/em><\/p>\n\n\n","protected":false},"excerpt":{"rendered":"<p>Apr\u00e8s la victoire de l\u2019AS Monaco sur Aston Villa, Adi H\u00fctter a fait \u00e9tat de sa satisfaction : \u00ab\u00a0Il y a plusieurs choses qui me viennent \u00e0 l\u2019esprit. Tout d\u2019abord, je suis vraiment heureux de cette victoire. Malgr\u00e9 notre situation actuelle, je voudrais f\u00e9liciter mon \u00e9quipe pour sa performance et son courage parce que mes [&#8230;]\n","protected":false},"author":2,"featured_media":0,"comment_status":"open","ping_status":"open","sticky":false,"template":"","format":"standard","meta":[],"categories":[6],"tags":[576,86,287,975],"yoast_head":"<!-- This site is optimized with the Yoast SEO plugin v19.8 - https:\/\/yoast.com\/wordpress\/plugins\/seo\/ -->\n<title>H\u00fctter : \u00ab&nbsp;L\u2019\u00e9nergie d\u00e9fensive \u00e9tait pr\u00e9sente&nbsp;\u00bb - La Diagonale<\/title>\n<meta name=\"robots\" content=\"index, follow, max-snippet:-1, max-image-preview:large, max-video-preview:-1\" \/>\n<link rel=\"canonical\" href=\"https:\/\/www.ladiagonale.net\/index.php\/2025\/01\/22\/hutter-lenergie-defensive-etait-presente\/\" \/>\n<meta property=\"og:locale\" content=\"fr_FR\" \/>\n<meta property=\"og:type\" content=\"article\" \/>\n<meta property=\"og:title\" content=\"H\u00fctter : \u00ab&nbsp;L\u2019\u00e9nergie d\u00e9fensive \u00e9tait pr\u00e9sente&nbsp;\u00bb - La Diagonale\" \/>\n<meta property=\"og:description\" content=\"Apr\u00e8s la victoire de l\u2019AS Monaco sur Aston Villa, Adi H\u00fctter a fait \u00e9tat de sa satisfaction : \u00ab\u00a0Il y a plusieurs choses qui me viennent \u00e0 l\u2019esprit. Tout d\u2019abord, je suis vraiment heureux de cette victoire. Malgr\u00e9 notre situation actuelle, je voudrais f\u00e9liciter mon \u00e9quipe pour sa performance et son courage parce que mes [...]\" \/>\n<meta property=\"og:url\" content=\"https:\/\/www.ladiagonale.net\/index.php\/2025\/01\/22\/hutter-lenergie-defensive-etait-presente\/\" \/>\n<meta property=\"og:site_name\" content=\"La Diagonale\" \/>\n<meta property=\"article:published_time\" content=\"2025-01-22T00:59:27+00:00\" \/>\n<meta property=\"article:modified_time\" content=\"2025-01-22T00:59:28+00:00\" \/>\n<meta property=\"og:image\" content=\"https:\/\/www.ladiagonale.net\/wp-content\/uploads\/2024\/09\/Hu\u0308tter.png\" \/>\n\t<meta property=\"og:image:width\" content=\"1160\" \/>\n\t<meta property=\"og:image:height\" content=\"650\" \/>\n\t<meta property=\"og:image:type\" content=\"image\/png\" \/>\n<meta name=\"author\" content=\"Damien Dellerba\" \/>\n<meta name=\"twitter:card\" content=\"summary_large_image\" \/>\n<meta name=\"twitter:image\" content=\"https:\/\/www.ladiagonale.net\/wp-content\/uploads\/2024\/09\/Hu\u0308tter.png\" \/>\n<meta name=\"twitter:label1\" content=\"\u00c9crit par\" \/>\n\t<meta name=\"twitter:data1\" content=\"Damien Dellerba\" \/>\n\t<meta name=\"twitter:label2\" content=\"Dur\u00e9e de lecture estim\u00e9e\" \/>\n\t<meta name=\"twitter:data2\" content=\"3 minutes\" \/>\n<script type=\"application\/ld+json\" class=\"yoast-schema-graph\">{\"@context\":\"https:\/\/schema.org\",\"@graph\":[{\"@type\":\"WebPage\",\"@id\":\"https:\/\/www.ladiagonale.net\/index.php\/2025\/01\/22\/hutter-lenergie-defensive-etait-presente\/\",\"url\":\"https:\/\/www.ladiagonale.net\/index.php\/2025\/01\/22\/hutter-lenergie-defensive-etait-presente\/\",\"name\":\"H\u00fctter : \u00ab&nbsp;L\u2019\u00e9nergie d\u00e9fensive \u00e9tait pr\u00e9sente&nbsp;\u00bb - La Diagonale\",\"isPartOf\":{\"@id\":\"https:\/\/www.ladiagonale.net\/#website\"},\"datePublished\":\"2025-01-22T00:59:27+00:00\",\"dateModified\":\"2025-01-22T00:59:28+00:00\",\"author\":{\"@id\":\"https:\/\/www.ladiagonale.net\/#\/schema\/person\/79ff1e7b0853ed01b2aa26e64ad300bf\"},\"breadcrumb\":{\"@id\":\"https:\/\/www.ladiagonale.net\/index.php\/2025\/01\/22\/hutter-lenergie-defensive-etait-presente\/#breadcrumb\"},\"inLanguage\":\"fr-FR\",\"potentialAction\":[{\"@type\":\"ReadAction\",\"target\":[\"https:\/\/www.ladiagonale.net\/index.php\/2025\/01\/22\/hutter-lenergie-defensive-etait-presente\/\"]}]},{\"@type\":\"BreadcrumbList\",\"@id\":\"https:\/\/www.ladiagonale.net\/index.php\/2025\/01\/22\/hutter-lenergie-defensive-etait-presente\/#breadcrumb\",\"itemListElement\":[{\"@type\":\"ListItem\",\"position\":1,\"name\":\"Accueil\",\"item\":\"https:\/\/www.ladiagonale.net\/\"},{\"@type\":\"ListItem\",\"position\":2,\"name\":\"H\u00fctter : \u00ab&nbsp;L\u2019\u00e9nergie d\u00e9fensive \u00e9tait pr\u00e9sente&nbsp;\u00bb\"}]},{\"@type\":\"WebSite\",\"@id\":\"https:\/\/www.ladiagonale.net\/#website\",\"url\":\"https:\/\/www.ladiagonale.net\/\",\"name\":\"La Diagonale\",\"description\":\"Le site des supporters de l&#039;AS Monaco FC\",\"potentialAction\":[{\"@type\":\"SearchAction\",\"target\":{\"@type\":\"EntryPoint\",\"urlTemplate\":\"https:\/\/www.ladiagonale.net\/?s={search_term_string}\"},\"query-input\":\"required name=search_term_string\"}],\"inLanguage\":\"fr-FR\"},{\"@type\":\"Person\",\"@id\":\"https:\/\/www.ladiagonale.net\/#\/schema\/person\/79ff1e7b0853ed01b2aa26e64ad300bf\",\"name\":\"Damien Dellerba\",\"image\":{\"@type\":\"ImageObject\",\"inLanguage\":\"fr-FR\",\"@id\":\"https:\/\/www.ladiagonale.net\/#\/schema\/person\/image\/\",\"url\":\"https:\/\/secure.gravatar.com\/avatar\/c7850e06d3ff63cdbaee88b7fc16e2f0?s=96&d=mm&r=g\",\"contentUrl\":\"https:\/\/secure.gravatar.com\/avatar\/c7850e06d3ff63cdbaee88b7fc16e2f0?s=96&d=mm&r=g\",\"caption\":\"Damien Dellerba\"},\"url\":\"https:\/\/www.ladiagonale.net\/index.php\/author\/damien\/\"}]}<\/script>\n<!-- \/ Yoast SEO plugin. -->","yoast_head_json":{"title":"H\u00fctter : \u00ab&nbsp;L\u2019\u00e9nergie d\u00e9fensive \u00e9tait pr\u00e9sente&nbsp;\u00bb - La Diagonale","robots":{"index":"index","follow":"follow","max-snippet":"max-snippet:-1","max-image-preview":"max-image-preview:large","max-video-preview":"max-video-preview:-1"},"canonical":"https:\/\/www.ladiagonale.net\/index.php\/2025\/01\/22\/hutter-lenergie-defensive-etait-presente\/","og_locale":"fr_FR","og_type":"article","og_title":"H\u00fctter : \u00ab&nbsp;L\u2019\u00e9nergie d\u00e9fensive \u00e9tait pr\u00e9sente&nbsp;\u00bb - La Diagonale","og_description":"Apr\u00e8s la victoire de l\u2019AS Monaco sur Aston Villa, Adi H\u00fctter a fait \u00e9tat de sa satisfaction : \u00ab\u00a0Il y a plusieurs choses qui me viennent \u00e0 l\u2019esprit. Tout d\u2019abord, je suis vraiment heureux de cette victoire. Malgr\u00e9 notre situation actuelle, je voudrais f\u00e9liciter mon \u00e9quipe pour sa performance et son courage parce que mes [...]","og_url":"https:\/\/www.ladiagonale.net\/index.php\/2025\/01\/22\/hutter-lenergie-defensive-etait-presente\/","og_site_name":"La Diagonale","article_published_time":"2025-01-22T00:59:27+00:00","article_modified_time":"2025-01-22T00:59:28+00:00","og_image":[{"width":1160,"height":650,"url":"https:\/\/www.ladiagonale.net\/wp-content\/uploads\/2024\/09\/Hu\u0308tter.png","type":"image\/png"}],"author":"Damien Dellerba","twitter_card":"summary_large_image","twitter_image":"https:\/\/www.ladiagonale.net\/wp-content\/uploads\/2024\/09\/Hu\u0308tter.png","twitter_misc":{"\u00c9crit par":"Damien Dellerba","Dur\u00e9e de lecture estim\u00e9e":"3 minutes"},"schema":{"@context":"https:\/\/schema.org","@graph":[{"@type":"WebPage","@id":"https:\/\/www.ladiagonale.net\/index.php\/2025\/01\/22\/hutter-lenergie-defensive-etait-presente\/","url":"https:\/\/www.ladiagonale.net\/index.php\/2025\/01\/22\/hutter-lenergie-defensive-etait-presente\/","name":"H\u00fctter : \u00ab&nbsp;L\u2019\u00e9nergie d\u00e9fensive \u00e9tait pr\u00e9sente&nbsp;\u00bb - La Diagonale","isPartOf":{"@id":"https:\/\/www.ladiagonale.net\/#website"},"datePublished":"2025-01-22T00:59:27+00:00","dateModified":"2025-01-22T00:59:28+00:00","author":{"@id":"https:\/\/www.ladiagonale.net\/#\/schema\/person\/79ff1e7b0853ed01b2aa26e64ad300bf"},"breadcrumb":{"@id":"https:\/\/www.ladiagonale.net\/index.php\/2025\/01\/22\/hutter-lenergie-defensive-etait-presente\/#breadcrumb"},"inLanguage":"fr-FR","potentialAction":[{"@type":"ReadAction","target":["https:\/\/www.ladiagonale.net\/index.php\/2025\/01\/22\/hutter-lenergie-defensive-etait-presente\/"]}]},{"@type":"BreadcrumbList","@id":"https:\/\/www.ladiagonale.net\/index.php\/2025\/01\/22\/hutter-lenergie-defensive-etait-presente\/#breadcrumb","itemListElement":[{"@type":"ListItem","position":1,"name":"Accueil","item":"https:\/\/www.ladiagonale.net\/"},{"@type":"ListItem","position":2,"name":"H\u00fctter : \u00ab&nbsp;L\u2019\u00e9nergie d\u00e9fensive \u00e9tait pr\u00e9sente&nbsp;\u00bb"}]},{"@type":"WebSite","@id":"https:\/\/www.ladiagonale.net\/#website","url":"https:\/\/www.ladiagonale.net\/","name":"La Diagonale","description":"Le site des supporters de l&#039;AS Monaco FC","potentialAction":[{"@type":"SearchAction","target":{"@type":"EntryPoint","urlTemplate":"https:\/\/www.ladiagonale.net\/?s={search_term_string}"},"query-input":"required name=search_term_string"}],"inLanguage":"fr-FR"},{"@type":"Person","@id":"https:\/\/www.ladiagonale.net\/#\/schema\/person\/79ff1e7b0853ed01b2aa26e64ad300bf","name":"Damien Dellerba","image":{"@type":"ImageObject","inLanguage":"fr-FR","@id":"https:\/\/www.ladiagonale.net\/#\/schema\/person\/image\/","url":"https:\/\/secure.gravatar.com\/avatar\/c7850e06d3ff63cdbaee88b7fc16e2f0?s=96&d=mm&r=g","contentUrl":"https:\/\/secure.gravatar.com\/avatar\/c7850e06d3ff63cdbaee88b7fc16e2f0?s=96&d=mm&r=g","caption":"Damien Dellerba"},"url":"https:\/\/www.ladiagonale.net\/index.php\/author\/damien\/"}]}},"_links":{"self":[{"href":"https:\/\/www.ladiagonale.net\/index.php\/wp-json\/wp\/v2\/posts\/29085"}],"collection":[{"href":"https:\/\/www.ladiagonale.net\/index.php\/wp-json\/wp\/v2\/posts"}],"about":[{"href":"https:\/\/www.ladiagonale.net\/index.php\/wp-json\/wp\/v2\/types\/post"}],"author":[{"embeddable":true,"href":"https:\/\/www.ladiagonale.net\/index.php\/wp-json\/wp\/v2\/users\/2"}],"replies":[{"embeddable":true,"href":"https:\/\/www.ladiagonale.net\/index.php\/wp-json\/wp\/v2\/comments?post=29085"}],"version-history":[{"count":1,"href":"https:\/\/www.ladiagonale.net\/index.php\/wp-json\/wp\/v2\/posts\/29085\/revisions"}],"predecessor-version":[{"id":29086,"href":"https:\/\/www.ladiagonale.net\/index.php\/wp-json\/wp\/v2\/posts\/29085\/revisions\/29086"}],"wp:attachment":[{"href":"https:\/\/www.ladiagonale.net\/index.php\/wp-json\/wp\/v2\/media?parent=29085"}],"wp:term":[{"taxonomy":"category","embeddable":true,"href":"https:\/\/www.ladiagonale.net\/index.php\/wp-json\/wp\/v2\/categories?post=29085"},{"taxonomy":"post_tag","embeddable":true,"href":"https:\/\/www.ladiagonale.net\/index.php\/wp-json\/wp\/v2\/tags?post=29085"}],"curies":[{"name":"wp","href":"https:\/\/api.w.org\/{rel}","templated":true}]}}