{"id":29124,"date":"2025-01-24T13:36:24","date_gmt":"2025-01-24T12:36:24","guid":{"rendered":"https:\/\/www.ladiagonale.net\/?p=29124"},"modified":"2025-01-24T13:44:28","modified_gmt":"2025-01-24T12:44:28","slug":"trois-a-cinq-semaines-dabsence-pour-singo","status":"publish","type":"post","link":"https:\/\/www.ladiagonale.net\/index.php\/2025\/01\/24\/trois-a-cinq-semaines-dabsence-pour-singo\/","title":{"rendered":"Trois \u00e0 cinq semaines d\u2019absence pour Singo"},"content":{"rendered":"\n<p>Solide comme un roc et jamais bless\u00e9 depuis son arriv\u00e9e \u00e0 l\u2019AS Monaco, Wilfried Singo va manquer plusieurs semaines de comp\u00e9tition. Le d\u00e9fenseur ivoirien est touch\u00e9 \u00e0 un ischio-jambier et Adi H\u00fctter a indiqu\u00e9 qu\u2019il devrait \u00eatre absent entre trois et cinq semaines, m\u00eame s\u2019il n\u2019a pas exclu un retour plus rapide.<\/p>\n\n\n\n<p>\u00ab&nbsp;<em>Il s&rsquo;est plaint de son ischio-jambier pendant le match contre Aston Villa<\/em>, a fait savoir l\u2019Autrichien, dans des propos rapport\u00e9s par <em>Get Football France<\/em>. <em>Nous avions besoin de faire une IRM. Nous ne sommes pas s\u00fbrs, mais il sera absent pendant environ trois \u00e0 cinq semaines. Peut-\u00eatre qu&rsquo;il pourrait revenir plus rapidement, il est donc difficile d&rsquo;\u00eatre pr\u00e9cis avec la blessure<\/em>. \u00bb<\/p>\n\n\n\n<p>Une blessure qui ne l\u2019a pas emp\u00each\u00e9 de r\u00e9aliser une prestation XXL contre les Villans, ce qui lui a valu d\u2019\u00eatre d\u00e9sign\u00e9 homme du match par l\u2019UEFA. Singo manquera la r\u00e9ception de Rennes et le d\u00e9placement \u00e0 Milan pour affronter l\u2019Inter mercredi. Sa participation aux barrages de Ligue des champions, auxquels l\u2019ASM a de grandes chances de participer, pourrait \u00e9galement \u00eatre compromise.<\/p>\n","protected":false},"excerpt":{"rendered":"<p>Solide comme un roc et jamais bless\u00e9 depuis son arriv\u00e9e \u00e0 l\u2019AS Monaco, Wilfried Singo va manquer plusieurs semaines de comp\u00e9tition. Le d\u00e9fenseur ivoirien est touch\u00e9 \u00e0 un ischio-jambier et Adi H\u00fctter a indiqu\u00e9 qu\u2019il devrait \u00eatre absent entre trois et cinq semaines, m\u00eame s\u2019il n\u2019a pas exclu un retour plus rapide. \u00ab&nbsp;Il s&rsquo;est plaint [&#8230;]\n","protected":false},"author":2,"featured_media":0,"comment_status":"closed","ping_status":"open","sticky":false,"template":"","format":"standard","meta":[],"categories":[4,6],"tags":[86,196,665],"yoast_head":"<!-- This site is optimized with the Yoast SEO plugin v19.8 - https:\/\/yoast.com\/wordpress\/plugins\/seo\/ -->\n<title>Trois \u00e0 cinq semaines d\u2019absence pour Singo - La Diagonale<\/title>\n<meta name=\"robots\" content=\"index, follow, max-snippet:-1, max-image-preview:large, max-video-preview:-1\" \/>\n<link rel=\"canonical\" href=\"https:\/\/www.ladiagonale.net\/index.php\/2025\/01\/24\/trois-a-cinq-semaines-dabsence-pour-singo\/\" \/>\n<meta property=\"og:locale\" content=\"fr_FR\" \/>\n<meta property=\"og:type\" content=\"article\" \/>\n<meta property=\"og:title\" content=\"Trois \u00e0 cinq semaines d\u2019absence pour Singo - La Diagonale\" \/>\n<meta property=\"og:description\" content=\"Solide comme un roc et jamais bless\u00e9 depuis son arriv\u00e9e \u00e0 l\u2019AS Monaco, Wilfried Singo va manquer plusieurs semaines de comp\u00e9tition. Le d\u00e9fenseur ivoirien est touch\u00e9 \u00e0 un ischio-jambier et Adi H\u00fctter a indiqu\u00e9 qu\u2019il devrait \u00eatre absent entre trois et cinq semaines, m\u00eame s\u2019il n\u2019a pas exclu un retour plus rapide. \u00ab&nbsp;Il s&rsquo;est plaint [...]\" \/>\n<meta property=\"og:url\" content=\"https:\/\/www.ladiagonale.net\/index.php\/2025\/01\/24\/trois-a-cinq-semaines-dabsence-pour-singo\/\" \/>\n<meta property=\"og:site_name\" content=\"La Diagonale\" \/>\n<meta property=\"article:published_time\" content=\"2025-01-24T12:36:24+00:00\" \/>\n<meta property=\"article:modified_time\" content=\"2025-01-24T12:44:28+00:00\" \/>\n<meta property=\"og:image\" content=\"https:\/\/www.ladiagonale.net\/wp-content\/uploads\/2024\/09\/Singo.png\" \/>\n\t<meta property=\"og:image:width\" content=\"1160\" \/>\n\t<meta property=\"og:image:height\" content=\"650\" \/>\n\t<meta property=\"og:image:type\" content=\"image\/png\" \/>\n<meta name=\"author\" content=\"Damien Dellerba\" \/>\n<meta name=\"twitter:card\" content=\"summary_large_image\" \/>\n<meta name=\"twitter:image\" content=\"https:\/\/www.ladiagonale.net\/wp-content\/uploads\/2024\/09\/Singo.png\" \/>\n<meta name=\"twitter:label1\" content=\"\u00c9crit par\" \/>\n\t<meta name=\"twitter:data1\" content=\"Damien Dellerba\" \/>\n\t<meta name=\"twitter:label2\" content=\"Dur\u00e9e de lecture estim\u00e9e\" \/>\n\t<meta name=\"twitter:data2\" content=\"1 minute\" \/>\n<script type=\"application\/ld+json\" class=\"yoast-schema-graph\">{\"@context\":\"https:\/\/schema.org\",\"@graph\":[{\"@type\":\"WebPage\",\"@id\":\"https:\/\/www.ladiagonale.net\/index.php\/2025\/01\/24\/trois-a-cinq-semaines-dabsence-pour-singo\/\",\"url\":\"https:\/\/www.ladiagonale.net\/index.php\/2025\/01\/24\/trois-a-cinq-semaines-dabsence-pour-singo\/\",\"name\":\"Trois \u00e0 cinq semaines d\u2019absence pour Singo - La Diagonale\",\"isPartOf\":{\"@id\":\"https:\/\/www.ladiagonale.net\/#website\"},\"datePublished\":\"2025-01-24T12:36:24+00:00\",\"dateModified\":\"2025-01-24T12:44:28+00:00\",\"author\":{\"@id\":\"https:\/\/www.ladiagonale.net\/#\/schema\/person\/79ff1e7b0853ed01b2aa26e64ad300bf\"},\"breadcrumb\":{\"@id\":\"https:\/\/www.ladiagonale.net\/index.php\/2025\/01\/24\/trois-a-cinq-semaines-dabsence-pour-singo\/#breadcrumb\"},\"inLanguage\":\"fr-FR\",\"potentialAction\":[{\"@type\":\"ReadAction\",\"target\":[\"https:\/\/www.ladiagonale.net\/index.php\/2025\/01\/24\/trois-a-cinq-semaines-dabsence-pour-singo\/\"]}]},{\"@type\":\"BreadcrumbList\",\"@id\":\"https:\/\/www.ladiagonale.net\/index.php\/2025\/01\/24\/trois-a-cinq-semaines-dabsence-pour-singo\/#breadcrumb\",\"itemListElement\":[{\"@type\":\"ListItem\",\"position\":1,\"name\":\"Accueil\",\"item\":\"https:\/\/www.ladiagonale.net\/\"},{\"@type\":\"ListItem\",\"position\":2,\"name\":\"Trois \u00e0 cinq semaines d\u2019absence pour Singo\"}]},{\"@type\":\"WebSite\",\"@id\":\"https:\/\/www.ladiagonale.net\/#website\",\"url\":\"https:\/\/www.ladiagonale.net\/\",\"name\":\"La Diagonale\",\"description\":\"Le site des supporters de l&#039;AS Monaco FC\",\"potentialAction\":[{\"@type\":\"SearchAction\",\"target\":{\"@type\":\"EntryPoint\",\"urlTemplate\":\"https:\/\/www.ladiagonale.net\/?s={search_term_string}\"},\"query-input\":\"required name=search_term_string\"}],\"inLanguage\":\"fr-FR\"},{\"@type\":\"Person\",\"@id\":\"https:\/\/www.ladiagonale.net\/#\/schema\/person\/79ff1e7b0853ed01b2aa26e64ad300bf\",\"name\":\"Damien Dellerba\",\"image\":{\"@type\":\"ImageObject\",\"inLanguage\":\"fr-FR\",\"@id\":\"https:\/\/www.ladiagonale.net\/#\/schema\/person\/image\/\",\"url\":\"https:\/\/secure.gravatar.com\/avatar\/c7850e06d3ff63cdbaee88b7fc16e2f0?s=96&d=mm&r=g\",\"contentUrl\":\"https:\/\/secure.gravatar.com\/avatar\/c7850e06d3ff63cdbaee88b7fc16e2f0?s=96&d=mm&r=g\",\"caption\":\"Damien Dellerba\"},\"url\":\"https:\/\/www.ladiagonale.net\/index.php\/author\/damien\/\"}]}<\/script>\n<!-- \/ Yoast SEO plugin. -->","yoast_head_json":{"title":"Trois \u00e0 cinq semaines d\u2019absence pour Singo - La Diagonale","robots":{"index":"index","follow":"follow","max-snippet":"max-snippet:-1","max-image-preview":"max-image-preview:large","max-video-preview":"max-video-preview:-1"},"canonical":"https:\/\/www.ladiagonale.net\/index.php\/2025\/01\/24\/trois-a-cinq-semaines-dabsence-pour-singo\/","og_locale":"fr_FR","og_type":"article","og_title":"Trois \u00e0 cinq semaines d\u2019absence pour Singo - La Diagonale","og_description":"Solide comme un roc et jamais bless\u00e9 depuis son arriv\u00e9e \u00e0 l\u2019AS Monaco, Wilfried Singo va manquer plusieurs semaines de comp\u00e9tition. Le d\u00e9fenseur ivoirien est touch\u00e9 \u00e0 un ischio-jambier et Adi H\u00fctter a indiqu\u00e9 qu\u2019il devrait \u00eatre absent entre trois et cinq semaines, m\u00eame s\u2019il n\u2019a pas exclu un retour plus rapide. \u00ab&nbsp;Il s&rsquo;est plaint [...]","og_url":"https:\/\/www.ladiagonale.net\/index.php\/2025\/01\/24\/trois-a-cinq-semaines-dabsence-pour-singo\/","og_site_name":"La Diagonale","article_published_time":"2025-01-24T12:36:24+00:00","article_modified_time":"2025-01-24T12:44:28+00:00","og_image":[{"width":1160,"height":650,"url":"https:\/\/www.ladiagonale.net\/wp-content\/uploads\/2024\/09\/Singo.png","type":"image\/png"}],"author":"Damien Dellerba","twitter_card":"summary_large_image","twitter_image":"https:\/\/www.ladiagonale.net\/wp-content\/uploads\/2024\/09\/Singo.png","twitter_misc":{"\u00c9crit par":"Damien Dellerba","Dur\u00e9e de lecture estim\u00e9e":"1 minute"},"schema":{"@context":"https:\/\/schema.org","@graph":[{"@type":"WebPage","@id":"https:\/\/www.ladiagonale.net\/index.php\/2025\/01\/24\/trois-a-cinq-semaines-dabsence-pour-singo\/","url":"https:\/\/www.ladiagonale.net\/index.php\/2025\/01\/24\/trois-a-cinq-semaines-dabsence-pour-singo\/","name":"Trois \u00e0 cinq semaines d\u2019absence pour Singo - La Diagonale","isPartOf":{"@id":"https:\/\/www.ladiagonale.net\/#website"},"datePublished":"2025-01-24T12:36:24+00:00","dateModified":"2025-01-24T12:44:28+00:00","author":{"@id":"https:\/\/www.ladiagonale.net\/#\/schema\/person\/79ff1e7b0853ed01b2aa26e64ad300bf"},"breadcrumb":{"@id":"https:\/\/www.ladiagonale.net\/index.php\/2025\/01\/24\/trois-a-cinq-semaines-dabsence-pour-singo\/#breadcrumb"},"inLanguage":"fr-FR","potentialAction":[{"@type":"ReadAction","target":["https:\/\/www.ladiagonale.net\/index.php\/2025\/01\/24\/trois-a-cinq-semaines-dabsence-pour-singo\/"]}]},{"@type":"BreadcrumbList","@id":"https:\/\/www.ladiagonale.net\/index.php\/2025\/01\/24\/trois-a-cinq-semaines-dabsence-pour-singo\/#breadcrumb","itemListElement":[{"@type":"ListItem","position":1,"name":"Accueil","item":"https:\/\/www.ladiagonale.net\/"},{"@type":"ListItem","position":2,"name":"Trois \u00e0 cinq semaines d\u2019absence pour Singo"}]},{"@type":"WebSite","@id":"https:\/\/www.ladiagonale.net\/#website","url":"https:\/\/www.ladiagonale.net\/","name":"La Diagonale","description":"Le site des supporters de l&#039;AS Monaco FC","potentialAction":[{"@type":"SearchAction","target":{"@type":"EntryPoint","urlTemplate":"https:\/\/www.ladiagonale.net\/?s={search_term_string}"},"query-input":"required name=search_term_string"}],"inLanguage":"fr-FR"},{"@type":"Person","@id":"https:\/\/www.ladiagonale.net\/#\/schema\/person\/79ff1e7b0853ed01b2aa26e64ad300bf","name":"Damien Dellerba","image":{"@type":"ImageObject","inLanguage":"fr-FR","@id":"https:\/\/www.ladiagonale.net\/#\/schema\/person\/image\/","url":"https:\/\/secure.gravatar.com\/avatar\/c7850e06d3ff63cdbaee88b7fc16e2f0?s=96&d=mm&r=g","contentUrl":"https:\/\/secure.gravatar.com\/avatar\/c7850e06d3ff63cdbaee88b7fc16e2f0?s=96&d=mm&r=g","caption":"Damien Dellerba"},"url":"https:\/\/www.ladiagonale.net\/index.php\/author\/damien\/"}]}},"_links":{"self":[{"href":"https:\/\/www.ladiagonale.net\/index.php\/wp-json\/wp\/v2\/posts\/29124"}],"collection":[{"href":"https:\/\/www.ladiagonale.net\/index.php\/wp-json\/wp\/v2\/posts"}],"about":[{"href":"https:\/\/www.ladiagonale.net\/index.php\/wp-json\/wp\/v2\/types\/post"}],"author":[{"embeddable":true,"href":"https:\/\/www.ladiagonale.net\/index.php\/wp-json\/wp\/v2\/users\/2"}],"replies":[{"embeddable":true,"href":"https:\/\/www.ladiagonale.net\/index.php\/wp-json\/wp\/v2\/comments?post=29124"}],"version-history":[{"count":3,"href":"https:\/\/www.ladiagonale.net\/index.php\/wp-json\/wp\/v2\/posts\/29124\/revisions"}],"predecessor-version":[{"id":29127,"href":"https:\/\/www.ladiagonale.net\/index.php\/wp-json\/wp\/v2\/posts\/29124\/revisions\/29127"}],"wp:attachment":[{"href":"https:\/\/www.ladiagonale.net\/index.php\/wp-json\/wp\/v2\/media?parent=29124"}],"wp:term":[{"taxonomy":"category","embeddable":true,"href":"https:\/\/www.ladiagonale.net\/index.php\/wp-json\/wp\/v2\/categories?post=29124"},{"taxonomy":"post_tag","embeddable":true,"href":"https:\/\/www.ladiagonale.net\/index.php\/wp-json\/wp\/v2\/tags?post=29124"}],"curies":[{"name":"wp","href":"https:\/\/api.w.org\/{rel}","templated":true}]}}