{"id":29315,"date":"2025-01-28T16:27:06","date_gmt":"2025-01-28T15:27:06","guid":{"rendered":"https:\/\/www.ladiagonale.net\/?p=29315"},"modified":"2025-01-28T18:11:56","modified_gmt":"2025-01-28T17:11:56","slug":"dina-ebimbe-recale-a-la-visite-medicale","status":"publish","type":"post","link":"https:\/\/www.ladiagonale.net\/index.php\/2025\/01\/28\/dina-ebimbe-recale-a-la-visite-medicale\/","title":{"rendered":"Dina Ebimbe recal\u00e9 \u00e0 la visite m\u00e9dicale"},"content":{"rendered":"\n\n\n<p>\u00c9ric-Junior Dina Ebimbe aurait d\u00fb \u00eatre la prochaine recrue de l\u2019AS Monaco mais il n\u2019en sera rien. Alors que le milieu de terrain de l\u2019Eintracht Francfort devait s\u2019engager pour un pr\u00eat payant d&rsquo;un million d&rsquo;euros avec une option d\u2019achat fix\u00e9e \u00e0 10,5 millions d\u2019euros, <em>RMC Sport <\/em>indique que le joueur de 24 ans n\u2019a pas satisfait aux exigences de la visite m\u00e9dicale. L&rsquo;ancien Parisien n&rsquo;a plus jou\u00e9 depuis le mois de novembre en raison d&rsquo;une blessure \u00e0 un mollet et celle-ci ne lui permettrait pas d&rsquo;\u00eatre imm\u00e9diatement op\u00e9rationnel.<\/p>\n\n\n\n<p>Un \u00e9chec qui va forcer les dirigeants mon\u00e9gasques \u00e0 se diriger sur une solution de derni\u00e8re minute pour se renforcer dans l&rsquo;entrejeu, alors que le mercato ferme ses portes le 3 f\u00e9vrier. Avant que la piste Dina Ebimbe ne sorte dans la presse, l&rsquo;ASM s&rsquo;\u00e9tait notamment int\u00e9ress\u00e9e \u00e0 Edson Alvarez (West Ham), Wilfred Ndidi (Liecester), Ezechiel Banzuzi (Louvain) ou encore Georginio Wijnaldum (Al-Ettifaq). C&rsquo;est la deuxi\u00e8me fois cette saison qu&rsquo;une visite m\u00e9dicale emp\u00eache la signature d&rsquo;un joueur. Cet \u00e9t\u00e9, le milieu lensois Neil el-Aynaoui avait aussi \u00e9t\u00e9 recal\u00e9 pour un genou bless\u00e9.<\/p>\n","protected":false},"excerpt":{"rendered":"<p>\u00c9ric-Junior Dina Ebimbe aurait d\u00fb \u00eatre la prochaine recrue de l\u2019AS Monaco mais il n\u2019en sera rien. Alors que le milieu de terrain de l\u2019Eintracht Francfort devait s\u2019engager pour un pr\u00eat payant d&rsquo;un million d&rsquo;euros avec une option d\u2019achat fix\u00e9e \u00e0 10,5 millions d\u2019euros, RMC Sport indique que le joueur de 24 ans n\u2019a pas [&#8230;]\n","protected":false},"author":2,"featured_media":0,"comment_status":"open","ping_status":"open","sticky":false,"template":"","format":"standard","meta":[],"categories":[4,6],"tags":[86,979,111,110],"yoast_head":"<!-- This site is optimized with the Yoast SEO plugin v19.8 - https:\/\/yoast.com\/wordpress\/plugins\/seo\/ -->\n<title>Dina Ebimbe recal\u00e9 \u00e0 la visite m\u00e9dicale - La Diagonale<\/title>\n<meta name=\"robots\" content=\"index, follow, max-snippet:-1, max-image-preview:large, max-video-preview:-1\" \/>\n<link rel=\"canonical\" href=\"https:\/\/www.ladiagonale.net\/index.php\/2025\/01\/28\/dina-ebimbe-recale-a-la-visite-medicale\/\" \/>\n<meta property=\"og:locale\" content=\"fr_FR\" \/>\n<meta property=\"og:type\" content=\"article\" \/>\n<meta property=\"og:title\" content=\"Dina Ebimbe recal\u00e9 \u00e0 la visite m\u00e9dicale - La Diagonale\" \/>\n<meta property=\"og:description\" content=\"\u00c9ric-Junior Dina Ebimbe aurait d\u00fb \u00eatre la prochaine recrue de l\u2019AS Monaco mais il n\u2019en sera rien. Alors que le milieu de terrain de l\u2019Eintracht Francfort devait s\u2019engager pour un pr\u00eat payant d&rsquo;un million d&rsquo;euros avec une option d\u2019achat fix\u00e9e \u00e0 10,5 millions d\u2019euros, RMC Sport indique que le joueur de 24 ans n\u2019a pas [...]\" \/>\n<meta property=\"og:url\" content=\"https:\/\/www.ladiagonale.net\/index.php\/2025\/01\/28\/dina-ebimbe-recale-a-la-visite-medicale\/\" \/>\n<meta property=\"og:site_name\" content=\"La Diagonale\" \/>\n<meta property=\"article:published_time\" content=\"2025-01-28T15:27:06+00:00\" \/>\n<meta property=\"article:modified_time\" content=\"2025-01-28T17:11:56+00:00\" \/>\n<meta property=\"og:image\" content=\"https:\/\/www.ladiagonale.net\/wp-content\/uploads\/2025\/01\/dina-ebimbe.png\" \/>\n\t<meta property=\"og:image:width\" content=\"1160\" \/>\n\t<meta property=\"og:image:height\" content=\"650\" \/>\n\t<meta property=\"og:image:type\" content=\"image\/png\" \/>\n<meta name=\"author\" content=\"Damien Dellerba\" \/>\n<meta name=\"twitter:card\" content=\"summary_large_image\" \/>\n<meta name=\"twitter:image\" content=\"https:\/\/www.ladiagonale.net\/wp-content\/uploads\/2025\/01\/dina-ebimbe.png\" \/>\n<meta name=\"twitter:label1\" content=\"\u00c9crit par\" \/>\n\t<meta name=\"twitter:data1\" content=\"Damien Dellerba\" \/>\n<script type=\"application\/ld+json\" class=\"yoast-schema-graph\">{\"@context\":\"https:\/\/schema.org\",\"@graph\":[{\"@type\":\"WebPage\",\"@id\":\"https:\/\/www.ladiagonale.net\/index.php\/2025\/01\/28\/dina-ebimbe-recale-a-la-visite-medicale\/\",\"url\":\"https:\/\/www.ladiagonale.net\/index.php\/2025\/01\/28\/dina-ebimbe-recale-a-la-visite-medicale\/\",\"name\":\"Dina Ebimbe recal\u00e9 \u00e0 la visite m\u00e9dicale - La Diagonale\",\"isPartOf\":{\"@id\":\"https:\/\/www.ladiagonale.net\/#website\"},\"datePublished\":\"2025-01-28T15:27:06+00:00\",\"dateModified\":\"2025-01-28T17:11:56+00:00\",\"author\":{\"@id\":\"https:\/\/www.ladiagonale.net\/#\/schema\/person\/79ff1e7b0853ed01b2aa26e64ad300bf\"},\"breadcrumb\":{\"@id\":\"https:\/\/www.ladiagonale.net\/index.php\/2025\/01\/28\/dina-ebimbe-recale-a-la-visite-medicale\/#breadcrumb\"},\"inLanguage\":\"fr-FR\",\"potentialAction\":[{\"@type\":\"ReadAction\",\"target\":[\"https:\/\/www.ladiagonale.net\/index.php\/2025\/01\/28\/dina-ebimbe-recale-a-la-visite-medicale\/\"]}]},{\"@type\":\"BreadcrumbList\",\"@id\":\"https:\/\/www.ladiagonale.net\/index.php\/2025\/01\/28\/dina-ebimbe-recale-a-la-visite-medicale\/#breadcrumb\",\"itemListElement\":[{\"@type\":\"ListItem\",\"position\":1,\"name\":\"Accueil\",\"item\":\"https:\/\/www.ladiagonale.net\/\"},{\"@type\":\"ListItem\",\"position\":2,\"name\":\"Dina Ebimbe recal\u00e9 \u00e0 la visite m\u00e9dicale\"}]},{\"@type\":\"WebSite\",\"@id\":\"https:\/\/www.ladiagonale.net\/#website\",\"url\":\"https:\/\/www.ladiagonale.net\/\",\"name\":\"La Diagonale\",\"description\":\"Le site des supporters de l&#039;AS Monaco FC\",\"potentialAction\":[{\"@type\":\"SearchAction\",\"target\":{\"@type\":\"EntryPoint\",\"urlTemplate\":\"https:\/\/www.ladiagonale.net\/?s={search_term_string}\"},\"query-input\":\"required name=search_term_string\"}],\"inLanguage\":\"fr-FR\"},{\"@type\":\"Person\",\"@id\":\"https:\/\/www.ladiagonale.net\/#\/schema\/person\/79ff1e7b0853ed01b2aa26e64ad300bf\",\"name\":\"Damien Dellerba\",\"image\":{\"@type\":\"ImageObject\",\"inLanguage\":\"fr-FR\",\"@id\":\"https:\/\/www.ladiagonale.net\/#\/schema\/person\/image\/\",\"url\":\"https:\/\/secure.gravatar.com\/avatar\/c7850e06d3ff63cdbaee88b7fc16e2f0?s=96&d=mm&r=g\",\"contentUrl\":\"https:\/\/secure.gravatar.com\/avatar\/c7850e06d3ff63cdbaee88b7fc16e2f0?s=96&d=mm&r=g\",\"caption\":\"Damien Dellerba\"},\"url\":\"https:\/\/www.ladiagonale.net\/index.php\/author\/damien\/\"}]}<\/script>\n<!-- \/ Yoast SEO plugin. -->","yoast_head_json":{"title":"Dina Ebimbe recal\u00e9 \u00e0 la visite m\u00e9dicale - La Diagonale","robots":{"index":"index","follow":"follow","max-snippet":"max-snippet:-1","max-image-preview":"max-image-preview:large","max-video-preview":"max-video-preview:-1"},"canonical":"https:\/\/www.ladiagonale.net\/index.php\/2025\/01\/28\/dina-ebimbe-recale-a-la-visite-medicale\/","og_locale":"fr_FR","og_type":"article","og_title":"Dina Ebimbe recal\u00e9 \u00e0 la visite m\u00e9dicale - La Diagonale","og_description":"\u00c9ric-Junior Dina Ebimbe aurait d\u00fb \u00eatre la prochaine recrue de l\u2019AS Monaco mais il n\u2019en sera rien. Alors que le milieu de terrain de l\u2019Eintracht Francfort devait s\u2019engager pour un pr\u00eat payant d&rsquo;un million d&rsquo;euros avec une option d\u2019achat fix\u00e9e \u00e0 10,5 millions d\u2019euros, RMC Sport indique que le joueur de 24 ans n\u2019a pas [...]","og_url":"https:\/\/www.ladiagonale.net\/index.php\/2025\/01\/28\/dina-ebimbe-recale-a-la-visite-medicale\/","og_site_name":"La Diagonale","article_published_time":"2025-01-28T15:27:06+00:00","article_modified_time":"2025-01-28T17:11:56+00:00","og_image":[{"width":1160,"height":650,"url":"https:\/\/www.ladiagonale.net\/wp-content\/uploads\/2025\/01\/dina-ebimbe.png","type":"image\/png"}],"author":"Damien Dellerba","twitter_card":"summary_large_image","twitter_image":"https:\/\/www.ladiagonale.net\/wp-content\/uploads\/2025\/01\/dina-ebimbe.png","twitter_misc":{"\u00c9crit par":"Damien Dellerba"},"schema":{"@context":"https:\/\/schema.org","@graph":[{"@type":"WebPage","@id":"https:\/\/www.ladiagonale.net\/index.php\/2025\/01\/28\/dina-ebimbe-recale-a-la-visite-medicale\/","url":"https:\/\/www.ladiagonale.net\/index.php\/2025\/01\/28\/dina-ebimbe-recale-a-la-visite-medicale\/","name":"Dina Ebimbe recal\u00e9 \u00e0 la visite m\u00e9dicale - La Diagonale","isPartOf":{"@id":"https:\/\/www.ladiagonale.net\/#website"},"datePublished":"2025-01-28T15:27:06+00:00","dateModified":"2025-01-28T17:11:56+00:00","author":{"@id":"https:\/\/www.ladiagonale.net\/#\/schema\/person\/79ff1e7b0853ed01b2aa26e64ad300bf"},"breadcrumb":{"@id":"https:\/\/www.ladiagonale.net\/index.php\/2025\/01\/28\/dina-ebimbe-recale-a-la-visite-medicale\/#breadcrumb"},"inLanguage":"fr-FR","potentialAction":[{"@type":"ReadAction","target":["https:\/\/www.ladiagonale.net\/index.php\/2025\/01\/28\/dina-ebimbe-recale-a-la-visite-medicale\/"]}]},{"@type":"BreadcrumbList","@id":"https:\/\/www.ladiagonale.net\/index.php\/2025\/01\/28\/dina-ebimbe-recale-a-la-visite-medicale\/#breadcrumb","itemListElement":[{"@type":"ListItem","position":1,"name":"Accueil","item":"https:\/\/www.ladiagonale.net\/"},{"@type":"ListItem","position":2,"name":"Dina Ebimbe recal\u00e9 \u00e0 la visite m\u00e9dicale"}]},{"@type":"WebSite","@id":"https:\/\/www.ladiagonale.net\/#website","url":"https:\/\/www.ladiagonale.net\/","name":"La Diagonale","description":"Le site des supporters de l&#039;AS Monaco FC","potentialAction":[{"@type":"SearchAction","target":{"@type":"EntryPoint","urlTemplate":"https:\/\/www.ladiagonale.net\/?s={search_term_string}"},"query-input":"required name=search_term_string"}],"inLanguage":"fr-FR"},{"@type":"Person","@id":"https:\/\/www.ladiagonale.net\/#\/schema\/person\/79ff1e7b0853ed01b2aa26e64ad300bf","name":"Damien Dellerba","image":{"@type":"ImageObject","inLanguage":"fr-FR","@id":"https:\/\/www.ladiagonale.net\/#\/schema\/person\/image\/","url":"https:\/\/secure.gravatar.com\/avatar\/c7850e06d3ff63cdbaee88b7fc16e2f0?s=96&d=mm&r=g","contentUrl":"https:\/\/secure.gravatar.com\/avatar\/c7850e06d3ff63cdbaee88b7fc16e2f0?s=96&d=mm&r=g","caption":"Damien Dellerba"},"url":"https:\/\/www.ladiagonale.net\/index.php\/author\/damien\/"}]}},"_links":{"self":[{"href":"https:\/\/www.ladiagonale.net\/index.php\/wp-json\/wp\/v2\/posts\/29315"}],"collection":[{"href":"https:\/\/www.ladiagonale.net\/index.php\/wp-json\/wp\/v2\/posts"}],"about":[{"href":"https:\/\/www.ladiagonale.net\/index.php\/wp-json\/wp\/v2\/types\/post"}],"author":[{"embeddable":true,"href":"https:\/\/www.ladiagonale.net\/index.php\/wp-json\/wp\/v2\/users\/2"}],"replies":[{"embeddable":true,"href":"https:\/\/www.ladiagonale.net\/index.php\/wp-json\/wp\/v2\/comments?post=29315"}],"version-history":[{"count":10,"href":"https:\/\/www.ladiagonale.net\/index.php\/wp-json\/wp\/v2\/posts\/29315\/revisions"}],"predecessor-version":[{"id":29329,"href":"https:\/\/www.ladiagonale.net\/index.php\/wp-json\/wp\/v2\/posts\/29315\/revisions\/29329"}],"wp:attachment":[{"href":"https:\/\/www.ladiagonale.net\/index.php\/wp-json\/wp\/v2\/media?parent=29315"}],"wp:term":[{"taxonomy":"category","embeddable":true,"href":"https:\/\/www.ladiagonale.net\/index.php\/wp-json\/wp\/v2\/categories?post=29315"},{"taxonomy":"post_tag","embeddable":true,"href":"https:\/\/www.ladiagonale.net\/index.php\/wp-json\/wp\/v2\/tags?post=29315"}],"curies":[{"name":"wp","href":"https:\/\/api.w.org\/{rel}","templated":true}]}}