{"id":29327,"date":"2025-01-28T17:16:04","date_gmt":"2025-01-28T16:16:04","guid":{"rendered":"https:\/\/www.ladiagonale.net\/?p=29327"},"modified":"2025-01-28T18:28:26","modified_gmt":"2025-01-28T17:28:26","slug":"le-groupe-monegasque-avec-zakaria-et-caio-henrique","status":"publish","type":"post","link":"https:\/\/www.ladiagonale.net\/index.php\/2025\/01\/28\/le-groupe-monegasque-avec-zakaria-et-caio-henrique\/","title":{"rendered":"Le groupe mon\u00e9gasque : avec Zakaria et Caio Henrique"},"content":{"rendered":"\n\n\n<p>L&rsquo;AS Monaco se d\u00e9place \u00e0 Milan pour y affronter l&rsquo;Inter ce mercredi (21h) \u00e0 l&rsquo;occasion de la derni\u00e8re journ\u00e9e de la phase de ligue de la Ligue des champions. Touch\u00e9 \u00e0 une cheville contre Rennes, Denis Zakaria sera bien du voyage apr\u00e8s avoir pass\u00e9 des examens rassurants. <\/p>\n\n\n\n<p>\u00c9cart\u00e9 le week-end dernier pour cause de performances insuffisantes, Caio Henrique est r\u00e9int\u00e9gr\u00e9 au groupe d&rsquo;Adi H\u00fctter.<\/p>\n\n\n\n<p>Mika Biereth n&rsquo;est pas qualifi\u00e9 pour cette rencontre mais il fera tout de m\u00eame le d\u00e9placement \u00e0 Milan.<\/p>\n\n\n\n<h3 class=\"wp-block-heading\">Le groupe mon\u00e9gasque<\/h3>\n\n\n\n<p><strong>Gardiens :&nbsp;<\/strong>K\u00f6hn, Lienard, Majecki.<br \/><strong>D\u00e9fenseurs :&nbsp;<\/strong>C. Henrique, Kehrer, Mawissa, Ouattara, Salisu, Teze, Vanderson.<br \/><strong>Milieux :&nbsp;<\/strong>Akliouche, Ben Seghir, Bouabr\u00e9, Camara, Coulibaly, Diatta, Golovin, Magassa, Minamino, Zakaria.<br \/><strong>Attaquants :&nbsp;<\/strong>Embolo, Michal.<\/p>\n\n\n\n<p><em>Absents :&nbsp;<\/em>Singo, Balogun, Ilenikhena (bless\u00e9s), Biereth (non qualifi\u00e9), Diop (choix).<\/p>\n","protected":false},"excerpt":{"rendered":"<p>L&rsquo;AS Monaco se d\u00e9place \u00e0 Milan pour y affronter l&rsquo;Inter ce mercredi (21h) \u00e0 l&rsquo;occasion de la derni\u00e8re journ\u00e9e de la phase de ligue de la Ligue des champions. Touch\u00e9 \u00e0 une cheville contre Rennes, Denis Zakaria sera bien du voyage apr\u00e8s avoir pass\u00e9 des examens rassurants. \u00c9cart\u00e9 le week-end dernier pour cause de performances [&#8230;]\n","protected":false},"author":2,"featured_media":0,"comment_status":"open","ping_status":"open","sticky":false,"template":"","format":"standard","meta":[],"categories":[4,6],"tags":[86,225,983,287],"yoast_head":"<!-- This site is optimized with the Yoast SEO plugin v19.8 - https:\/\/yoast.com\/wordpress\/plugins\/seo\/ -->\n<title>Le groupe mon\u00e9gasque : avec Zakaria et Caio Henrique - La Diagonale<\/title>\n<meta name=\"robots\" content=\"index, follow, max-snippet:-1, max-image-preview:large, max-video-preview:-1\" \/>\n<link rel=\"canonical\" href=\"https:\/\/www.ladiagonale.net\/index.php\/2025\/01\/28\/le-groupe-monegasque-avec-zakaria-et-caio-henrique\/\" \/>\n<meta property=\"og:locale\" content=\"fr_FR\" \/>\n<meta property=\"og:type\" content=\"article\" \/>\n<meta property=\"og:title\" content=\"Le groupe mon\u00e9gasque : avec Zakaria et Caio Henrique - La Diagonale\" \/>\n<meta property=\"og:description\" content=\"L&rsquo;AS Monaco se d\u00e9place \u00e0 Milan pour y affronter l&rsquo;Inter ce mercredi (21h) \u00e0 l&rsquo;occasion de la derni\u00e8re journ\u00e9e de la phase de ligue de la Ligue des champions. Touch\u00e9 \u00e0 une cheville contre Rennes, Denis Zakaria sera bien du voyage apr\u00e8s avoir pass\u00e9 des examens rassurants. \u00c9cart\u00e9 le week-end dernier pour cause de performances [...]\" \/>\n<meta property=\"og:url\" content=\"https:\/\/www.ladiagonale.net\/index.php\/2025\/01\/28\/le-groupe-monegasque-avec-zakaria-et-caio-henrique\/\" \/>\n<meta property=\"og:site_name\" content=\"La Diagonale\" \/>\n<meta property=\"article:published_time\" content=\"2025-01-28T16:16:04+00:00\" \/>\n<meta property=\"article:modified_time\" content=\"2025-01-28T17:28:26+00:00\" \/>\n<meta property=\"og:image\" content=\"https:\/\/www.ladiagonale.net\/wp-content\/uploads\/2024\/09\/zakaria.png\" \/>\n\t<meta property=\"og:image:width\" content=\"1160\" \/>\n\t<meta property=\"og:image:height\" content=\"650\" \/>\n\t<meta property=\"og:image:type\" content=\"image\/png\" \/>\n<meta name=\"author\" content=\"Damien Dellerba\" \/>\n<meta name=\"twitter:card\" content=\"summary_large_image\" \/>\n<meta name=\"twitter:image\" content=\"https:\/\/www.ladiagonale.net\/wp-content\/uploads\/2024\/09\/zakaria.png\" \/>\n<meta name=\"twitter:label1\" content=\"\u00c9crit par\" \/>\n\t<meta name=\"twitter:data1\" content=\"Damien Dellerba\" \/>\n\t<meta name=\"twitter:label2\" content=\"Dur\u00e9e de lecture estim\u00e9e\" \/>\n\t<meta name=\"twitter:data2\" content=\"1 minute\" \/>\n<script type=\"application\/ld+json\" class=\"yoast-schema-graph\">{\"@context\":\"https:\/\/schema.org\",\"@graph\":[{\"@type\":\"WebPage\",\"@id\":\"https:\/\/www.ladiagonale.net\/index.php\/2025\/01\/28\/le-groupe-monegasque-avec-zakaria-et-caio-henrique\/\",\"url\":\"https:\/\/www.ladiagonale.net\/index.php\/2025\/01\/28\/le-groupe-monegasque-avec-zakaria-et-caio-henrique\/\",\"name\":\"Le groupe mon\u00e9gasque : avec Zakaria et Caio Henrique - La Diagonale\",\"isPartOf\":{\"@id\":\"https:\/\/www.ladiagonale.net\/#website\"},\"datePublished\":\"2025-01-28T16:16:04+00:00\",\"dateModified\":\"2025-01-28T17:28:26+00:00\",\"author\":{\"@id\":\"https:\/\/www.ladiagonale.net\/#\/schema\/person\/79ff1e7b0853ed01b2aa26e64ad300bf\"},\"breadcrumb\":{\"@id\":\"https:\/\/www.ladiagonale.net\/index.php\/2025\/01\/28\/le-groupe-monegasque-avec-zakaria-et-caio-henrique\/#breadcrumb\"},\"inLanguage\":\"fr-FR\",\"potentialAction\":[{\"@type\":\"ReadAction\",\"target\":[\"https:\/\/www.ladiagonale.net\/index.php\/2025\/01\/28\/le-groupe-monegasque-avec-zakaria-et-caio-henrique\/\"]}]},{\"@type\":\"BreadcrumbList\",\"@id\":\"https:\/\/www.ladiagonale.net\/index.php\/2025\/01\/28\/le-groupe-monegasque-avec-zakaria-et-caio-henrique\/#breadcrumb\",\"itemListElement\":[{\"@type\":\"ListItem\",\"position\":1,\"name\":\"Accueil\",\"item\":\"https:\/\/www.ladiagonale.net\/\"},{\"@type\":\"ListItem\",\"position\":2,\"name\":\"Le groupe mon\u00e9gasque : avec Zakaria et Caio Henrique\"}]},{\"@type\":\"WebSite\",\"@id\":\"https:\/\/www.ladiagonale.net\/#website\",\"url\":\"https:\/\/www.ladiagonale.net\/\",\"name\":\"La Diagonale\",\"description\":\"Le site des supporters de l&#039;AS Monaco FC\",\"potentialAction\":[{\"@type\":\"SearchAction\",\"target\":{\"@type\":\"EntryPoint\",\"urlTemplate\":\"https:\/\/www.ladiagonale.net\/?s={search_term_string}\"},\"query-input\":\"required name=search_term_string\"}],\"inLanguage\":\"fr-FR\"},{\"@type\":\"Person\",\"@id\":\"https:\/\/www.ladiagonale.net\/#\/schema\/person\/79ff1e7b0853ed01b2aa26e64ad300bf\",\"name\":\"Damien Dellerba\",\"image\":{\"@type\":\"ImageObject\",\"inLanguage\":\"fr-FR\",\"@id\":\"https:\/\/www.ladiagonale.net\/#\/schema\/person\/image\/\",\"url\":\"https:\/\/secure.gravatar.com\/avatar\/c7850e06d3ff63cdbaee88b7fc16e2f0?s=96&d=mm&r=g\",\"contentUrl\":\"https:\/\/secure.gravatar.com\/avatar\/c7850e06d3ff63cdbaee88b7fc16e2f0?s=96&d=mm&r=g\",\"caption\":\"Damien Dellerba\"},\"url\":\"https:\/\/www.ladiagonale.net\/index.php\/author\/damien\/\"}]}<\/script>\n<!-- \/ Yoast SEO plugin. -->","yoast_head_json":{"title":"Le groupe mon\u00e9gasque : avec Zakaria et Caio Henrique - La Diagonale","robots":{"index":"index","follow":"follow","max-snippet":"max-snippet:-1","max-image-preview":"max-image-preview:large","max-video-preview":"max-video-preview:-1"},"canonical":"https:\/\/www.ladiagonale.net\/index.php\/2025\/01\/28\/le-groupe-monegasque-avec-zakaria-et-caio-henrique\/","og_locale":"fr_FR","og_type":"article","og_title":"Le groupe mon\u00e9gasque : avec Zakaria et Caio Henrique - La Diagonale","og_description":"L&rsquo;AS Monaco se d\u00e9place \u00e0 Milan pour y affronter l&rsquo;Inter ce mercredi (21h) \u00e0 l&rsquo;occasion de la derni\u00e8re journ\u00e9e de la phase de ligue de la Ligue des champions. Touch\u00e9 \u00e0 une cheville contre Rennes, Denis Zakaria sera bien du voyage apr\u00e8s avoir pass\u00e9 des examens rassurants. \u00c9cart\u00e9 le week-end dernier pour cause de performances [...]","og_url":"https:\/\/www.ladiagonale.net\/index.php\/2025\/01\/28\/le-groupe-monegasque-avec-zakaria-et-caio-henrique\/","og_site_name":"La Diagonale","article_published_time":"2025-01-28T16:16:04+00:00","article_modified_time":"2025-01-28T17:28:26+00:00","og_image":[{"width":1160,"height":650,"url":"https:\/\/www.ladiagonale.net\/wp-content\/uploads\/2024\/09\/zakaria.png","type":"image\/png"}],"author":"Damien Dellerba","twitter_card":"summary_large_image","twitter_image":"https:\/\/www.ladiagonale.net\/wp-content\/uploads\/2024\/09\/zakaria.png","twitter_misc":{"\u00c9crit par":"Damien Dellerba","Dur\u00e9e de lecture estim\u00e9e":"1 minute"},"schema":{"@context":"https:\/\/schema.org","@graph":[{"@type":"WebPage","@id":"https:\/\/www.ladiagonale.net\/index.php\/2025\/01\/28\/le-groupe-monegasque-avec-zakaria-et-caio-henrique\/","url":"https:\/\/www.ladiagonale.net\/index.php\/2025\/01\/28\/le-groupe-monegasque-avec-zakaria-et-caio-henrique\/","name":"Le groupe mon\u00e9gasque : avec Zakaria et Caio Henrique - La Diagonale","isPartOf":{"@id":"https:\/\/www.ladiagonale.net\/#website"},"datePublished":"2025-01-28T16:16:04+00:00","dateModified":"2025-01-28T17:28:26+00:00","author":{"@id":"https:\/\/www.ladiagonale.net\/#\/schema\/person\/79ff1e7b0853ed01b2aa26e64ad300bf"},"breadcrumb":{"@id":"https:\/\/www.ladiagonale.net\/index.php\/2025\/01\/28\/le-groupe-monegasque-avec-zakaria-et-caio-henrique\/#breadcrumb"},"inLanguage":"fr-FR","potentialAction":[{"@type":"ReadAction","target":["https:\/\/www.ladiagonale.net\/index.php\/2025\/01\/28\/le-groupe-monegasque-avec-zakaria-et-caio-henrique\/"]}]},{"@type":"BreadcrumbList","@id":"https:\/\/www.ladiagonale.net\/index.php\/2025\/01\/28\/le-groupe-monegasque-avec-zakaria-et-caio-henrique\/#breadcrumb","itemListElement":[{"@type":"ListItem","position":1,"name":"Accueil","item":"https:\/\/www.ladiagonale.net\/"},{"@type":"ListItem","position":2,"name":"Le groupe mon\u00e9gasque : avec Zakaria et Caio Henrique"}]},{"@type":"WebSite","@id":"https:\/\/www.ladiagonale.net\/#website","url":"https:\/\/www.ladiagonale.net\/","name":"La Diagonale","description":"Le site des supporters de l&#039;AS Monaco FC","potentialAction":[{"@type":"SearchAction","target":{"@type":"EntryPoint","urlTemplate":"https:\/\/www.ladiagonale.net\/?s={search_term_string}"},"query-input":"required name=search_term_string"}],"inLanguage":"fr-FR"},{"@type":"Person","@id":"https:\/\/www.ladiagonale.net\/#\/schema\/person\/79ff1e7b0853ed01b2aa26e64ad300bf","name":"Damien Dellerba","image":{"@type":"ImageObject","inLanguage":"fr-FR","@id":"https:\/\/www.ladiagonale.net\/#\/schema\/person\/image\/","url":"https:\/\/secure.gravatar.com\/avatar\/c7850e06d3ff63cdbaee88b7fc16e2f0?s=96&d=mm&r=g","contentUrl":"https:\/\/secure.gravatar.com\/avatar\/c7850e06d3ff63cdbaee88b7fc16e2f0?s=96&d=mm&r=g","caption":"Damien Dellerba"},"url":"https:\/\/www.ladiagonale.net\/index.php\/author\/damien\/"}]}},"_links":{"self":[{"href":"https:\/\/www.ladiagonale.net\/index.php\/wp-json\/wp\/v2\/posts\/29327"}],"collection":[{"href":"https:\/\/www.ladiagonale.net\/index.php\/wp-json\/wp\/v2\/posts"}],"about":[{"href":"https:\/\/www.ladiagonale.net\/index.php\/wp-json\/wp\/v2\/types\/post"}],"author":[{"embeddable":true,"href":"https:\/\/www.ladiagonale.net\/index.php\/wp-json\/wp\/v2\/users\/2"}],"replies":[{"embeddable":true,"href":"https:\/\/www.ladiagonale.net\/index.php\/wp-json\/wp\/v2\/comments?post=29327"}],"version-history":[{"count":2,"href":"https:\/\/www.ladiagonale.net\/index.php\/wp-json\/wp\/v2\/posts\/29327\/revisions"}],"predecessor-version":[{"id":29330,"href":"https:\/\/www.ladiagonale.net\/index.php\/wp-json\/wp\/v2\/posts\/29327\/revisions\/29330"}],"wp:attachment":[{"href":"https:\/\/www.ladiagonale.net\/index.php\/wp-json\/wp\/v2\/media?parent=29327"}],"wp:term":[{"taxonomy":"category","embeddable":true,"href":"https:\/\/www.ladiagonale.net\/index.php\/wp-json\/wp\/v2\/categories?post=29327"},{"taxonomy":"post_tag","embeddable":true,"href":"https:\/\/www.ladiagonale.net\/index.php\/wp-json\/wp\/v2\/tags?post=29327"}],"curies":[{"name":"wp","href":"https:\/\/api.w.org\/{rel}","templated":true}]}}