{"id":29353,"date":"2025-01-29T13:36:33","date_gmt":"2025-01-29T12:36:33","guid":{"rendered":"https:\/\/www.ladiagonale.net\/?p=29353"},"modified":"2025-01-29T13:37:46","modified_gmt":"2025-01-29T12:37:46","slug":"le-dossier-dina-ebimbe-pas-encore-tranche","status":"publish","type":"post","link":"https:\/\/www.ladiagonale.net\/index.php\/2025\/01\/29\/le-dossier-dina-ebimbe-pas-encore-tranche\/","title":{"rendered":"Le dossier Dina Ebimbe pas encore tranch\u00e9 ?"},"content":{"rendered":"\n<p>Revirement de situation dans le dossier \u00c9ric-Junior Dina Ebimbe ? Alors que les m\u00e9dias s\u2019accordaient sur une visite m\u00e9dicale rat\u00e9e mardi, en raison d\u2019un probl\u00e8me d\u00e9tect\u00e9 \u00e0 un mollet, <em>L\u2019\u00c9quipe<\/em> r\u00e9v\u00e8le que le milieu de terrain de l\u2019Eintracht Francfort serait en train de passer des examens compl\u00e9mentaires en Principaut\u00e9, afin de d\u00e9terminer s\u2019il peut \u00eatre rapidement op\u00e9rationnel. Une d\u00e9cision finale devrait \u00eatre prise jeudi par l\u2019ASM.<\/p>\n\n\n\n<p>Le joueur de 24 ans, capable de jouer dans le c\u0153ur du jeu mais aussi sur un c\u00f4t\u00e9, \u00e9tait attendu pour un pr\u00eat payant de six mois estim\u00e9 \u00e0 un million d\u2019euros, assorti d\u2019une option d\u2019achat de 10,5 millions d\u2019euros. Il est sous contrat \u00e0 Francfort jusqu\u2019en 2029, mais n\u2019a plus jou\u00e9 depuis le mois de novembre.<\/p>\n","protected":false},"excerpt":{"rendered":"<p>Revirement de situation dans le dossier \u00c9ric-Junior Dina Ebimbe ? Alors que les m\u00e9dias s\u2019accordaient sur une visite m\u00e9dicale rat\u00e9e mardi, en raison d\u2019un probl\u00e8me d\u00e9tect\u00e9 \u00e0 un mollet, L\u2019\u00c9quipe r\u00e9v\u00e8le que le milieu de terrain de l\u2019Eintracht Francfort serait en train de passer des examens compl\u00e9mentaires en Principaut\u00e9, afin de d\u00e9terminer s\u2019il peut \u00eatre [&#8230;]\n","protected":false},"author":2,"featured_media":0,"comment_status":"closed","ping_status":"open","sticky":false,"template":"","format":"standard","meta":[],"categories":[4,6],"tags":[86,979,111,110],"yoast_head":"<!-- This site is optimized with the Yoast SEO plugin v19.8 - https:\/\/yoast.com\/wordpress\/plugins\/seo\/ -->\n<title>Le dossier Dina Ebimbe pas encore tranch\u00e9 ? - La Diagonale<\/title>\n<meta name=\"robots\" content=\"index, follow, max-snippet:-1, max-image-preview:large, max-video-preview:-1\" \/>\n<link rel=\"canonical\" href=\"https:\/\/www.ladiagonale.net\/index.php\/2025\/01\/29\/le-dossier-dina-ebimbe-pas-encore-tranche\/\" \/>\n<meta property=\"og:locale\" content=\"fr_FR\" \/>\n<meta property=\"og:type\" content=\"article\" \/>\n<meta property=\"og:title\" content=\"Le dossier Dina Ebimbe pas encore tranch\u00e9 ? - La Diagonale\" \/>\n<meta property=\"og:description\" content=\"Revirement de situation dans le dossier \u00c9ric-Junior Dina Ebimbe ? Alors que les m\u00e9dias s\u2019accordaient sur une visite m\u00e9dicale rat\u00e9e mardi, en raison d\u2019un probl\u00e8me d\u00e9tect\u00e9 \u00e0 un mollet, L\u2019\u00c9quipe r\u00e9v\u00e8le que le milieu de terrain de l\u2019Eintracht Francfort serait en train de passer des examens compl\u00e9mentaires en Principaut\u00e9, afin de d\u00e9terminer s\u2019il peut \u00eatre [...]\" \/>\n<meta property=\"og:url\" content=\"https:\/\/www.ladiagonale.net\/index.php\/2025\/01\/29\/le-dossier-dina-ebimbe-pas-encore-tranche\/\" \/>\n<meta property=\"og:site_name\" content=\"La Diagonale\" \/>\n<meta property=\"article:published_time\" content=\"2025-01-29T12:36:33+00:00\" \/>\n<meta property=\"article:modified_time\" content=\"2025-01-29T12:37:46+00:00\" \/>\n<meta property=\"og:image\" content=\"https:\/\/www.ladiagonale.net\/wp-content\/uploads\/2025\/01\/dina-ebimbe.png\" \/>\n\t<meta property=\"og:image:width\" content=\"1160\" \/>\n\t<meta property=\"og:image:height\" content=\"650\" \/>\n\t<meta property=\"og:image:type\" content=\"image\/png\" \/>\n<meta name=\"author\" content=\"Damien Dellerba\" \/>\n<meta name=\"twitter:card\" content=\"summary_large_image\" \/>\n<meta name=\"twitter:image\" content=\"https:\/\/www.ladiagonale.net\/wp-content\/uploads\/2025\/01\/dina-ebimbe.png\" \/>\n<meta name=\"twitter:label1\" content=\"\u00c9crit par\" \/>\n\t<meta name=\"twitter:data1\" content=\"Damien Dellerba\" \/>\n\t<meta name=\"twitter:label2\" content=\"Dur\u00e9e de lecture estim\u00e9e\" \/>\n\t<meta name=\"twitter:data2\" content=\"1 minute\" \/>\n<script type=\"application\/ld+json\" class=\"yoast-schema-graph\">{\"@context\":\"https:\/\/schema.org\",\"@graph\":[{\"@type\":\"WebPage\",\"@id\":\"https:\/\/www.ladiagonale.net\/index.php\/2025\/01\/29\/le-dossier-dina-ebimbe-pas-encore-tranche\/\",\"url\":\"https:\/\/www.ladiagonale.net\/index.php\/2025\/01\/29\/le-dossier-dina-ebimbe-pas-encore-tranche\/\",\"name\":\"Le dossier Dina Ebimbe pas encore tranch\u00e9 ? - La Diagonale\",\"isPartOf\":{\"@id\":\"https:\/\/www.ladiagonale.net\/#website\"},\"datePublished\":\"2025-01-29T12:36:33+00:00\",\"dateModified\":\"2025-01-29T12:37:46+00:00\",\"author\":{\"@id\":\"https:\/\/www.ladiagonale.net\/#\/schema\/person\/79ff1e7b0853ed01b2aa26e64ad300bf\"},\"breadcrumb\":{\"@id\":\"https:\/\/www.ladiagonale.net\/index.php\/2025\/01\/29\/le-dossier-dina-ebimbe-pas-encore-tranche\/#breadcrumb\"},\"inLanguage\":\"fr-FR\",\"potentialAction\":[{\"@type\":\"ReadAction\",\"target\":[\"https:\/\/www.ladiagonale.net\/index.php\/2025\/01\/29\/le-dossier-dina-ebimbe-pas-encore-tranche\/\"]}]},{\"@type\":\"BreadcrumbList\",\"@id\":\"https:\/\/www.ladiagonale.net\/index.php\/2025\/01\/29\/le-dossier-dina-ebimbe-pas-encore-tranche\/#breadcrumb\",\"itemListElement\":[{\"@type\":\"ListItem\",\"position\":1,\"name\":\"Accueil\",\"item\":\"https:\/\/www.ladiagonale.net\/\"},{\"@type\":\"ListItem\",\"position\":2,\"name\":\"Le dossier Dina Ebimbe pas encore tranch\u00e9 ?\"}]},{\"@type\":\"WebSite\",\"@id\":\"https:\/\/www.ladiagonale.net\/#website\",\"url\":\"https:\/\/www.ladiagonale.net\/\",\"name\":\"La Diagonale\",\"description\":\"Le site des supporters de l&#039;AS Monaco FC\",\"potentialAction\":[{\"@type\":\"SearchAction\",\"target\":{\"@type\":\"EntryPoint\",\"urlTemplate\":\"https:\/\/www.ladiagonale.net\/?s={search_term_string}\"},\"query-input\":\"required name=search_term_string\"}],\"inLanguage\":\"fr-FR\"},{\"@type\":\"Person\",\"@id\":\"https:\/\/www.ladiagonale.net\/#\/schema\/person\/79ff1e7b0853ed01b2aa26e64ad300bf\",\"name\":\"Damien Dellerba\",\"image\":{\"@type\":\"ImageObject\",\"inLanguage\":\"fr-FR\",\"@id\":\"https:\/\/www.ladiagonale.net\/#\/schema\/person\/image\/\",\"url\":\"https:\/\/secure.gravatar.com\/avatar\/c7850e06d3ff63cdbaee88b7fc16e2f0?s=96&d=mm&r=g\",\"contentUrl\":\"https:\/\/secure.gravatar.com\/avatar\/c7850e06d3ff63cdbaee88b7fc16e2f0?s=96&d=mm&r=g\",\"caption\":\"Damien Dellerba\"},\"url\":\"https:\/\/www.ladiagonale.net\/index.php\/author\/damien\/\"}]}<\/script>\n<!-- \/ Yoast SEO plugin. -->","yoast_head_json":{"title":"Le dossier Dina Ebimbe pas encore tranch\u00e9 ? - La Diagonale","robots":{"index":"index","follow":"follow","max-snippet":"max-snippet:-1","max-image-preview":"max-image-preview:large","max-video-preview":"max-video-preview:-1"},"canonical":"https:\/\/www.ladiagonale.net\/index.php\/2025\/01\/29\/le-dossier-dina-ebimbe-pas-encore-tranche\/","og_locale":"fr_FR","og_type":"article","og_title":"Le dossier Dina Ebimbe pas encore tranch\u00e9 ? - La Diagonale","og_description":"Revirement de situation dans le dossier \u00c9ric-Junior Dina Ebimbe ? Alors que les m\u00e9dias s\u2019accordaient sur une visite m\u00e9dicale rat\u00e9e mardi, en raison d\u2019un probl\u00e8me d\u00e9tect\u00e9 \u00e0 un mollet, L\u2019\u00c9quipe r\u00e9v\u00e8le que le milieu de terrain de l\u2019Eintracht Francfort serait en train de passer des examens compl\u00e9mentaires en Principaut\u00e9, afin de d\u00e9terminer s\u2019il peut \u00eatre [...]","og_url":"https:\/\/www.ladiagonale.net\/index.php\/2025\/01\/29\/le-dossier-dina-ebimbe-pas-encore-tranche\/","og_site_name":"La Diagonale","article_published_time":"2025-01-29T12:36:33+00:00","article_modified_time":"2025-01-29T12:37:46+00:00","og_image":[{"width":1160,"height":650,"url":"https:\/\/www.ladiagonale.net\/wp-content\/uploads\/2025\/01\/dina-ebimbe.png","type":"image\/png"}],"author":"Damien Dellerba","twitter_card":"summary_large_image","twitter_image":"https:\/\/www.ladiagonale.net\/wp-content\/uploads\/2025\/01\/dina-ebimbe.png","twitter_misc":{"\u00c9crit par":"Damien Dellerba","Dur\u00e9e de lecture estim\u00e9e":"1 minute"},"schema":{"@context":"https:\/\/schema.org","@graph":[{"@type":"WebPage","@id":"https:\/\/www.ladiagonale.net\/index.php\/2025\/01\/29\/le-dossier-dina-ebimbe-pas-encore-tranche\/","url":"https:\/\/www.ladiagonale.net\/index.php\/2025\/01\/29\/le-dossier-dina-ebimbe-pas-encore-tranche\/","name":"Le dossier Dina Ebimbe pas encore tranch\u00e9 ? - La Diagonale","isPartOf":{"@id":"https:\/\/www.ladiagonale.net\/#website"},"datePublished":"2025-01-29T12:36:33+00:00","dateModified":"2025-01-29T12:37:46+00:00","author":{"@id":"https:\/\/www.ladiagonale.net\/#\/schema\/person\/79ff1e7b0853ed01b2aa26e64ad300bf"},"breadcrumb":{"@id":"https:\/\/www.ladiagonale.net\/index.php\/2025\/01\/29\/le-dossier-dina-ebimbe-pas-encore-tranche\/#breadcrumb"},"inLanguage":"fr-FR","potentialAction":[{"@type":"ReadAction","target":["https:\/\/www.ladiagonale.net\/index.php\/2025\/01\/29\/le-dossier-dina-ebimbe-pas-encore-tranche\/"]}]},{"@type":"BreadcrumbList","@id":"https:\/\/www.ladiagonale.net\/index.php\/2025\/01\/29\/le-dossier-dina-ebimbe-pas-encore-tranche\/#breadcrumb","itemListElement":[{"@type":"ListItem","position":1,"name":"Accueil","item":"https:\/\/www.ladiagonale.net\/"},{"@type":"ListItem","position":2,"name":"Le dossier Dina Ebimbe pas encore tranch\u00e9 ?"}]},{"@type":"WebSite","@id":"https:\/\/www.ladiagonale.net\/#website","url":"https:\/\/www.ladiagonale.net\/","name":"La Diagonale","description":"Le site des supporters de l&#039;AS Monaco FC","potentialAction":[{"@type":"SearchAction","target":{"@type":"EntryPoint","urlTemplate":"https:\/\/www.ladiagonale.net\/?s={search_term_string}"},"query-input":"required name=search_term_string"}],"inLanguage":"fr-FR"},{"@type":"Person","@id":"https:\/\/www.ladiagonale.net\/#\/schema\/person\/79ff1e7b0853ed01b2aa26e64ad300bf","name":"Damien Dellerba","image":{"@type":"ImageObject","inLanguage":"fr-FR","@id":"https:\/\/www.ladiagonale.net\/#\/schema\/person\/image\/","url":"https:\/\/secure.gravatar.com\/avatar\/c7850e06d3ff63cdbaee88b7fc16e2f0?s=96&d=mm&r=g","contentUrl":"https:\/\/secure.gravatar.com\/avatar\/c7850e06d3ff63cdbaee88b7fc16e2f0?s=96&d=mm&r=g","caption":"Damien Dellerba"},"url":"https:\/\/www.ladiagonale.net\/index.php\/author\/damien\/"}]}},"_links":{"self":[{"href":"https:\/\/www.ladiagonale.net\/index.php\/wp-json\/wp\/v2\/posts\/29353"}],"collection":[{"href":"https:\/\/www.ladiagonale.net\/index.php\/wp-json\/wp\/v2\/posts"}],"about":[{"href":"https:\/\/www.ladiagonale.net\/index.php\/wp-json\/wp\/v2\/types\/post"}],"author":[{"embeddable":true,"href":"https:\/\/www.ladiagonale.net\/index.php\/wp-json\/wp\/v2\/users\/2"}],"replies":[{"embeddable":true,"href":"https:\/\/www.ladiagonale.net\/index.php\/wp-json\/wp\/v2\/comments?post=29353"}],"version-history":[{"count":4,"href":"https:\/\/www.ladiagonale.net\/index.php\/wp-json\/wp\/v2\/posts\/29353\/revisions"}],"predecessor-version":[{"id":29357,"href":"https:\/\/www.ladiagonale.net\/index.php\/wp-json\/wp\/v2\/posts\/29353\/revisions\/29357"}],"wp:attachment":[{"href":"https:\/\/www.ladiagonale.net\/index.php\/wp-json\/wp\/v2\/media?parent=29353"}],"wp:term":[{"taxonomy":"category","embeddable":true,"href":"https:\/\/www.ladiagonale.net\/index.php\/wp-json\/wp\/v2\/categories?post=29353"},{"taxonomy":"post_tag","embeddable":true,"href":"https:\/\/www.ladiagonale.net\/index.php\/wp-json\/wp\/v2\/tags?post=29353"}],"curies":[{"name":"wp","href":"https:\/\/api.w.org\/{rel}","templated":true}]}}