{"id":29514,"date":"2025-02-01T21:12:04","date_gmt":"2025-02-01T20:12:04","guid":{"rendered":"https:\/\/www.ladiagonale.net\/?p=29514"},"modified":"2025-02-02T02:37:13","modified_gmt":"2025-02-02T01:37:13","slug":"monaco-et-biereth-renversent-auxerre-4-2","status":"publish","type":"post","link":"https:\/\/www.ladiagonale.net\/index.php\/2025\/02\/01\/monaco-et-biereth-renversent-auxerre-4-2\/","title":{"rendered":"Monaco et Biereth renversent Auxerre (4-2)"},"content":{"rendered":"\n<p><strong>L\u2019AS Monaco se cherchait un buteur sur ce mercato et elle vient visiblement de mettre la main sur une petite p\u00e9pite. Auteur d\u2019un tripl\u00e9 express en seulement huit minutes, l\u2019attaquant danois a \u00e9t\u00e9 le grand artisan du succ\u00e8s mon\u00e9gasque contre Auxerre (4-2), ce samedi, \u00e0 l\u2019occasion de la 20<sup>e<\/sup> journ\u00e9e de Ligue 1.<\/strong><\/p>\n\n\n\n<p>Les Mon\u00e9gasques avaient ouvert le score une nouvelle fois gr\u00e2ce \u00e0 Thilo Kehrer, son cinqui\u00e8me de la saison toutes comp\u00e9titions confondues, sur un corner d\u00e9vi\u00e9 par Diomand\u00e9 et repris instantan\u00e9ment du gauche par le d\u00e9fenseur mon\u00e9gasque (1-0, 35<sup>e<\/sup>). Mais de fa\u00e7on inexpliqu\u00e9e, les Rouge et Blanc ont perdu le fil de cette rencontre tout de suite apr\u00e8s. Sinaly Diomand\u00e9 a \u00e9galis\u00e9 d\u2019une superbe frappe de l&rsquo;ext\u00e9rieur du pied, qui a termin\u00e9 dans la lucarne de Radoslaw Majecki (1-1, 38<sup>e<\/sup>).<\/p>\n\n\n\n<p>Une fin de mi-temps catastrophique pour l\u2019ASM, qui a en plus conc\u00e9d\u00e9 un p\u00e9nalty, \u00e0 nouveau par Zakaria comme contre l&rsquo;Inter, coupable d\u2019avoir retenu Jubal par le maillot dans la surface dans les derniers instants du premier acte. Le d\u00e9fenseur br\u00e9silien s\u2019est fait justice lui-m\u00eame mais a d\u00fb s&rsquo;y reprendre \u00e0 deux reprises. Sa premi\u00e8re tentative a \u00e9t\u00e9 repouss\u00e9e par Majecki mais le portier polonais s&rsquo;est mis en faute en s&rsquo;avan\u00e7ant de trop avant que le tir ne soit d\u00e9clench\u00e9. L&rsquo;arbitre a fait retirer ce p\u00e9nalty et cette fois, Jubal n&rsquo;a pas trembl\u00e9 (1-2, 45<sup>e<\/sup>+7). Adi H\u00fctter a proc\u00e9d\u00e9 \u00e0 trois changements pour \u00e0 la pause pour r\u00e9veiller ses troupes. <\/p>\n\n\n\n<p>Breel Embolo est notamment entr\u00e9 en jeu \u00e0 la place d&rsquo;un Aleksandr Golovin, aper\u00e7u avec une poche de glace au niveau de la cheville droite, et a pris sa part dans le retour aux affaires des Mon\u00e9gasques. Le show Biereth a d\u00e9but\u00e9 peu avant l&rsquo;heure de jeu, lorsqu&rsquo;il a conclu une action rondement men\u00e9e par son comp\u00e8re en attaque (2-2, 57<sup>e<\/sup>). Le Danois a ensuite \u00e9t\u00e9 \u00e0 la r\u00e9ception d&rsquo;un centre de Caio Henrique, qui a d\u00e9livr\u00e9 sa premi\u00e8re passe d\u00e9cisive depuis le 1er septembre et le match contre Lens (3-2, 63<sup>e<\/sup>). Trois minutes plus tard, l&rsquo;ancien du Sturm Graz se montrait opportuniste pour conclure une nouvelle action bien men\u00e9e par Embolo, qui s&rsquo;est charg\u00e9 d&rsquo;\u00e9liminer le portier auxerrois (4-2, 65<sup>e<\/sup>).<\/p>\n\n\n\n<p>Les joueurs d&rsquo;Adi H\u00fctter auraient pu enfoncer le clou mais un but, superbement construit avec un double une-deux entre Takumi Minamino et Maghnes Akliouche, conclu par le premier, a finalement \u00e9t\u00e9 refus\u00e9 pour un coup de coude involontaire sur Jubal du second. Les Mon\u00e9gasques ont ensuite tenu leur succ\u00e8s, pr\u00e9cieux, et se relancent apr\u00e8s une rencontre qui semblait d\u00e9cid\u00e9ment bien mal embarqu\u00e9e. Au classement, ils reviennent provisoirement au contact de Marseille, avec 37 points. La semaine prochaine, il faudra se montrer \u00e0 la hauteur pour affronter le PSG, qui continue son cavalier seul en t\u00eate de la L1.<\/p>\n\n\n","protected":false},"excerpt":{"rendered":"<p>L\u2019AS Monaco se cherchait un buteur sur ce mercato et elle vient visiblement de mettre la main sur une petite p\u00e9pite. Auteur d\u2019un tripl\u00e9 express en seulement huit minutes, l\u2019attaquant danois a \u00e9t\u00e9 le grand artisan du succ\u00e8s mon\u00e9gasque contre Auxerre (4-2), ce samedi, \u00e0 l\u2019occasion de la 20e journ\u00e9e de Ligue 1. Les Mon\u00e9gasques [&#8230;]\n","protected":false},"author":2,"featured_media":29515,"comment_status":"open","ping_status":"open","sticky":false,"template":"","format":"standard","meta":[],"categories":[5,6],"tags":[86,94,357],"yoast_head":"<!-- This site is optimized with the Yoast SEO plugin v19.8 - https:\/\/yoast.com\/wordpress\/plugins\/seo\/ -->\n<title>Monaco et Biereth renversent Auxerre (4-2) - La Diagonale<\/title>\n<meta name=\"robots\" content=\"index, follow, max-snippet:-1, max-image-preview:large, max-video-preview:-1\" \/>\n<link rel=\"canonical\" href=\"https:\/\/www.ladiagonale.net\/index.php\/2025\/02\/01\/monaco-et-biereth-renversent-auxerre-4-2\/\" \/>\n<meta property=\"og:locale\" content=\"fr_FR\" \/>\n<meta property=\"og:type\" content=\"article\" \/>\n<meta property=\"og:title\" content=\"Monaco et Biereth renversent Auxerre (4-2) - La Diagonale\" \/>\n<meta property=\"og:description\" content=\"L\u2019AS Monaco se cherchait un buteur sur ce mercato et elle vient visiblement de mettre la main sur une petite p\u00e9pite. Auteur d\u2019un tripl\u00e9 express en seulement huit minutes, l\u2019attaquant danois a \u00e9t\u00e9 le grand artisan du succ\u00e8s mon\u00e9gasque contre Auxerre (4-2), ce samedi, \u00e0 l\u2019occasion de la 20e journ\u00e9e de Ligue 1. Les Mon\u00e9gasques [...]\" \/>\n<meta property=\"og:url\" content=\"https:\/\/www.ladiagonale.net\/index.php\/2025\/02\/01\/monaco-et-biereth-renversent-auxerre-4-2\/\" \/>\n<meta property=\"og:site_name\" content=\"La Diagonale\" \/>\n<meta property=\"article:published_time\" content=\"2025-02-01T20:12:04+00:00\" \/>\n<meta property=\"article:modified_time\" content=\"2025-02-02T01:37:13+00:00\" \/>\n<meta property=\"og:image\" content=\"https:\/\/www.ladiagonale.net\/wp-content\/uploads\/2025\/02\/Biereth.png\" \/>\n\t<meta property=\"og:image:width\" content=\"1160\" \/>\n\t<meta property=\"og:image:height\" content=\"650\" \/>\n\t<meta property=\"og:image:type\" content=\"image\/png\" \/>\n<meta name=\"author\" content=\"Damien Dellerba\" \/>\n<meta name=\"twitter:card\" content=\"summary_large_image\" \/>\n<meta name=\"twitter:image\" content=\"https:\/\/www.ladiagonale.net\/wp-content\/uploads\/2025\/02\/Biereth.png\" \/>\n<meta name=\"twitter:label1\" content=\"\u00c9crit par\" \/>\n\t<meta name=\"twitter:data1\" content=\"Damien Dellerba\" \/>\n\t<meta name=\"twitter:label2\" content=\"Dur\u00e9e de lecture estim\u00e9e\" \/>\n\t<meta name=\"twitter:data2\" content=\"3 minutes\" \/>\n<script type=\"application\/ld+json\" class=\"yoast-schema-graph\">{\"@context\":\"https:\/\/schema.org\",\"@graph\":[{\"@type\":\"WebPage\",\"@id\":\"https:\/\/www.ladiagonale.net\/index.php\/2025\/02\/01\/monaco-et-biereth-renversent-auxerre-4-2\/\",\"url\":\"https:\/\/www.ladiagonale.net\/index.php\/2025\/02\/01\/monaco-et-biereth-renversent-auxerre-4-2\/\",\"name\":\"Monaco et Biereth renversent Auxerre (4-2) - La Diagonale\",\"isPartOf\":{\"@id\":\"https:\/\/www.ladiagonale.net\/#website\"},\"datePublished\":\"2025-02-01T20:12:04+00:00\",\"dateModified\":\"2025-02-02T01:37:13+00:00\",\"author\":{\"@id\":\"https:\/\/www.ladiagonale.net\/#\/schema\/person\/79ff1e7b0853ed01b2aa26e64ad300bf\"},\"breadcrumb\":{\"@id\":\"https:\/\/www.ladiagonale.net\/index.php\/2025\/02\/01\/monaco-et-biereth-renversent-auxerre-4-2\/#breadcrumb\"},\"inLanguage\":\"fr-FR\",\"potentialAction\":[{\"@type\":\"ReadAction\",\"target\":[\"https:\/\/www.ladiagonale.net\/index.php\/2025\/02\/01\/monaco-et-biereth-renversent-auxerre-4-2\/\"]}]},{\"@type\":\"BreadcrumbList\",\"@id\":\"https:\/\/www.ladiagonale.net\/index.php\/2025\/02\/01\/monaco-et-biereth-renversent-auxerre-4-2\/#breadcrumb\",\"itemListElement\":[{\"@type\":\"ListItem\",\"position\":1,\"name\":\"Accueil\",\"item\":\"https:\/\/www.ladiagonale.net\/\"},{\"@type\":\"ListItem\",\"position\":2,\"name\":\"Monaco et Biereth renversent Auxerre (4-2)\"}]},{\"@type\":\"WebSite\",\"@id\":\"https:\/\/www.ladiagonale.net\/#website\",\"url\":\"https:\/\/www.ladiagonale.net\/\",\"name\":\"La Diagonale\",\"description\":\"Le site des supporters de l&#039;AS Monaco FC\",\"potentialAction\":[{\"@type\":\"SearchAction\",\"target\":{\"@type\":\"EntryPoint\",\"urlTemplate\":\"https:\/\/www.ladiagonale.net\/?s={search_term_string}\"},\"query-input\":\"required name=search_term_string\"}],\"inLanguage\":\"fr-FR\"},{\"@type\":\"Person\",\"@id\":\"https:\/\/www.ladiagonale.net\/#\/schema\/person\/79ff1e7b0853ed01b2aa26e64ad300bf\",\"name\":\"Damien Dellerba\",\"image\":{\"@type\":\"ImageObject\",\"inLanguage\":\"fr-FR\",\"@id\":\"https:\/\/www.ladiagonale.net\/#\/schema\/person\/image\/\",\"url\":\"https:\/\/secure.gravatar.com\/avatar\/c7850e06d3ff63cdbaee88b7fc16e2f0?s=96&d=mm&r=g\",\"contentUrl\":\"https:\/\/secure.gravatar.com\/avatar\/c7850e06d3ff63cdbaee88b7fc16e2f0?s=96&d=mm&r=g\",\"caption\":\"Damien Dellerba\"},\"url\":\"https:\/\/www.ladiagonale.net\/index.php\/author\/damien\/\"}]}<\/script>\n<!-- \/ Yoast SEO plugin. -->","yoast_head_json":{"title":"Monaco et Biereth renversent Auxerre (4-2) - La Diagonale","robots":{"index":"index","follow":"follow","max-snippet":"max-snippet:-1","max-image-preview":"max-image-preview:large","max-video-preview":"max-video-preview:-1"},"canonical":"https:\/\/www.ladiagonale.net\/index.php\/2025\/02\/01\/monaco-et-biereth-renversent-auxerre-4-2\/","og_locale":"fr_FR","og_type":"article","og_title":"Monaco et Biereth renversent Auxerre (4-2) - La Diagonale","og_description":"L\u2019AS Monaco se cherchait un buteur sur ce mercato et elle vient visiblement de mettre la main sur une petite p\u00e9pite. Auteur d\u2019un tripl\u00e9 express en seulement huit minutes, l\u2019attaquant danois a \u00e9t\u00e9 le grand artisan du succ\u00e8s mon\u00e9gasque contre Auxerre (4-2), ce samedi, \u00e0 l\u2019occasion de la 20e journ\u00e9e de Ligue 1. Les Mon\u00e9gasques [...]","og_url":"https:\/\/www.ladiagonale.net\/index.php\/2025\/02\/01\/monaco-et-biereth-renversent-auxerre-4-2\/","og_site_name":"La Diagonale","article_published_time":"2025-02-01T20:12:04+00:00","article_modified_time":"2025-02-02T01:37:13+00:00","og_image":[{"width":1160,"height":650,"url":"https:\/\/www.ladiagonale.net\/wp-content\/uploads\/2025\/02\/Biereth.png","type":"image\/png"}],"author":"Damien Dellerba","twitter_card":"summary_large_image","twitter_image":"https:\/\/www.ladiagonale.net\/wp-content\/uploads\/2025\/02\/Biereth.png","twitter_misc":{"\u00c9crit par":"Damien Dellerba","Dur\u00e9e de lecture estim\u00e9e":"3 minutes"},"schema":{"@context":"https:\/\/schema.org","@graph":[{"@type":"WebPage","@id":"https:\/\/www.ladiagonale.net\/index.php\/2025\/02\/01\/monaco-et-biereth-renversent-auxerre-4-2\/","url":"https:\/\/www.ladiagonale.net\/index.php\/2025\/02\/01\/monaco-et-biereth-renversent-auxerre-4-2\/","name":"Monaco et Biereth renversent Auxerre (4-2) - La Diagonale","isPartOf":{"@id":"https:\/\/www.ladiagonale.net\/#website"},"datePublished":"2025-02-01T20:12:04+00:00","dateModified":"2025-02-02T01:37:13+00:00","author":{"@id":"https:\/\/www.ladiagonale.net\/#\/schema\/person\/79ff1e7b0853ed01b2aa26e64ad300bf"},"breadcrumb":{"@id":"https:\/\/www.ladiagonale.net\/index.php\/2025\/02\/01\/monaco-et-biereth-renversent-auxerre-4-2\/#breadcrumb"},"inLanguage":"fr-FR","potentialAction":[{"@type":"ReadAction","target":["https:\/\/www.ladiagonale.net\/index.php\/2025\/02\/01\/monaco-et-biereth-renversent-auxerre-4-2\/"]}]},{"@type":"BreadcrumbList","@id":"https:\/\/www.ladiagonale.net\/index.php\/2025\/02\/01\/monaco-et-biereth-renversent-auxerre-4-2\/#breadcrumb","itemListElement":[{"@type":"ListItem","position":1,"name":"Accueil","item":"https:\/\/www.ladiagonale.net\/"},{"@type":"ListItem","position":2,"name":"Monaco et Biereth renversent Auxerre (4-2)"}]},{"@type":"WebSite","@id":"https:\/\/www.ladiagonale.net\/#website","url":"https:\/\/www.ladiagonale.net\/","name":"La Diagonale","description":"Le site des supporters de l&#039;AS Monaco FC","potentialAction":[{"@type":"SearchAction","target":{"@type":"EntryPoint","urlTemplate":"https:\/\/www.ladiagonale.net\/?s={search_term_string}"},"query-input":"required name=search_term_string"}],"inLanguage":"fr-FR"},{"@type":"Person","@id":"https:\/\/www.ladiagonale.net\/#\/schema\/person\/79ff1e7b0853ed01b2aa26e64ad300bf","name":"Damien Dellerba","image":{"@type":"ImageObject","inLanguage":"fr-FR","@id":"https:\/\/www.ladiagonale.net\/#\/schema\/person\/image\/","url":"https:\/\/secure.gravatar.com\/avatar\/c7850e06d3ff63cdbaee88b7fc16e2f0?s=96&d=mm&r=g","contentUrl":"https:\/\/secure.gravatar.com\/avatar\/c7850e06d3ff63cdbaee88b7fc16e2f0?s=96&d=mm&r=g","caption":"Damien Dellerba"},"url":"https:\/\/www.ladiagonale.net\/index.php\/author\/damien\/"}]}},"_links":{"self":[{"href":"https:\/\/www.ladiagonale.net\/index.php\/wp-json\/wp\/v2\/posts\/29514"}],"collection":[{"href":"https:\/\/www.ladiagonale.net\/index.php\/wp-json\/wp\/v2\/posts"}],"about":[{"href":"https:\/\/www.ladiagonale.net\/index.php\/wp-json\/wp\/v2\/types\/post"}],"author":[{"embeddable":true,"href":"https:\/\/www.ladiagonale.net\/index.php\/wp-json\/wp\/v2\/users\/2"}],"replies":[{"embeddable":true,"href":"https:\/\/www.ladiagonale.net\/index.php\/wp-json\/wp\/v2\/comments?post=29514"}],"version-history":[{"count":6,"href":"https:\/\/www.ladiagonale.net\/index.php\/wp-json\/wp\/v2\/posts\/29514\/revisions"}],"predecessor-version":[{"id":29566,"href":"https:\/\/www.ladiagonale.net\/index.php\/wp-json\/wp\/v2\/posts\/29514\/revisions\/29566"}],"wp:featuredmedia":[{"embeddable":true,"href":"https:\/\/www.ladiagonale.net\/index.php\/wp-json\/wp\/v2\/media\/29515"}],"wp:attachment":[{"href":"https:\/\/www.ladiagonale.net\/index.php\/wp-json\/wp\/v2\/media?parent=29514"}],"wp:term":[{"taxonomy":"category","embeddable":true,"href":"https:\/\/www.ladiagonale.net\/index.php\/wp-json\/wp\/v2\/categories?post=29514"},{"taxonomy":"post_tag","embeddable":true,"href":"https:\/\/www.ladiagonale.net\/index.php\/wp-json\/wp\/v2\/tags?post=29514"}],"curies":[{"name":"wp","href":"https:\/\/api.w.org\/{rel}","templated":true}]}}